{"id":2800,"date":"2024-12-06T12:22:15","date_gmt":"2024-12-06T15:22:15","guid":{"rendered":"https:\/\/blogs.correiobraziliense.com.br\/coletivo-filhas-da-mae\/?p=2800"},"modified":"2024-12-06T12:55:42","modified_gmt":"2024-12-06T15:55:42","slug":"brasil-entra-no-mapa-dos-cuidados","status":"publish","type":"post","link":"https:\/\/blogs.correiobraziliense.com.br\/coletivo-filhas-da-mae\/2024\/12\/06\/brasil-entra-no-mapa-dos-cuidados\/","title":{"rendered":"Brasil Entra no Mapa dos Cuidados"},"content":{"rendered":"<p>Cosette Castro<\/p>\n<p>Bras\u00edlia &#8211; Hoje \u00e9 dia de seguir comemorando a aprova\u00e7\u00e3o da Pol\u00edtica Nacional de Cuidados que ocorreu ontem, 05\/12, no Senado Federal. Um acontecimento hist\u00f3rico.<\/p>\n<p>Pela primeira vez o Brasil vai ter uma lei que garante o direito a cuidar, a ser cuidada e ao autocuidado. E que reconhece o cuidado como trabalho.\u00a0Um trabalho invis\u00edvel realizado majoritariamente por mulheres, sejam elas cuidadoras familiares que trabalham sem remunera\u00e7\u00e3o, sejam elas cuidadoras remuneradas.<\/p>\n<p>Ontem estive presente na aprova\u00e7\u00e3o do Projeto Lei sobre a Pol\u00edtica Nacional de Cuidados, cuja relatoria foi do Senador Paulo Paim (PT\/RS).\u00a0Da para imaginar a emo\u00e7\u00e3o?<\/p>\n<p>Estava l\u00e1 em cima, na galeria. No Senado, por medida de seguran\u00e7a, o p\u00fablico que entra na galeria n\u00e3o pode levar nada, nem bolsa, celular ou \u00e1gua. Era s\u00f3 eu l\u00e1 em cima. Literalmente. Mas\u00a0 dentro de mim, a galeria estava cheia de mulheres. De todas as ra\u00e7as, idades, identidades de g\u00eanero, classes sociais e territ\u00f3rios.<\/p>\n<p>Me senti uma gigante. Estava representando os movimentos sociais, em especial os movimentos de mulheres de todo o pa\u00eds.<\/p>\n<p>Me senti acompanhada da for\u00e7a das que n\u00e3o puderam estar l\u00e1 naquele momento, mas que constru\u00edram as reflex\u00f5es, debates, encontros, estudos, que estiveram e est\u00e3o nas ruas, que participaram da consulta p\u00fablica, que propuseram pol\u00edticas p\u00fablicas e leis ao\u00a0longo\u00a0dos\u00a0anos. Tamb\u00e9m estava acompanhada das cuidadoras familiares que cuidam na invisibilidade com sobercarga f\u00edsica e emocional, que est\u00e3o empobrecidas, endividadas e esgotadas.<\/p>\n<p>Quando foi declarada a aprova\u00e7\u00e3o, fiquei de p\u00e9, pulei e bati palmas. Logo veio uma guarda dizendo que precisava ficar sentada, quieta, sem poder falar. L\u00e1 embaixo, as representantes dos Minist\u00e9rios j\u00e1 se preparavam para a foto oficial.<\/p>\n<p>Foi quando gritei l\u00e1 de cima, para a Coordena\u00e7\u00e3o da Mesa do Senado: &#8220;E os Movimentos Sociais n\u00e3o v\u00e3o sair na foto?&#8221; Do alto dos meus 1,54, uma gigante rodeda por gera\u00e7\u00f5es de mulheres, recebi autoriza\u00e7\u00e3o para descer. Tive que passar por v\u00e1rias burocracias at\u00e9 chegar no Plen\u00e1rio. Mas cheguei.<\/p>\n<p><img loading=\"lazy\" decoding=\"async\" class=\"size-medium wp-image-2802 aligncenter\" src=\"https:\/\/blogs.correiobraziliense.com.br\/coletivo-filhas-da-mae\/wp-content\/uploads\/sites\/60\/2024\/12\/Foto-Entrando-plenario-Senado-2-240x300.jpg\" alt=\"\" width=\"240\" height=\"300\" srcset=\"https:\/\/blogs.correiobraziliense.com.br\/coletivo-filhas-da-mae\/wp-content\/uploads\/sites\/60\/2024\/12\/Foto-Entrando-plenario-Senado-2-240x300.jpg 240w, https:\/\/blogs.correiobraziliense.com.br\/coletivo-filhas-da-mae\/wp-content\/uploads\/sites\/60\/2024\/12\/Foto-Entrando-plenario-Senado-2-768x960.jpg 768w, https:\/\/blogs.correiobraziliense.com.br\/coletivo-filhas-da-mae\/wp-content\/uploads\/sites\/60\/2024\/12\/Foto-Entrando-plenario-Senado-2-819x1024.jpg 819w, https:\/\/blogs.correiobraziliense.com.br\/coletivo-filhas-da-mae\/wp-content\/uploads\/sites\/60\/2024\/12\/Foto-Entrando-plenario-Senado-2-800x1000.jpg 800w, https:\/\/blogs.correiobraziliense.com.br\/coletivo-filhas-da-mae\/wp-content\/uploads\/sites\/60\/2024\/12\/Foto-Entrando-plenario-Senado-2-550x688.jpg 550w, https:\/\/blogs.correiobraziliense.com.br\/coletivo-filhas-da-mae\/wp-content\/uploads\/sites\/60\/2024\/12\/Foto-Entrando-plenario-Senado-2-230x288.jpg 230w, https:\/\/blogs.correiobraziliense.com.br\/coletivo-filhas-da-mae\/wp-content\/uploads\/sites\/60\/2024\/12\/Foto-Entrando-plenario-Senado-2.jpg 888w\" sizes=\"auto, (max-width: 240px) 100vw, 240px\" \/><\/p>\n<p>Ao fundo, de bra\u00e7os para cima chegando no Plen\u00e1rio<\/p>\n<p>Enquanto escrevo este texto, me emociono outra vez.\u00a0A princ\u00edpio pode parecer pouco\u00a0garantir presen\u00e7a na foto. Mas n\u00e3o \u00e9.<\/p>\n<p>As representantes do Governo Federal simbolizaram os 20 Minist\u00e9rios que trabalharam em conjunto por mais de ano para construir o Projeto de Lei e dois Senadores representaram todo o Senado. Os movimentos sociais que pleiteram uma Pol\u00edtica Nacional de Cuidados e um Plano Nacional de Cuidados tamb\u00e9m estavam presentes.<\/p>\n<p>S\u00e3o elas que foram \u00e0s ruas e h\u00e1 anos afirmam em alto e bom tom que cuidado n\u00e3o remunerado \u00e9 trabalho. \u00c9 um trabalho gratuito que traz economia para o Estado ao n\u00e3o se corresponsabilizar pelo cuidado da popula\u00e7\u00e3o. A Pol\u00edtica Nacional de Cuidados chega para reparar essa desigualdade de g\u00eanero e de ra\u00e7a.<\/p>\n<p>A Lei, que vai agora para san\u00e7\u00e3o presidencial, estabelece que o cuidado \u00e9 um direito de todas as pessoas, com responsabilidade compartilhada entre fam\u00edlias, comunidade, setor privado e governos. Ou seja, \u00e9 uma responsabilidade coletiva.<\/p>\n<p>A nova lei\u00a0 vai priorizar os grupos que mais precisam de cuidados. Entre eles pessoas idosas, pessoas com defici\u00eancia e crian\u00e7as. Tamb\u00e9m considera como p\u00fablicos priori\u00e1rios as pessoas que cuidam gratuitamente e as pessoas que cuidam profissionalmente. Em se tratando de cuidado remunerado, a nova lei\u00a0 quer garantir o trabalho decente para quem cuida.<\/p>\n<p>Depois da san\u00e7\u00e3o\u00b4presidencial, ainda h\u00e1 muito trabalho pela frente como a constru\u00e7\u00e3o do Plano Nacional de Cuidados com metas e or\u00e7amento definidos.\u00a0 Precisa garantir a aprova\u00e7\u00e3o da PEC 14, que inclui na Constitui\u00e7\u00e3o o cuidado como um direito humano ao lado dos direitos \u00e0 educa\u00e7\u00e3o e \u00e0 sa\u00fade. E incentivar os homens a assumir a\u00a0 corresponsabilidade do cuidado. Dentro e fora de casa.<\/p>\n<p>No m\u00eas em que comemora cinco anos de exist\u00eancia, o Coletivo Filhas da M\u00e3e considera que mais um passo para construir uma Sociedade do Cuidado foi dado neste 05 de dezembro. E n\u00f3s estivemos l\u00e1!<\/p>\n<p>&nbsp;<\/p>\n","protected":false},"excerpt":{"rendered":"<p>Cosette Castro Bras\u00edlia &#8211; Hoje \u00e9 dia de seguir comemorando a aprova\u00e7\u00e3o da Pol\u00edtica Nacional de Cuidados que ocorreu ontem, 05\/12, no Senado Federal. Um acontecimento hist\u00f3rico. Pela primeira vez o Brasil vai ter uma lei que garante o direito a cuidar, a ser cuidada e ao autocuidado. E que reconhece o cuidado como trabalho.\u00a0Um trabalho invis\u00edvel realizado majoritariamente por [&hellip;]<\/p>\n","protected":false},"author":126,"featured_media":0,"comment_status":"open","ping_status":"open","sticky":false,"template":"","format":"standard","meta":{"footnotes":""},"categories":[1],"tags":[],"class_list":["post-2800","post","type-post","status-publish","format-standard","hentry","category-sem-categoria"],"_links":{"self":[{"href":"https:\/\/blogs.correiobraziliense.com.br\/coletivo-filhas-da-mae\/wp-json\/wp\/v2\/posts\/2800","targetHints":{"allow":["GET"]}}],"collection":[{"href":"https:\/\/blogs.correiobraziliense.com.br\/coletivo-filhas-da-mae\/wp-json\/wp\/v2\/posts"}],"about":[{"href":"https:\/\/blogs.correiobraziliense.com.br\/coletivo-filhas-da-mae\/wp-json\/wp\/v2\/types\/post"}],"author":[{"embeddable":true,"href":"https:\/\/blogs.correiobraziliense.com.br\/coletivo-filhas-da-mae\/wp-json\/wp\/v2\/users\/126"}],"replies":[{"embeddable":true,"href":"https:\/\/blogs.correiobraziliense.com.br\/coletivo-filhas-da-mae\/wp-json\/wp\/v2\/comments?post=2800"}],"version-history":[{"count":8,"href":"https:\/\/blogs.correiobraziliense.com.br\/coletivo-filhas-da-mae\/wp-json\/wp\/v2\/posts\/2800\/revisions"}],"predecessor-version":[{"id":2810,"href":"https:\/\/blogs.correiobraziliense.com.br\/coletivo-filhas-da-mae\/wp-json\/wp\/v2\/posts\/2800\/revisions\/2810"}],"wp:attachment":[{"href":"https:\/\/blogs.correiobraziliense.com.br\/coletivo-filhas-da-mae\/wp-json\/wp\/v2\/media?parent=2800"}],"wp:term":[{"taxonomy":"category","embeddable":true,"href":"https:\/\/blogs.correiobraziliense.com.br\/coletivo-filhas-da-mae\/wp-json\/wp\/v2\/categories?post=2800"},{"taxonomy":"post_tag","embeddable":true,"href":"https:\/\/blogs.correiobraziliense.com.br\/coletivo-filhas-da-mae\/wp-json\/wp\/v2\/tags?post=2800"}],"curies":[{"name":"wp","href":"https:\/\/api.w.org\/{rel}","templated":true}]}}