{"id":2727,"date":"2024-11-08T09:29:37","date_gmt":"2024-11-08T12:29:37","guid":{"rendered":"https:\/\/blogs.correiobraziliense.com.br\/coletivo-filhas-da-mae\/?p=2727"},"modified":"2024-11-08T14:01:49","modified_gmt":"2024-11-08T17:01:49","slug":"o-quarto-ao-lado-de-todos-nos","status":"publish","type":"post","link":"https:\/\/blogs.correiobraziliense.com.br\/coletivo-filhas-da-mae\/2024\/11\/08\/o-quarto-ao-lado-de-todos-nos\/","title":{"rendered":"O Quarto ao Lado de Todos N\u00f3s"},"content":{"rendered":"<p>Cosette Castro<\/p>\n<p>Bras\u00edlia &#8211; Em tempos de nega\u00e7\u00e3o constante da morte, o filme O Quarto ao Lado, de Pedro Almodovar, \u00e9 um delicado convite para encarar de frente a finitude.<\/p>\n<p>O cineasta espanhol ficou conhecido por seus filmes passionais, dram\u00e1ticos, que cont\u00eam um humor pr\u00f3prio em meio a viol\u00eancias e segredos familiares. Em sua maturidade, ele apresenta ao mundo mais uma obra de arte.<\/p>\n<p>Almodovar presenteia as audi\u00eancias com uma ode \u00e0 vida com dignidade, \u00e0 amizade e ao amor fraterno em meio a morte.<\/p>\n<p>O filme \u00e9 a primeira obra do diretor, roteirista e ator rodada nos Estados Unidos. Mais especificamente em Nova Iorque. Embora seja protagonizado por Julianne Moore (Ingrid) e Tilda Swinton (Martha) e conte com a presen\u00e7a de um desencantado John Turturro (Damian), o filme est\u00e1 rodeado pela presen\u00e7a de atores espanh\u00f3is.<\/p>\n<p>Aos 75 anos, Almodovar mostra um filme mais comedido, como o tema exige, e ao mesmo tempo, impec\u00e1vel. N\u00e3o h\u00e1 uma cena, di\u00e1logo ou m\u00fasica a mais na obra de 1h e 47 minutos. Ao mesmo tempo possui profundidade dram\u00e1tica e a for\u00e7a da atua\u00e7\u00e3o de duas atrizes impec\u00e1veis.<\/p>\n<p>O diretor arrebata as audi\u00eancias com deliciosas cenas de Nova Iorque e com as cores e tons do inverno, a esta\u00e7\u00e3o da introspec\u00e7\u00e3o e do recolhimento. Apesar de se tratar de um tema que gera debates, Almodovar \u00e9 conciso. Em nenhum momento resvala. N\u00e3o h\u00e1 excessos.<\/p>\n<p>Baseado no livro O que Voc\u00ea Est\u00e1 Enfrentando da respeitada escritora estadunidense Sigrid Nunez, o filme vai al\u00e9m da reflex\u00e3o sobre a morte individual. Aponta tamb\u00e9m para a morte da natureza e da vida como a conhecemos em consequencia da crise clim\u00e1tica.<\/p>\n<p>H\u00e1 outras camadas no filme. Indiretamente Almodovar nos lembra da morte do sonho de paz e amor no pa\u00eds mais b\u00e9lico do mundo.<\/p>\n<p>O diretor leva \u00e0s audi\u00eancias literalmente de volta a Woodstock, no estado de Nova Iorque, onde, em 1969, aconteceu o mais emblem\u00e1tico festival de m\u00fasica dos Estados Unidos. E o faz sem uma \u00fanica refer\u00eancia ao tema.<\/p>\n<p>O festival, que mudou os rumos da m\u00fasica mundial, reuniu mais de 400 mil pessoas durante quatro dias. Em tempos de guerra do Vietnan, elas celebraram a toler\u00e2ncia, o amor e a solidariedade em um pa\u00eds que estimula diariamente o individualismo, a competi\u00e7\u00e3o e a meritocracia.<\/p>\n<p>O filme por sua vez refor\u00e7a a import\u00e2ncia das rela\u00e7\u00f5es de amizade no decorrer da vida. Trata de rela\u00e7\u00f5es dif\u00edceis entre m\u00e3es e filhas sem colocar panos quentes. E mostra a import\u00e2ncia de contar com pessoas amigas em nossos momentos mais desafiadores, inclusive na morte. Do lado de quem fica, descortina a for\u00e7a da amorosidade ultrapassando medos e d\u00favidas.<\/p>\n<p>Aparentemente o tema da obra \u00e9 a eutan\u00e1sia. No entanto, seria uma l\u00e1stima relegar o filme apenas \u00e0 discuss\u00e3o \u00e9tico-religiosa ou jur\u00eddica. A obra de Almodovar fala fundo sobre a vida e sobre a finitude. E, sobretudo sobre o direito \u00e0 dignidade em todas as fases da vida, inclusive no momento da morte.<\/p>\n<p>O diretor espanhol nos mostra a vida em meio a morte anunciada. E o faz com delicadezas, como o colorido das roupas de Martha, uma jornalista que passou a vida em meio a morte,\u00a0 fazendo coberturas de guerra. Uma mulher que decide como lidar com a sua pr\u00f3pria guerra vivendo da melhor maneira poss\u00edvel os \u00faltimos momentos.<\/p>\n<p>PS: Esse n\u00e3o \u00e9 um tema f\u00e1cil para quem cuida de um familiar com\u00a0 doen\u00e7a sem cura, com as dem\u00eancias,\u00a0 s\u00edndrome neurodegenerativa progressiva que tira do paciente o bem mais precioso: a mem\u00f3ria. Ainda assim, merece\u00a0ser\u00a0assistido.<\/p>\n<p>PS 2: Sim, o filme pode causar desconforto. Mas a personagem de Julianne Moore representa todas pessoas que amam a vida e sentem medo frente a um tema t\u00e3o dif\u00edcil e pouco falado.<\/p>\n","protected":false},"excerpt":{"rendered":"<p>Cosette Castro Bras\u00edlia &#8211; Em tempos de nega\u00e7\u00e3o constante da morte, o filme O Quarto ao Lado, de Pedro Almodovar, \u00e9 um delicado convite para encarar de frente a finitude. O cineasta espanhol ficou conhecido por seus filmes passionais, dram\u00e1ticos, que cont\u00eam um humor pr\u00f3prio em meio a viol\u00eancias e segredos familiares. Em sua maturidade, ele apresenta ao mundo mais [&hellip;]<\/p>\n","protected":false},"author":126,"featured_media":0,"comment_status":"open","ping_status":"open","sticky":false,"template":"","format":"standard","meta":{"footnotes":""},"categories":[35],"tags":[2,1354,620,1356,1355,1353,1357,1358],"class_list":["post-2727","post","type-post","status-publish","format-standard","hentry","category-cuidado","tag-cuidado","tag-eutanasia","tag-finitude","tag-julianne-moore","tag-o-quarto-ao-lado-de-todos-nos","tag-pedro-almodovar","tag-sigrid-nunez","tag-tilda-swinton"],"_links":{"self":[{"href":"https:\/\/blogs.correiobraziliense.com.br\/coletivo-filhas-da-mae\/wp-json\/wp\/v2\/posts\/2727","targetHints":{"allow":["GET"]}}],"collection":[{"href":"https:\/\/blogs.correiobraziliense.com.br\/coletivo-filhas-da-mae\/wp-json\/wp\/v2\/posts"}],"about":[{"href":"https:\/\/blogs.correiobraziliense.com.br\/coletivo-filhas-da-mae\/wp-json\/wp\/v2\/types\/post"}],"author":[{"embeddable":true,"href":"https:\/\/blogs.correiobraziliense.com.br\/coletivo-filhas-da-mae\/wp-json\/wp\/v2\/users\/126"}],"replies":[{"embeddable":true,"href":"https:\/\/blogs.correiobraziliense.com.br\/coletivo-filhas-da-mae\/wp-json\/wp\/v2\/comments?post=2727"}],"version-history":[{"count":11,"href":"https:\/\/blogs.correiobraziliense.com.br\/coletivo-filhas-da-mae\/wp-json\/wp\/v2\/posts\/2727\/revisions"}],"predecessor-version":[{"id":2738,"href":"https:\/\/blogs.correiobraziliense.com.br\/coletivo-filhas-da-mae\/wp-json\/wp\/v2\/posts\/2727\/revisions\/2738"}],"wp:attachment":[{"href":"https:\/\/blogs.correiobraziliense.com.br\/coletivo-filhas-da-mae\/wp-json\/wp\/v2\/media?parent=2727"}],"wp:term":[{"taxonomy":"category","embeddable":true,"href":"https:\/\/blogs.correiobraziliense.com.br\/coletivo-filhas-da-mae\/wp-json\/wp\/v2\/categories?post=2727"},{"taxonomy":"post_tag","embeddable":true,"href":"https:\/\/blogs.correiobraziliense.com.br\/coletivo-filhas-da-mae\/wp-json\/wp\/v2\/tags?post=2727"}],"curies":[{"name":"wp","href":"https:\/\/api.w.org\/{rel}","templated":true}]}}