{"id":2709,"date":"2024-11-01T11:32:35","date_gmt":"2024-11-01T14:32:35","guid":{"rendered":"https:\/\/blogs.correiobraziliense.com.br\/coletivo-filhas-da-mae\/?p=2709"},"modified":"2024-11-01T11:47:41","modified_gmt":"2024-11-01T14:47:41","slug":"enfim-a-justica-chegou","status":"publish","type":"post","link":"https:\/\/blogs.correiobraziliense.com.br\/coletivo-filhas-da-mae\/2024\/11\/01\/enfim-a-justica-chegou\/","title":{"rendered":"Enfim a Justi\u00e7a Chegou"},"content":{"rendered":"<p>Cosette Castro<\/p>\n<p>Bras\u00edlia &#8211; Seis anos, sete meses e 17 dias. A Justi\u00e7a \u00e9 lenta, \u00e9 cega, \u00e9 burra, \u00e9 injusta, \u00e9 errada, \u00e9 torta, mas chega.<\/p>\n<p>Esse foi o tempo que demorou para que os assassinos da vereadora Marielle Franco (PSOL\/RJ) e do motorista Anderson Gomes fossem punidos pela justi\u00e7a atrav\u00e9s de juri popular.<\/p>\n<p>A frase da ju\u00edza Julia Glioche sobre a justi\u00e7a vai ficar na mem\u00f3ria da popula\u00e7\u00e3o\u00a0 brasileira. Ela n\u00e3o reduz a dor da fam\u00edlia, mas traz repara\u00e7\u00e3o a um crime de <a href=\"https:\/\/www.youtube.com\/watch?v=azckebJj8HU&amp;list=PLljYw1P54c4zy5aCGyu2Ks9dpkZ4I7dYp\">viol\u00eancia pol\u00edtica de g\u00eanero<\/a>\u00a0 que teve ampla mobiliza\u00e7\u00e3o nacional e repercuss\u00e3o internacional. Foi mais\u00a0 uma viol\u00eancia contra as mulheres, desta vez uma pol\u00edtica mulher, no pa\u00eds onde o n\u00famero de feminic\u00eddios chegou a 1.463 casos em 2023.<\/p>\n<p>Marielle Franco, a quinta vereadora mais votada do Rio de Janeiro nas elei\u00e7\u00f5es de 2017, era uma mulher negra, soci\u00f3loga, ativista e l\u00e9sbica, que cresceu na favela da Mar\u00e9. Ela lutou contra as injusti\u00e7as sociais e denunciou o abuso de autoridade policial contra moradores de comunidades carentes.\u00a0 Marielle lutou contra pessoas que acreditam estar acima da lei. N\u00e3o est\u00e3o.<\/p>\n<p>Justi\u00e7a seria Marielle e Anderson estarem vivos. Mas eles foram assassinados a tiros em plena luz do dia no centro do Rio de Janeiro. Ainda falta julgar os mandantes,\u00a0 os im\u00e3os Domingos e Chiquinho Braz\u00e3o e o delegado Rivaldo Barbosa, presos desde mar\u00e7o de 2024. E falta coibir a viol\u00eancia policial praticada contra a popula\u00e7\u00e3o mais fragilizada, em especial a juventude negra em todo o pa\u00eds.<\/p>\n<p><img loading=\"lazy\" decoding=\"async\" class=\" wp-image-2711 aligncenter\" src=\"https:\/\/blogs.correiobraziliense.com.br\/coletivo-filhas-da-mae\/wp-content\/uploads\/sites\/60\/2024\/11\/marielle-franco-265x300.jpg\" alt=\"\" width=\"224\" height=\"254\" srcset=\"https:\/\/blogs.correiobraziliense.com.br\/coletivo-filhas-da-mae\/wp-content\/uploads\/sites\/60\/2024\/11\/marielle-franco-265x300.jpg 265w, https:\/\/blogs.correiobraziliense.com.br\/coletivo-filhas-da-mae\/wp-content\/uploads\/sites\/60\/2024\/11\/marielle-franco-768x870.jpg 768w, https:\/\/blogs.correiobraziliense.com.br\/coletivo-filhas-da-mae\/wp-content\/uploads\/sites\/60\/2024\/11\/marielle-franco-904x1024.jpg 904w, https:\/\/blogs.correiobraziliense.com.br\/coletivo-filhas-da-mae\/wp-content\/uploads\/sites\/60\/2024\/11\/marielle-franco-800x907.jpg 800w, https:\/\/blogs.correiobraziliense.com.br\/coletivo-filhas-da-mae\/wp-content\/uploads\/sites\/60\/2024\/11\/marielle-franco-550x623.jpg 550w, https:\/\/blogs.correiobraziliense.com.br\/coletivo-filhas-da-mae\/wp-content\/uploads\/sites\/60\/2024\/11\/marielle-franco-230x261.jpg 230w, https:\/\/blogs.correiobraziliense.com.br\/coletivo-filhas-da-mae\/wp-content\/uploads\/sites\/60\/2024\/11\/marielle-franco.jpg 1412w\" sizes=\"auto, (max-width: 224px) 100vw, 224px\" \/><\/p>\n<p style=\"text-align: center\">Foto Bernardo Guerreiro &#8211; M\u00eddia Ninja<\/p>\n<div class=\"bbc-19j92fr ebmt73l0\" dir=\"ltr\">\n<p dir=\"ltr\">Entre 2021 e 2023, o Brasil registrou a morte violenta intencional de 15.101 crian\u00e7as e adolescentes, com uma m\u00e9dia de 13,5 mortes por dia no ano passado. Jovens negros representam o maior n\u00famero de v\u00edtimas e\u00a0 a faixa entre os 15 a 19 anos \u00e9 a mais atingida. Garotos somam 92,4% das mortes, contra 7,6% das meninas. E 83,6% dos jovens mortos s\u00e3o da ra\u00e7a negra, contra 16% da ra\u00e7a branca. Ou seja, as mortes est\u00e3o relacionadas \u00e0 viol\u00eancia racial no pa\u00eds.<\/p>\n<p>Os dados s\u00e3o do <a href=\"https:\/\/www.unicef.org\/brazil\/media\/30071\/file\/panorama-violencia-letal-sexual-contra-criancas-adolescentes-no-brasil-v04%20(003).pdf.pdf\" target=\"_blank\" rel=\"noopener\">Panorama da viol\u00eancia letal e sexual contra crian\u00e7as e adolescentes no Brasil<\/a>, um estudo divulgado em agosto deste ano pelo F\u00f3rum Brasileiro de Seguran\u00e7a P\u00fablica em parceria com o Fundo das Na\u00e7\u00f5es Unidas para a Inf\u00e2ncia (Unicef).<\/p>\n<p dir=\"ltr\"><strong>Marielle e seu Legado<\/strong><\/p>\n<p dir=\"ltr\">A morte de Marielle Franco n\u00e3o foi em v\u00e3o.<\/p>\n<p dir=\"ltr\">Ela deixou sementes entre mulheres de todas as idades, ra\u00e7as e regi\u00f5es do pa\u00eds. Essas sementes crescem e d\u00e3o frutos em defesa de um pa\u00eds sem desigualdade social e, principalmente,\u00a0 sem preconceitos de todos os tipos, entre eles o racismo e a <a href=\"https:\/\/www.gov.br\/mdh\/pt-br\/assuntos\/noticias\/2024\/julho\/misoginia-mulheres-sao-vitimas-de-ataques-e-violacoes-de-direitos-na-internet\">misoginia<\/a>.\u00a0Como declarou a Ministra da Igualdade Racial, Anielle Franco, irm\u00e3 de Marielle, o seu maior legado &#8220;\u00e9 a prova de que mulheres, pessoas negras e faveladas, quando chegam nos seus postos, merecem permanecer vivas&#8221;.<\/p>\n<p dir=\"ltr\">Em 2024 a <a href=\"https:\/\/www.tse.jus.br\/comunicacao\/noticias\/2024\/Agosto\/lei-que-torna-crime-a-violencia-politica-de-genero-completa-tres-anos\">Lei n\u00ba 14.192\/2021,<\/a> que alterou o C\u00f3digo Eleitoral e tornou crime a viol\u00eancia pol\u00edtica de g\u00eanero, completou tr\u00eas anos. A lei estabelece regras jur\u00eddicas para prevenir, reprimir e combater a viol\u00eancia pol\u00edtica contra a mulher nos espa\u00e7os e nas atividades relacionadas ao exerc\u00edcio de seus direitos pol\u00edticos. Al\u00e9m disso, o Disque 100 do Minist\u00e9rio dos Direitos Humanos e\u00a0 Cidadania \u00e9 um canal de den\u00fancia para todo tipo de viol\u00eancia e preconceito.<\/p>\n<p dir=\"ltr\">No Coletivo Filhas da M\u00e3e consideramos que a justi\u00e7a \u00e9 essencial para garantir a democracia, para sair da Sociedade da Viol\u00eancia e para construir uma Sociedade do Cuidado para todas as idades.<\/p>\n<p dir=\"ltr\">PS: Em 2023 o Coletivo Filhas da M\u00e3e recebeu o pr\u00eamio Marielle Franco de Direitos Humanos\/ CLDF pelo trabalho realizado em defesa das pessoas que cuidam sem remunera\u00e7\u00e3o.<\/p>\n<\/div>\n","protected":false},"excerpt":{"rendered":"<p>Cosette Castro Bras\u00edlia &#8211; Seis anos, sete meses e 17 dias. A Justi\u00e7a \u00e9 lenta, \u00e9 cega, \u00e9 burra, \u00e9 injusta, \u00e9 errada, \u00e9 torta, mas chega. Esse foi o tempo que demorou para que os assassinos da vereadora Marielle Franco (PSOL\/RJ) e do motorista Anderson Gomes fossem punidos pela justi\u00e7a atrav\u00e9s de juri popular. A frase da ju\u00edza Julia [&hellip;]<\/p>\n","protected":false},"author":126,"featured_media":0,"comment_status":"open","ping_status":"open","sticky":false,"template":"","format":"standard","meta":{"footnotes":""},"categories":[1340],"tags":[1341,310,171,1345,1346,1342,893,1093,1234,1343,1344,397,1120,905,1347],"class_list":["post-2709","post","type-post","status-publish","format-standard","hentry","category-marielle-franco","tag-anielle-franco","tag-cldf","tag-disque-100","tag-forum-brasileiro-de-seguranca-publica","tag-fundo-das-nacoes-unidas-para-a-infancia","tag-lei-no-14-192-2021","tag-marielle-franco","tag-ministerio-da-igualdade-racial","tag-ministerio-dos-direitos-humanos-e-cidadania","tag-misoginia","tag-panorama-da-violencia-letal-e-sexual-contra-criancas-e-adolescentes-no-brasil","tag-racismo","tag-sociedade-da-violencia","tag-sociedade-do-cuidado","tag-unicef"],"_links":{"self":[{"href":"https:\/\/blogs.correiobraziliense.com.br\/coletivo-filhas-da-mae\/wp-json\/wp\/v2\/posts\/2709","targetHints":{"allow":["GET"]}}],"collection":[{"href":"https:\/\/blogs.correiobraziliense.com.br\/coletivo-filhas-da-mae\/wp-json\/wp\/v2\/posts"}],"about":[{"href":"https:\/\/blogs.correiobraziliense.com.br\/coletivo-filhas-da-mae\/wp-json\/wp\/v2\/types\/post"}],"author":[{"embeddable":true,"href":"https:\/\/blogs.correiobraziliense.com.br\/coletivo-filhas-da-mae\/wp-json\/wp\/v2\/users\/126"}],"replies":[{"embeddable":true,"href":"https:\/\/blogs.correiobraziliense.com.br\/coletivo-filhas-da-mae\/wp-json\/wp\/v2\/comments?post=2709"}],"version-history":[{"count":7,"href":"https:\/\/blogs.correiobraziliense.com.br\/coletivo-filhas-da-mae\/wp-json\/wp\/v2\/posts\/2709\/revisions"}],"predecessor-version":[{"id":2718,"href":"https:\/\/blogs.correiobraziliense.com.br\/coletivo-filhas-da-mae\/wp-json\/wp\/v2\/posts\/2709\/revisions\/2718"}],"wp:attachment":[{"href":"https:\/\/blogs.correiobraziliense.com.br\/coletivo-filhas-da-mae\/wp-json\/wp\/v2\/media?parent=2709"}],"wp:term":[{"taxonomy":"category","embeddable":true,"href":"https:\/\/blogs.correiobraziliense.com.br\/coletivo-filhas-da-mae\/wp-json\/wp\/v2\/categories?post=2709"},{"taxonomy":"post_tag","embeddable":true,"href":"https:\/\/blogs.correiobraziliense.com.br\/coletivo-filhas-da-mae\/wp-json\/wp\/v2\/tags?post=2709"}],"curies":[{"name":"wp","href":"https:\/\/api.w.org\/{rel}","templated":true}]}}