{"id":2687,"date":"2024-10-25T14:03:15","date_gmt":"2024-10-25T17:03:15","guid":{"rendered":"https:\/\/blogs.correiobraziliense.com.br\/coletivo-filhas-da-mae\/?p=2687"},"modified":"2024-10-26T09:57:49","modified_gmt":"2024-10-26T12:57:49","slug":"tempos-de-chuva-e-ressignificacoes","status":"publish","type":"post","link":"https:\/\/blogs.correiobraziliense.com.br\/coletivo-filhas-da-mae\/2024\/10\/25\/tempos-de-chuva-e-ressignificacoes\/","title":{"rendered":"Tempos de Chuva e Ressignifica\u00e7\u00f5es"},"content":{"rendered":"<p>Cosette Castro<\/p>\n<p>Bras\u00edlia &#8211; A vida \u00e9 composta de alegrias, tristezas e ressignifica\u00e7\u00f5es. Na Capital Federal n\u00e3o \u00e9 diferente.<\/p>\n<p>Na mesma semana em que se comemora a aprova\u00e7\u00e3o do Plano de Uso e Ocupa\u00e7\u00e3o do Eix\u00e3o do Lazer,\u00a0 um espa\u00e7o de encontro, cultura e pr\u00e1ticas esportivas para toda popula\u00e7\u00e3o, \u00e9 preciso seguir o tempo das despedidas. Algo natural quando existe vida e ela \u00e9 pulsante.<\/p>\n<p>A primeira despedida \u00e9 a do cineasta\u00a0 Vladimir Carvalho, que faleceu na quinta, 24\/10, aos 89 anos. Um paraibano que adotou a Capital Federal, foi professor da UnB e documentarista conhecido internacionalmente. Uma pessoa fundamental para a hist\u00f3ria do cinema brasileiro. <a href=\"https:\/\/www.correiobraziliense.com.br\/opiniao\/2024\/10\/6972665-nosso-companheiro-velho-de-guerra-pede-passagem.html\">Ler mais aqui<\/a>.<\/p>\n<p><img loading=\"lazy\" decoding=\"async\" class=\" wp-image-2688 aligncenter\" src=\"https:\/\/blogs.correiobraziliense.com.br\/coletivo-filhas-da-mae\/wp-content\/uploads\/sites\/60\/2024\/10\/vladimir-carvalho-300x300.jpg\" alt=\"\" width=\"280\" height=\"280\" srcset=\"https:\/\/blogs.correiobraziliense.com.br\/coletivo-filhas-da-mae\/wp-content\/uploads\/sites\/60\/2024\/10\/vladimir-carvalho-300x300.jpg 300w, https:\/\/blogs.correiobraziliense.com.br\/coletivo-filhas-da-mae\/wp-content\/uploads\/sites\/60\/2024\/10\/vladimir-carvalho-150x150.jpg 150w, https:\/\/blogs.correiobraziliense.com.br\/coletivo-filhas-da-mae\/wp-content\/uploads\/sites\/60\/2024\/10\/vladimir-carvalho-768x768.jpg 768w, https:\/\/blogs.correiobraziliense.com.br\/coletivo-filhas-da-mae\/wp-content\/uploads\/sites\/60\/2024\/10\/vladimir-carvalho-1024x1024.jpg 1024w, https:\/\/blogs.correiobraziliense.com.br\/coletivo-filhas-da-mae\/wp-content\/uploads\/sites\/60\/2024\/10\/vladimir-carvalho-800x800.jpg 800w, https:\/\/blogs.correiobraziliense.com.br\/coletivo-filhas-da-mae\/wp-content\/uploads\/sites\/60\/2024\/10\/vladimir-carvalho-550x550.jpg 550w, https:\/\/blogs.correiobraziliense.com.br\/coletivo-filhas-da-mae\/wp-content\/uploads\/sites\/60\/2024\/10\/vladimir-carvalho-230x230.jpg 230w, https:\/\/blogs.correiobraziliense.com.br\/coletivo-filhas-da-mae\/wp-content\/uploads\/sites\/60\/2024\/10\/vladimir-carvalho.jpg 1071w\" sizes=\"auto, (max-width: 280px) 100vw, 280px\" \/><\/p>\n<p>A despedida na \u00e1rea da cultura e das artes n\u00e3o para por a\u00ed.\u00a0 Enquanto escrevia o Blog recebi a not\u00edcia de que na madrugada desta sexta, 25\/10, o\u00a0 artista pl\u00e1stico, professor e arquiteto\u00a0 Elder Rocha Lima, de 96 anos,\u00a0 foi pintar em outros planos. Logo ele, com\u00a0 mais de 25 exposi\u00e7\u00f5es, entre individuais e coletiva, e uma longa hist\u00f3ria de arte vinculada ao Distrito Federal e a Goi\u00e1s. Conhe\u00e7a um pouco da obra do presidente da Funda\u00e7\u00e3o Bertran Fleury <a href=\"https:\/\/youtu.be\/3p5GxIzz61Q?si=wL0oHVfM0iKEV-o9\">AQUI<\/a>.<\/p>\n<p><img loading=\"lazy\" decoding=\"async\" class=\" wp-image-2689 aligncenter\" src=\"https:\/\/blogs.correiobraziliense.com.br\/coletivo-filhas-da-mae\/wp-content\/uploads\/sites\/60\/2024\/10\/Elder-Rocha-Lima-300x235.jpg\" alt=\"\" width=\"315\" height=\"247\" srcset=\"https:\/\/blogs.correiobraziliense.com.br\/coletivo-filhas-da-mae\/wp-content\/uploads\/sites\/60\/2024\/10\/Elder-Rocha-Lima-300x235.jpg 300w, https:\/\/blogs.correiobraziliense.com.br\/coletivo-filhas-da-mae\/wp-content\/uploads\/sites\/60\/2024\/10\/Elder-Rocha-Lima-768x601.jpg 768w, https:\/\/blogs.correiobraziliense.com.br\/coletivo-filhas-da-mae\/wp-content\/uploads\/sites\/60\/2024\/10\/Elder-Rocha-Lima-800x626.jpg 800w, https:\/\/blogs.correiobraziliense.com.br\/coletivo-filhas-da-mae\/wp-content\/uploads\/sites\/60\/2024\/10\/Elder-Rocha-Lima-550x430.jpg 550w, https:\/\/blogs.correiobraziliense.com.br\/coletivo-filhas-da-mae\/wp-content\/uploads\/sites\/60\/2024\/10\/Elder-Rocha-Lima-230x180.jpg 230w, https:\/\/blogs.correiobraziliense.com.br\/coletivo-filhas-da-mae\/wp-content\/uploads\/sites\/60\/2024\/10\/Elder-Rocha-Lima.jpg 1003w\" sizes=\"auto, (max-width: 315px) 100vw, 315px\" \/><\/p>\n<p>Diferente do que muitas\u00a0 pessoas imaginam, as despedidas n\u00e3o trazem apenas tristezas. Elas nos presenteiam tamb\u00e9m com as boas lembran\u00e7as e trazem a tona \u00e0 beleza da vida,\u00a0ainda mais quando foi poss\u00edvel compartilhar bons momentos em comum.<\/p>\n<p>Quando as pessoas que partem s\u00e3o refer\u00eancias no \u00e2mbito pessoal e coletivo,\u00a0 \u00e9 uma honra t\u00ea-las conhecido principalmente porque representam uma vida repleta de atividades, cultura, debates e legado para as pr\u00f3ximas gera\u00e7\u00f5es.<\/p>\n<p>A hist\u00f3ria de Valdimir Carvalho\u00a0 e Elder Rocha Lima s\u00e3o um exemplo de que a vida ap\u00f3s os 60 anos passa por ressignifica\u00e7\u00f5es, adequa\u00e7\u00f5es \u00e0s novas fases, mas que \u00e9 poss\u00edvel seguir bem aos 70, 80 e 90 anos.<\/p>\n<p>No m\u00eas da pessoa idosa, repleto de comemora\u00e7\u00f5es, eventos e chegada de\u00a0 novas pol\u00edticas p\u00fablicas, saudamos o envelhecimento saud\u00e1vel, ativo e participativo em um pa\u00eds com tantas desigualdades.<\/p>\n","protected":false},"excerpt":{"rendered":"<p>Cosette Castro Bras\u00edlia &#8211; A vida \u00e9 composta de alegrias, tristezas e ressignifica\u00e7\u00f5es. Na Capital Federal n\u00e3o \u00e9 diferente. Na mesma semana em que se comemora a aprova\u00e7\u00e3o do Plano de Uso e Ocupa\u00e7\u00e3o do Eix\u00e3o do Lazer,\u00a0 um espa\u00e7o de encontro, cultura e pr\u00e1ticas esportivas para toda popula\u00e7\u00e3o, \u00e9 preciso seguir o tempo das despedidas. Algo natural quando existe [&hellip;]<\/p>\n","protected":false},"author":126,"featured_media":0,"comment_status":"open","ping_status":"open","sticky":false,"template":"","format":"standard","meta":{"footnotes":""},"categories":[1],"tags":[],"class_list":["post-2687","post","type-post","status-publish","format-standard","hentry","category-sem-categoria"],"_links":{"self":[{"href":"https:\/\/blogs.correiobraziliense.com.br\/coletivo-filhas-da-mae\/wp-json\/wp\/v2\/posts\/2687","targetHints":{"allow":["GET"]}}],"collection":[{"href":"https:\/\/blogs.correiobraziliense.com.br\/coletivo-filhas-da-mae\/wp-json\/wp\/v2\/posts"}],"about":[{"href":"https:\/\/blogs.correiobraziliense.com.br\/coletivo-filhas-da-mae\/wp-json\/wp\/v2\/types\/post"}],"author":[{"embeddable":true,"href":"https:\/\/blogs.correiobraziliense.com.br\/coletivo-filhas-da-mae\/wp-json\/wp\/v2\/users\/126"}],"replies":[{"embeddable":true,"href":"https:\/\/blogs.correiobraziliense.com.br\/coletivo-filhas-da-mae\/wp-json\/wp\/v2\/comments?post=2687"}],"version-history":[{"count":4,"href":"https:\/\/blogs.correiobraziliense.com.br\/coletivo-filhas-da-mae\/wp-json\/wp\/v2\/posts\/2687\/revisions"}],"predecessor-version":[{"id":2693,"href":"https:\/\/blogs.correiobraziliense.com.br\/coletivo-filhas-da-mae\/wp-json\/wp\/v2\/posts\/2687\/revisions\/2693"}],"wp:attachment":[{"href":"https:\/\/blogs.correiobraziliense.com.br\/coletivo-filhas-da-mae\/wp-json\/wp\/v2\/media?parent=2687"}],"wp:term":[{"taxonomy":"category","embeddable":true,"href":"https:\/\/blogs.correiobraziliense.com.br\/coletivo-filhas-da-mae\/wp-json\/wp\/v2\/categories?post=2687"},{"taxonomy":"post_tag","embeddable":true,"href":"https:\/\/blogs.correiobraziliense.com.br\/coletivo-filhas-da-mae\/wp-json\/wp\/v2\/tags?post=2687"}],"curies":[{"name":"wp","href":"https:\/\/api.w.org\/{rel}","templated":true}]}}