{"id":268,"date":"2021-06-11T07:00:58","date_gmt":"2021-06-11T10:00:58","guid":{"rendered":"https:\/\/blogs.correiobraziliense.com.br\/coletivo-filhas-da-mae\/?p=268"},"modified":"2021-06-11T02:01:53","modified_gmt":"2021-06-11T05:01:53","slug":"voce-quer-morrer-de-velhice-nos-nao-queremos","status":"publish","type":"post","link":"https:\/\/blogs.correiobraziliense.com.br\/coletivo-filhas-da-mae\/2021\/06\/11\/voce-quer-morrer-de-velhice-nos-nao-queremos\/","title":{"rendered":"Voc\u00ea Quer Morrer de Velhice? N\u00f3s N\u00e3o Queremos"},"content":{"rendered":"<p>Ana Castro e Cosette Castro<\/p>\n<p>Bras\u00edlia &#8211; Junho acordou violeta no Distrito Federal. A cor chama aten\u00e7\u00e3o e denuncia a viol\u00eancia contra idosas e idosos em todo planeta. E, embora culmine no dia 15 de junho., h\u00e1 atividades sobre o tema durante todo o m\u00eas.<\/p>\n<p>A data (15J ) foi escolhida como o Dia Mundial da Conscientiza\u00e7\u00e3o da Viol\u00eancia contra a Pessoa Idosa. Ela foi estabelecida em\u00a0 2006 pela Organiza\u00e7\u00e3o das Na\u00e7\u00f5es Unidas (ONU) e pela Rede Internacional de Preven\u00e7\u00e3o \u00e0 Viol\u00eancia a Pessoa Idosa.<\/p>\n<p>Para al\u00e9m das viol\u00eancias contra idosas e idosos mais conhecidas, a f\u00edsica, a psicol\u00f3gica, a sexual, a patrimonial e a financeira, h\u00e1 o abandono e o descaso. E n\u00e3o para por a\u00ed, como comentamos em <a href=\"https:\/\/blogs.correiobraziliense.com.br\/coletivo-filhas-da-mae\/2021\/06\/07\/entre-quatro-paredes\/\">texto anterior<\/a>.\u00a0Existe a viol\u00eancia social (preconceito) e a viol\u00eancia institucional (oriunda do Estado, em geral por omiss\u00e3o).<\/p>\n<p>Esta semana a m\u00eddia mostrou que mais um tipo de viol\u00eancia social contra idosas e idosos &#8211; em escala internacional &#8211; est\u00e1 em marcha, prevista para entrar em vigor em janeiro de 2022.<\/p>\n<p>Uma viol\u00eancia que passou pela anuencia de\u00a0 cerca de 200 cientistas\u00a0 e est\u00e1 sendo inserida na Classifica\u00e7\u00e3o Internacional de Doen\u00e7as (CID 11). A CID \u00e9 adotada por um dos organismos internacionais mais respeitados do mundo: a Organiza\u00e7\u00e3o Mundial da Sa\u00fade (OMS)\u00a0 para padronizar diagn\u00f3sticos.<\/p>\n<p>Para quem n\u00e3o sabe, a CID \u00e9 utilizada\u00a0 por seguradoras cujos reembolsos dependem da codifica\u00e7\u00e3o de doen\u00e7as. Por gestores nacionais de programas. Por especialistas em coleta de dados e outros profissionais que acompanham o progresso global e determinam a aloca\u00e7\u00e3o de recursos na \u00e1rea.<\/p>\n<p>A proposta da nova CID, acatada em 2019 em assembleia da OMS, afirma que a velhice \u00e9 uma doen\u00e7a, como um diagn\u00f3stico,\u00a0 sob o c\u00f3digo MG2A. com sinais, sintomas ou achados cl\u00ednicos.<\/p>\n<p>Voc\u00ea quer morrer de velhice? N\u00f3s n\u00e3o.<\/p>\n<p>N\u00e3o \u00e9 normal morrer disso. Velhice n\u00e3o \u00e9 doen\u00e7a, assim como adolesc\u00eancia e gravidez tamb\u00e9m n\u00e3o. S\u00e3o etapas da vida.<\/p>\n<p>A partir do momento em que se considera que uma pessoa morreu de velhice, h\u00e1 in\u00fameras implica\u00e7\u00f5es sociais. econ\u00f4micas, culturais. E \u00e9ticas.<\/p>\n<p>Por exemplo: como os governos v\u00e3o saber que pol\u00edticas p\u00fablicas ser\u00e3o adotadas para melhorar as condi\u00e7\u00f5es de sa\u00fade de determinados p\u00fablicos, particularmente os acima de 60 anos?<\/p>\n<p>Ou para impedir que exista uma corrida nos seguros?. Ao fazer um seguro de vida aos 65 anos, por exemplo, a empresa vai perguntar se voc\u00ea tem alguma doen\u00e7a. E voc\u00ea ter\u00e1 de responder: sim, velhice.<\/p>\n<p>Se velhice depende da faixa et\u00e1ria, somos velhas e velhos a partir dos 60 no Brasil. Onde fica\u00a0 a longevidade que conquistamos, com qualidade de vida e novas possibilidades e experi\u00eancias ap\u00f3s os 60 anos?<\/p>\n<p>Seremos &#8220;doentes&#8221; por 10, 20, 30 ou 40 anos, segundo a nova Classifica\u00e7\u00e3o Internacional de Doen\u00e7as.<\/p>\n<p>H\u00e1 v\u00e1rias consequ\u00eancias na decis\u00e3o da OMS de trocar o termo senilidade (como era usado at\u00e9 ent\u00e3o na CID 10) por velhice e consider\u00e1-la uma doen\u00e7a . E n\u00e3o se trata apenas de uma quest\u00e3o sem\u00e2ntica.<\/p>\n<p>Existe o risco de se mascarar problemas de sa\u00fade reais dos idosos e idosas. De aumentar o preconceito j\u00e1 existente. E, como se fosse pouco, h\u00e1 o risco dessa classifica\u00e7\u00e3o interferir no tratamento, na\u00a0 pesquisa de enfermidades e na coleta de dados epidemiol\u00f3gicos.<\/p>\n<p>Vale perguntar a quem interessa que as pessoas com +60 sejam descartadas e tornadas oficialmente doentes? Esta n\u00e3o \u00e9 a melhor forma de defender um dos grupos\u00a0 populacionais\u00a0 que mais crescem no mundo,\u00a0\u00a0inclusive no Brasil.<\/p>\n<p>O Outro Lado<\/p>\n<p>Institui\u00e7\u00f5es de todo o mundo se juntaram para barrar\u00a0 a\u00a0 nova classifica\u00e7\u00e3o. Entre elas a Alian\u00e7a Global de Centros Internacionais de Longevidade, coordenada pelo epidemiologista brasileiro\u00a0 Alexandre Kalache.<\/p>\n<p>No Brasil, desde a semana passada\u00a0 est\u00e3o sendo realizadas <a href=\"https:\/\/www.youtube.com\/watch?v=pVdgOnhq4mI\"><em>lives<\/em><\/a>\u00a0para esclarecer e debater o tema.<\/p>\n<p>H\u00e1 posicionamento oficial da Sociedade Brasileira de Geriatria e Gerontologia (<a href=\"https:\/\/sbgg.org.br\/cid11-entrara-em-vigor-em-2022\/\">SBGG<\/a>), tamb\u00e9m\u00a0 contr\u00e1ria a nova classifica\u00e7\u00e3o. E uma <a href=\"https:\/\/pt.surveymonkey.com\/r\/NSBDLC6\">vota\u00e7\u00e3o na internet<\/a> onde voc\u00ea pode se posicionar.<\/p>\n<p>N\u00f3s, do Coletivo Filhas da M\u00e3e, \u00a0somos contra todo e qualquer tipo de viol\u00eancia contra as pessoas idosas.<\/p>\n<p>E\u00a0acreditamos que o envelhecimento faz parte da vida. \u00c9 uma conquista. N\u00e3o \u00e9\u00a0 doen\u00e7a.<\/p>\n<p>N\u00f3s apoiamos a campanha #velhicen\u00e3o\u00e9doen\u00e7a<\/p>\n<p>&nbsp;<\/p>\n","protected":false},"excerpt":{"rendered":"<p>Ana Castro e Cosette Castro Bras\u00edlia &#8211; Junho acordou violeta no Distrito Federal. A cor chama aten\u00e7\u00e3o e denuncia a viol\u00eancia contra idosas e idosos em todo planeta. E, embora culmine no dia 15 de junho., h\u00e1 atividades sobre o tema durante todo o m\u00eas. A data (15J ) foi escolhida como o Dia Mundial da Conscientiza\u00e7\u00e3o da Viol\u00eancia contra [&hellip;]<\/p>\n","protected":false},"author":126,"featured_media":0,"comment_status":"open","ping_status":"open","sticky":false,"template":"","format":"standard","meta":{"footnotes":""},"categories":[9],"tags":[159,160,118,5,157,152,158,161,162],"class_list":["post-268","post","type-post","status-publish","format-standard","hentry","category-envelhecimento","tag-cid-11","tag-codigo-mg2a","tag-coletivo-filhas-da-mae","tag-envelhecimento","tag-envelhecimento-nao-e-doenca","tag-idosos","tag-old-age-is-not-disease","tag-oms","tag-velhice"],"_links":{"self":[{"href":"https:\/\/blogs.correiobraziliense.com.br\/coletivo-filhas-da-mae\/wp-json\/wp\/v2\/posts\/268","targetHints":{"allow":["GET"]}}],"collection":[{"href":"https:\/\/blogs.correiobraziliense.com.br\/coletivo-filhas-da-mae\/wp-json\/wp\/v2\/posts"}],"about":[{"href":"https:\/\/blogs.correiobraziliense.com.br\/coletivo-filhas-da-mae\/wp-json\/wp\/v2\/types\/post"}],"author":[{"embeddable":true,"href":"https:\/\/blogs.correiobraziliense.com.br\/coletivo-filhas-da-mae\/wp-json\/wp\/v2\/users\/126"}],"replies":[{"embeddable":true,"href":"https:\/\/blogs.correiobraziliense.com.br\/coletivo-filhas-da-mae\/wp-json\/wp\/v2\/comments?post=268"}],"version-history":[{"count":8,"href":"https:\/\/blogs.correiobraziliense.com.br\/coletivo-filhas-da-mae\/wp-json\/wp\/v2\/posts\/268\/revisions"}],"predecessor-version":[{"id":277,"href":"https:\/\/blogs.correiobraziliense.com.br\/coletivo-filhas-da-mae\/wp-json\/wp\/v2\/posts\/268\/revisions\/277"}],"wp:attachment":[{"href":"https:\/\/blogs.correiobraziliense.com.br\/coletivo-filhas-da-mae\/wp-json\/wp\/v2\/media?parent=268"}],"wp:term":[{"taxonomy":"category","embeddable":true,"href":"https:\/\/blogs.correiobraziliense.com.br\/coletivo-filhas-da-mae\/wp-json\/wp\/v2\/categories?post=268"},{"taxonomy":"post_tag","embeddable":true,"href":"https:\/\/blogs.correiobraziliense.com.br\/coletivo-filhas-da-mae\/wp-json\/wp\/v2\/tags?post=268"}],"curies":[{"name":"wp","href":"https:\/\/api.w.org\/{rel}","templated":true}]}}