{"id":2661,"date":"2024-10-07T08:53:53","date_gmt":"2024-10-07T11:53:53","guid":{"rendered":"https:\/\/blogs.correiobraziliense.com.br\/coletivo-filhas-da-mae\/?p=2661"},"modified":"2024-10-07T09:03:42","modified_gmt":"2024-10-07T12:03:42","slug":"cuidados-paliativos-entre-as-duvidas-e-o-desconhecimento","status":"publish","type":"post","link":"https:\/\/blogs.correiobraziliense.com.br\/coletivo-filhas-da-mae\/2024\/10\/07\/cuidados-paliativos-entre-as-duvidas-e-o-desconhecimento\/","title":{"rendered":"Cuidados Paliativos, Entre as D\u00favidas e o Desconhecimento"},"content":{"rendered":"<p>Cosette Castro &amp; Cristina Hoffmann<\/p>\n<p>Bras\u00edlia &#8211; Um dia depois das elei\u00e7\u00f5es municipais que mobilizaram o pa\u00eds no domingo dia 06, come\u00e7amos a semana tratando de um tema ainda novo para a maior parte da popula\u00e7\u00e3o: os cuidados paliativos (CP).<\/p>\n<p>Por falta de informa\u00e7\u00e3o, muitas pessoas acreditam que os cuidados paliativos s\u00f3 devem ser acionados nos momentos finais do familiar enfermo. Ledo engano!,<\/p>\n<p>Como conta a convidada desta edi\u00e7\u00e3o, a Psic\u00f3loga sanitarista e doutora em Psicologia Cl\u00ednica e Cultura, Cristina Hoffmann,\u00a0 os cuidados paliativos servem para toda fam\u00edlia e podem ser utilizados em diferentes etapas da vida, pois abrangem todas as condi\u00e7\u00f5es que amea\u00e7am a vida.<\/p>\n<p>Cristina Hoffmann &#8211; &#8220;Os cuidados paliativos t\u00eam ganhado visibilidade na m\u00eddia, entre profissionais e gestores de sa\u00fade, mas \u00e9 essencial compreender seu verdadeiro significado, aplica\u00e7\u00e3o e a quem se destinam, pois s\u00e3o um direito de todos.<\/p>\n<p>Os CP buscam garantir um cuidado integral, digno, equitativo, de qualidade e humanizado. Muitos os associam exclusivamente ao fim de vida, o que \u00e9 uma interpreta\u00e7\u00e3o limitada. E\u00a0asseguram que sempre h\u00e1 o que ser feito para proporcionar conforto e dignidade \u00e0s pessoas em situa\u00e7\u00f5es que amea\u00e7am a continuidade de suas vidas. Essas a\u00e7\u00f5es podem abranger aspectos f\u00edsicos, mentais e espirituais.<\/p>\n<p>Ofertar cuidados paliativos significa\u00a0oferta de apoio, orienta\u00e7\u00e3o, cuidado e al\u00edvio do sofrimento f\u00edsico, mental, e espiritual. Esse apoio\u00a0 n\u00e3o \u00e9 s\u00f3 para pessoa que vive uma situa\u00e7\u00e3o de doen\u00e7a que amea\u00e7a a sua vida, mas tamb\u00e9m para\u00a0 seus familiares e cuidadores.<\/p>\n<p>Falar de doen\u00e7as e situa\u00e7\u00f5es que ameacem a continuidade da vida, nem sempre \u00e9 uma conversa f\u00e1cil. \u00c9 necess\u00e1rio investir na forma\u00e7\u00e3o de profissionais, na constitui\u00e7\u00e3o de equipes interdisciplinares, no estabelecimento de rela\u00e7\u00f5es de confian\u00e7a entre profissionais e entre estes e os pacientes E tamb\u00e9m rela\u00e7\u00e3o de confian\u00e7a com os familiares, pois cada saber, cada olhar vai contribuir para que a integralidade do cuidado aconte\u00e7a.<\/p>\n<p>A origem do termo Paliativo, do latim, paliar, significa prote\u00e7\u00e3o, amparo e abrigo. \u00c9 importante e necess\u00e1rio sabermos que n\u00e3o significa abandono, mas sim prote\u00e7\u00e3o. Os CP\u00a0 prop\u00f5em que todas as pessoas tenham a oportunidade de receber cuidados que lhes deem dignidade, incluindo o final de vida,<\/p>\n<p>No entanto, os cuidados paliativos n\u00e3o se limitam apenas \u00e0 fase final.\u00a0 Estes cuidados, reduzem as repercuss\u00f5es negativas de doen\u00e7as amea\u00e7adoras sobre a vida das pessoas, de seus familiares e de quem\u00a0 cuidada.\u00a0Embora nem sempre seja poss\u00edvel eliminar todas as dores, \u00e9 vi\u00e1vel reduzir o sofrimento por meio de uma equipe preparada, permitindo que os momentos dif\u00edceis sejam vividos com suporte adequado antes, durante e ap\u00f3s a finitude.<\/p>\n<p>Os CP n\u00e3o se restringem a doen\u00e7as incur\u00e1veis, como o c\u00e2ncer. Eles incluem todas as condi\u00e7\u00f5es que amea\u00e7am a vida, incluindo doen\u00e7as cr\u00f4nicas, como as dem\u00eancias e Parkinson, e situa\u00e7\u00f5es agudas, como a\u00a0 COVID-19. \u00c9 uma abordagem que promove a qualidade de vida e se aplica a todas as etapas da vida.<\/p>\n<p>A identifica\u00e7\u00e3o precoce dos que necessitam de CP \u00e9 crucial, por isso, a aten\u00e7\u00e3o prim\u00e1ria tem um papel fundamental nesse processo, j\u00e1 que suas equipes t\u00eam acesso direto \u00e0s comunidades.<\/p>\n<p>Um outro ponto importante \u00e9 que o tratamento curativo (modificador da doen\u00e7a ou curativo) n\u00e3o exclui os cuidados paliativos e vice e versa.<\/p>\n<p>Algumas pessoas vivenciam doen\u00e7as agudas que amea\u00e7am suas vidas, sendo necess\u00e1rio associar uma terapia curativa\/modificadora da doen\u00e7a, com os cuidados paliativos, para que melhore a\u00a0 condi\u00e7\u00e3o de superar o problema. Nos casos em que a pessoa n\u00e3o tenha a perspectiva de cura, poder\u00e1, a partir dos cuidados paliativos, ter sua sobrevida aumentada, com qualidade de vida, diminuindo o sofrimento, nas dimens\u00f5es f\u00edsica, psicol\u00f3gica e espiritual.&#8221;<\/p>\n<p>No Coletivo Filhas da M\u00e3e apoiamos a utiliza\u00e7\u00e3o dos cuidados paliativos em todas as fases da vida sempre que se fizer necess\u00e1rio.<\/p>\n<p>PS: Em maio deste ano foi aprovada a Pol\u00edtica Nacional de Cuidados Paliativos\u00a0pelo Minist\u00e9rio da Sa\u00fade, atrav\u00e9s da Portaria GM\/MS N\u00ba 3.681, de 07\/05\/2024. Ela prop\u00f5e a implementa\u00e7\u00e3o dos CP em todos os n\u00edveis de aten\u00e7\u00e3o do Sistema \u00danico de Sa\u00fade (SUS). Conhe\u00e7a mais sobre a pol\u00edtica nacional no<a href=\"https:\/\/bvsms.saude.gov.br\/bvs\/saudelegis\/gm\/2024\/prt3681_22_05_2024.html\"> link aqui.<\/a><\/p>\n<p>&nbsp;<\/p>\n","protected":false},"excerpt":{"rendered":"<p>Cosette Castro &amp; Cristina Hoffmann Bras\u00edlia &#8211; Um dia depois das elei\u00e7\u00f5es municipais que mobilizaram o pa\u00eds no domingo dia 06, come\u00e7amos a semana tratando de um tema ainda novo para a maior parte da popula\u00e7\u00e3o: os cuidados paliativos (CP). Por falta de informa\u00e7\u00e3o, muitas pessoas acreditam que os cuidados paliativos s\u00f3 devem ser acionados nos momentos finais do familiar [&hellip;]<\/p>\n","protected":false},"author":126,"featured_media":0,"comment_status":"open","ping_status":"open","sticky":false,"template":"","format":"standard","meta":{"footnotes":""},"categories":[1197],"tags":[1313,599,1200],"class_list":["post-2661","post","type-post","status-publish","format-standard","hentry","category-cuidado-paliativo","tag-cristina-hoffmann","tag-cuidados-paliativos","tag-politica-nacional-de-cuidados-paliativos"],"_links":{"self":[{"href":"https:\/\/blogs.correiobraziliense.com.br\/coletivo-filhas-da-mae\/wp-json\/wp\/v2\/posts\/2661","targetHints":{"allow":["GET"]}}],"collection":[{"href":"https:\/\/blogs.correiobraziliense.com.br\/coletivo-filhas-da-mae\/wp-json\/wp\/v2\/posts"}],"about":[{"href":"https:\/\/blogs.correiobraziliense.com.br\/coletivo-filhas-da-mae\/wp-json\/wp\/v2\/types\/post"}],"author":[{"embeddable":true,"href":"https:\/\/blogs.correiobraziliense.com.br\/coletivo-filhas-da-mae\/wp-json\/wp\/v2\/users\/126"}],"replies":[{"embeddable":true,"href":"https:\/\/blogs.correiobraziliense.com.br\/coletivo-filhas-da-mae\/wp-json\/wp\/v2\/comments?post=2661"}],"version-history":[{"count":2,"href":"https:\/\/blogs.correiobraziliense.com.br\/coletivo-filhas-da-mae\/wp-json\/wp\/v2\/posts\/2661\/revisions"}],"predecessor-version":[{"id":2664,"href":"https:\/\/blogs.correiobraziliense.com.br\/coletivo-filhas-da-mae\/wp-json\/wp\/v2\/posts\/2661\/revisions\/2664"}],"wp:attachment":[{"href":"https:\/\/blogs.correiobraziliense.com.br\/coletivo-filhas-da-mae\/wp-json\/wp\/v2\/media?parent=2661"}],"wp:term":[{"taxonomy":"category","embeddable":true,"href":"https:\/\/blogs.correiobraziliense.com.br\/coletivo-filhas-da-mae\/wp-json\/wp\/v2\/categories?post=2661"},{"taxonomy":"post_tag","embeddable":true,"href":"https:\/\/blogs.correiobraziliense.com.br\/coletivo-filhas-da-mae\/wp-json\/wp\/v2\/tags?post=2661"}],"curies":[{"name":"wp","href":"https:\/\/api.w.org\/{rel}","templated":true}]}}