{"id":2627,"date":"2024-09-30T08:30:30","date_gmt":"2024-09-30T11:30:30","guid":{"rendered":"https:\/\/blogs.correiobraziliense.com.br\/coletivo-filhas-da-mae\/?p=2627"},"modified":"2024-10-02T10:21:10","modified_gmt":"2024-10-02T13:21:10","slug":"conheca-mais-o-relatorio-nacional-sobre-demencia","status":"publish","type":"post","link":"https:\/\/blogs.correiobraziliense.com.br\/coletivo-filhas-da-mae\/2024\/09\/30\/conheca-mais-o-relatorio-nacional-sobre-demencia\/","title":{"rendered":"Conhe\u00e7a Mais o Relat\u00f3rio Nacional Sobre Dem\u00eancia"},"content":{"rendered":"<p><span style=\"color: #000000\">Cosette Castro &amp; Juliana Lira<\/span><\/p>\n<p><span style=\"color: #000000\">Bras\u00edlia &#8211; Nesta edi\u00e7\u00e3o voltamos a dar mais detalhes sobre o Relat\u00f3rio Nacional Sobre\u00a0 Dem\u00eancias (ReNaDe) 2024.\u00a0Desta vez, a partir do olhar da professora\u00a0 em Fonoaudiologia da UnB, Juliana Lira, que \u00e9 colaboradora do Coletivo Filhas da M\u00e3e.<\/span><\/p>\n<p><span style=\"color: #000000\">Juliana Lira &#8211; &#8220;No final de setembro tive\u00a0<\/span><span style=\"color: #000000\">\u00a0a oportunidade de participar do lan\u00e7amento do Relat\u00f3rio Nacional sobre Dem\u00eancia &#8211; ReNaDe<\/span> (<a href=\"https:\/\/bvsms.saude.gov.br\/bvs\/publicacoes\/relatorio_nacional_demencia_brasil.pd\">Link\u00a0 Aqui<\/a><span style=\"color: #000000\">).\u00a0<\/span><span style=\"color: #000000\">Estiveram presentes pesquisadores renomados da \u00e1rea da sa\u00fade e organiza\u00e7\u00f5es da sociedade civil que defendem a causa da pessoa idosa. Havia tamb\u00e9m gestores do Minist\u00e9rio da Sa\u00fade e da Organiza\u00e7\u00e3o Pan-Americana de Sa\u00fade (OPAS), al\u00e9m de profissionais do SUS que atuam diretamente com a popula\u00e7\u00e3o. <\/span><\/p>\n<p><span style=\"color: #000000\">O relat\u00f3rio, tema das \u00faltimas publica\u00e7\u00f5es\u00a0 deste Blog, \u00e9 um documento abrangente que analisa a situa\u00e7\u00e3o da dem\u00eancia no Brasil. Tamb\u00e9m prop\u00f5e diretrizes para enfrentar esse importante e crescente desafio na \u00e1rea da sa\u00fade.\u00a0<\/span><\/p>\n<p><span style=\"color: #000000\">V\u00e1rios dados preocupantes foram apresentados no ReNaDe. Entre eles,\u00a0 o n\u00famero de pessoas com dem\u00eancia no Brasil. Era 2,46 milh\u00f5es em 2019 e dever\u00e1 aumentar para 8,74 milh\u00f5es\u00a0 de casos em 2059. Al\u00e9m disso, e<\/span>xiste a estimativa de que o n\u00famero de pessoas com dem\u00eancia ainda n\u00e3o diagnosticadas no pa\u00eds seja de 80%. Principalmente em locais que n\u00e3o est\u00e3o nas regi\u00f5es Sudeste e Sul.<\/p>\n<p><span style=\"color: #000000\">Entre as recomenda\u00e7\u00f5es feitas,\u00a0 incluem criar estrat\u00e9gias para aumentar a taxa do diagn\u00f3stico de dem\u00eancia bem como diminuir seus riscos. Em \u00e2mbito mundial,\u00a0 \u00a0pesquisa feita em julho de 2024\u00a0<\/span><span style=\"color: #000000\">(<\/span><a href=\"https:\/\/pubmed.ncbi.nlm.nih.gov\/39096926\/\">Link Aqui<span style=\"color: #000000\">)<\/span><\/a><span style=\"color: #000000\">\u00a0<\/span><span style=\"color: #000000\">com dados de 166 pa\u00edses e territ\u00f3rios aponta que 45% dos casos de dem\u00eancia\u00a0 podem ser evitados. No caso brasileiro, esse percentual chega a 48%.<\/span><\/p>\n<p><span style=\"color: #000000\">Eles s\u00e3o atribu\u00edveis a 14 fatores de riscos, a saber: poucos anos de estudo, perda visual e auditiva n\u00e3o tratadas, obesidade, isolamento social, diabetes, press\u00e3o alta, sedentarismo, colesterol alto, depress\u00e3o, fumo e ingest\u00e3o de bebidas alco\u00f3licas, polui\u00e7\u00e3o do ar e traumas na cabe\u00e7a.<\/span><\/p>\n<p><span style=\"color: #000000\">No Brasil, o\u00a0 Sistema \u00danico de Sa\u00fade (SUS) mostra-se de extrema import\u00e2ncia para efetivar as recomenda\u00e7\u00f5es, especialmente no n\u00edvel da aten\u00e7\u00e3o prim\u00e1ria. <\/span><\/p>\n<p><span style=\"color: #000000\">O famoso postinho de sa\u00fade ou unidade b\u00e1sica (UBS)\u00a0 onde \u00e9 feito o cuidado inicial em todo o curso da vida, com abordagem multi\/interprofissional e foco na promo\u00e7\u00e3o da sa\u00fade, pode permitir o rastreio e atuar para reduzir os fatores de risco. <\/span><\/p>\n<p><span style=\"color: #000000\">Em rela\u00e7\u00e3o ao diagn\u00f3stico de dem\u00eancia, foi apresentado um fluxograma bem pr\u00e1tico com o intuito de apoiar os profissionais da aten\u00e7\u00e3o prim\u00e1ria na identifica\u00e7\u00e3o inicial.<\/span><\/p>\n<p><span style=\"color: #000000\">No come\u00e7o, levantam-se as queixas de mem\u00f3ria e\/ou outras fun\u00e7\u00f5es cognitivas, com o uso de tr\u00eas quest\u00f5es que est\u00e3o na Caderneta da Pessoa Idosa. Caso a queixa seja positiva, dever\u00e1 ser feito por profissional habilitado(a) um rastreio cognitivo inicial. Por fim, h\u00e1 a avalia\u00e7\u00e3o m\u00e9dica, que investiga se a causa deste preju\u00edzo cognitivo \u00e9 dem\u00eancia ou n\u00e3o. <\/span><\/p>\n<p><span style=\"color: #000000\">Se houver amplo treinamento e uso adequado deste protocolo de maneira capilarizada, o diagn\u00f3stico de dem\u00eancia poder\u00e1 ser efetivamente realizado no pa\u00eds. <\/span><\/p>\n<p><span style=\"color: #000000\">A prop\u00f3sito, o treinamento dos profissionais de sa\u00fade \u00e9 um dos enfoques do ReNaDe, para al\u00e9m da t\u00e9cnica procedimental de cada ocupa\u00e7\u00e3o. \u00c9 fundamental que a capacita\u00e7\u00e3o englobe os cuidados centrados na pessoa, considerando as diferenc\u0327as regionais, e\u0301tnicas e socioecono\u0302micas, conforme recomenda o Relat\u00f3rio.<\/span><\/p>\n<p><span style=\"color: #000000\">Ainda s\u00e3o necess\u00e1rias muitas pesquisas e a\u00e7\u00f5es para que haja um Plano Nacional em Dem\u00eancia que seja efetivo. Mas o lan\u00e7amento do ReNaDe 2024 traz esperan\u00e7as&#8221;.<\/span><\/p>\n<p><span style=\"color: #000000\">PS: O Coletivo Filhas da M\u00e3e apoia a cria\u00e7\u00e3o e implementa\u00e7\u00e3o urgente do Plano Nacional de Dem\u00eancias com or\u00e7amento que inclua, al\u00e9m da necess\u00e1ria forma\u00e7\u00e3o dos\u00a0 profissionais da sa\u00fade , campanhas permanentes para que a popula\u00e7\u00e3o compreenda o\u00a0 que s\u00e3o as\u00a0 dem\u00eancias, quais os fatores de risco e como diferenciar envelhecimento natural de sintomas de dem\u00eancia.<\/span><\/p>\n<p><span style=\"color: #000000\">PS1: Durante o evento na OPAS, foram coletadas sugest\u00f5es em v\u00eddeo das pessoas presentes a partir da proposta da campanha mundial de conscientiza\u00e7\u00e3o sobre dem\u00eancias 2024, &#8220;\u00c9 Hora de Agir&#8221;. As sugest\u00f5es podem ser assistidas no Instagram (@blocofilhasdamae) e no Facebook (coletivofilhasdam\u00e3e).<\/span><\/p>\n<p>&nbsp;<\/p>\n<p>&nbsp;<\/p>\n","protected":false},"excerpt":{"rendered":"<p>Cosette Castro &amp; Juliana Lira Bras\u00edlia &#8211; Nesta edi\u00e7\u00e3o voltamos a dar mais detalhes sobre o Relat\u00f3rio Nacional Sobre\u00a0 Dem\u00eancias (ReNaDe) 2024.\u00a0Desta vez, a partir do olhar da professora\u00a0 em Fonoaudiologia da UnB, Juliana Lira, que \u00e9 colaboradora do Coletivo Filhas da M\u00e3e. Juliana Lira &#8211; &#8220;No final de setembro tive\u00a0\u00a0a oportunidade de participar do lan\u00e7amento do Relat\u00f3rio Nacional sobre [&hellip;]<\/p>\n","protected":false},"author":126,"featured_media":0,"comment_status":"open","ping_status":"open","sticky":false,"template":"","format":"standard","meta":{"footnotes":""},"categories":[1301],"tags":[8,119,7,753,1303,995,263,42,1304,1305],"class_list":["post-2627","post","type-post","status-publish","format-standard","hentry","category-demencia","tag-alzheimer","tag-cuidado-e-autocuidado","tag-demencias","tag-juliana-lira","tag-relatorio-nacional-sobre-demencias-2024","tag-renade","tag-setembro-roxo","tag-sus","tag-unidade-basica-de-da","tag-unidade-basica-de-saude"],"_links":{"self":[{"href":"https:\/\/blogs.correiobraziliense.com.br\/coletivo-filhas-da-mae\/wp-json\/wp\/v2\/posts\/2627","targetHints":{"allow":["GET"]}}],"collection":[{"href":"https:\/\/blogs.correiobraziliense.com.br\/coletivo-filhas-da-mae\/wp-json\/wp\/v2\/posts"}],"about":[{"href":"https:\/\/blogs.correiobraziliense.com.br\/coletivo-filhas-da-mae\/wp-json\/wp\/v2\/types\/post"}],"author":[{"embeddable":true,"href":"https:\/\/blogs.correiobraziliense.com.br\/coletivo-filhas-da-mae\/wp-json\/wp\/v2\/users\/126"}],"replies":[{"embeddable":true,"href":"https:\/\/blogs.correiobraziliense.com.br\/coletivo-filhas-da-mae\/wp-json\/wp\/v2\/comments?post=2627"}],"version-history":[{"count":12,"href":"https:\/\/blogs.correiobraziliense.com.br\/coletivo-filhas-da-mae\/wp-json\/wp\/v2\/posts\/2627\/revisions"}],"predecessor-version":[{"id":2641,"href":"https:\/\/blogs.correiobraziliense.com.br\/coletivo-filhas-da-mae\/wp-json\/wp\/v2\/posts\/2627\/revisions\/2641"}],"wp:attachment":[{"href":"https:\/\/blogs.correiobraziliense.com.br\/coletivo-filhas-da-mae\/wp-json\/wp\/v2\/media?parent=2627"}],"wp:term":[{"taxonomy":"category","embeddable":true,"href":"https:\/\/blogs.correiobraziliense.com.br\/coletivo-filhas-da-mae\/wp-json\/wp\/v2\/categories?post=2627"},{"taxonomy":"post_tag","embeddable":true,"href":"https:\/\/blogs.correiobraziliense.com.br\/coletivo-filhas-da-mae\/wp-json\/wp\/v2\/tags?post=2627"}],"curies":[{"name":"wp","href":"https:\/\/api.w.org\/{rel}","templated":true}]}}