{"id":2625,"date":"2024-09-27T15:38:57","date_gmt":"2024-09-27T18:38:57","guid":{"rendered":"https:\/\/blogs.correiobraziliense.com.br\/coletivo-filhas-da-mae\/?p=2625"},"modified":"2024-09-27T15:46:40","modified_gmt":"2024-09-27T18:46:40","slug":"quando-a-ignorancia-e-o-estigma-tomam-conta","status":"publish","type":"post","link":"https:\/\/blogs.correiobraziliense.com.br\/coletivo-filhas-da-mae\/2024\/09\/27\/quando-a-ignorancia-e-o-estigma-tomam-conta\/","title":{"rendered":"Quando a Ignor\u00e2ncia e o Estigma Tomam Conta"},"content":{"rendered":"<p>Cosette Castro<\/p>\n<p>Bras\u00edlia &#8211; Enquanto organizamos e participamos de lives para chamar aten\u00e7\u00e3o nacional sobre\u00a0 a campanha do Setembro Roxo, no grupo de WhatsApp do Coletivo FIlhas da M\u00e3e, as demandas s\u00e3o outras. Mais concretas.<\/p>\n<p>Estamos no m\u00eas mundial de conscientiza\u00e7\u00e3o sobre as dem\u00eancias, entre elas o Alzheimer. Mas nem sempre as campanhas mundiais traduzem a dura realidade cotidiana e as necessidades de quem cuida um familiar.<\/p>\n<p>O Relat\u00f3rio Mundial sobre Dem\u00eancias 2024 revela, por exemplo, que\u00a065% dos profissionais de sa\u00fade e de cuidado acreditam &#8211; incorretamente &#8211; que a dem\u00eancia \u00e9 uma parte normal do envelhecimento. N\u00e3o \u00e9!<\/p>\n<p>A partir dessa desinforma\u00e7\u00e3o e preconceito, um exemplo da viol\u00eancia estrutural contra pessoas idosas, os profissionais da sa\u00fade deixam de informar ou tratar pacientes a tempo. Com isso deixam tamb\u00e9m de oferecer qualidade de vida para as pessoas com diagn\u00f3stico e para seus familiares.<\/p>\n<p>A falta de informa\u00e7\u00f5es corretas, inclusive sobre\u00a0 a diferen\u00e7a entre envelhecimento natural e sintomas de dem\u00eancias, alimenta a circula\u00e7\u00e3o de fake news gerando outros problemas e estigmas.<\/p>\n<p>A Comiss\u00e3o Lancet, formada por especialistas de diferentes pa\u00edses, listou\u00a0 no ano passado 10 itens diferenciando envelhecimento saud\u00e1vel dos sintomas de dem\u00eancias. E o Coletivo Filhas da M\u00e3e disponibiliza online esse folheto, al\u00e9m de distribuir a vers\u00e3o impressa nos parques da Capital Federal. Mas essa a\u00e7\u00e3o deveria ser multiplicada para todo o pa\u00eds.<\/p>\n<p>Estamos propondo e esperando pol\u00edticas p\u00fablicas urgentes voltadas para a forma\u00e7\u00e3o permanente dos profissionais de sa\u00fade de todos os n\u00edveis, inclusive m\u00e9dicos.<\/p>\n<p>Tamb\u00e9m aprovamos por unanimidade a Lei Distrital 6926\/2022 que cria a Pol\u00edtica Distrital sobre Alzheimer e Outras Dem\u00eancias. Mas o governador at\u00e9 hoje n\u00e3o implementou a Lei, mantendo a popula\u00e7\u00e3o na escurid\u00e3o, sem informa\u00e7\u00f5es e a\u00e7\u00f5es de preven\u00e7\u00e3o.<\/p>\n<p>De acordo com o Relat\u00f3rio Mundial sobre Dem\u00eancias, 88% das pessoas diagnosticadas\u00a0 na primeira fase relatam viv\u00eancias de discrimina\u00e7\u00e3o, seja no \u00e2mbito familiar, entre vizinhos, na rua, cl\u00ednicas e hospitais.<\/p>\n<p>Essas discrimina\u00e7\u00f5es se manifestam na forma de infantiliza\u00e7\u00e3o da pessoa idosa, tratadas no diminutivo, como se\u00a0 j\u00e1 n\u00e3o conseguissem entender o que escutam. Ou no apagamento da pessoa diagnosticada em consultas, em lojas ou nos bancos quando os profissionais s\u00f3 falam com a pessoa acompanhante.<\/p>\n<p>Outro ponto importante do relat\u00f3rio \u00e9 a urg\u00eancia de diagn\u00f3sticos em tempo h\u00e1bil, algo praticamente inexistente em pa\u00edses como o Brasil. Isso evitaria que as dem\u00eancias sejam descobertas a partir da segunda fase, quando a pessoa diagnosticada j\u00e1 est\u00e1 perdendo a autonomia\u00a0total.<\/p>\n<p>A falta de informa\u00e7\u00f5es sobre as dem\u00eancias se espalha entre diferentes p\u00fablicos.<\/p>\n<p>80% da popula\u00e7\u00e3o acreditam que a dem\u00eancia \u00e9 uma parte normal do envelhecimento, um aumento da desinforma\u00e7\u00e3o dram\u00e1tico em rela\u00e7\u00e3o aos 66% apontados no Relat\u00f3rio Mundial de 2019. Ou seja, a falta de campanhas nacionais permanentes e de pol\u00edticas p\u00fablicas aumentou o quadro de desconhecimento, confus\u00e3o e medo.<\/p>\n<p>A falta de informa\u00e7\u00f5es t\u00eam consequ\u00eancias diretas na vida de quem recebeu diagn\u00f3stico e tamb\u00e9m de seus familiares. Principalmente no que diz respeito ao preconceito e ao estigma contra dem\u00eancias. Sem conhecer os sintomas, muitas pessoas se afastam da pessoa doente e da fam\u00edlia.<\/p>\n<p>No mundo todo, mais de 1\/4 das 40 mil pessoas entrevistadas em 166 pa\u00edses e territ\u00f3rios\u00a0 no\u00a0 Relat\u00f3rio de 2024 acreditam, incorretamente, que n\u00e3o h\u00e1 nada a se fazer para prevenir as dem\u00eancias.\u00a0Esse n\u00famero aumentou de 20% em 2019 para 37% em 2024 em pa\u00edses com rendas baixas e m\u00e9dias, como o Brasil.<\/p>\n<p>Para reduzir a desinforma\u00e7\u00e3o, o Coletivo Filhas da M\u00e3e distribui gratuitamente, online e no formato impresso nos parques de Bras\u00edlia, folheto sobre os 14 Fatores Evit\u00e1veis para Prevenir as Dem\u00eancias. O material, produzido pela Comiss\u00e3o Lancet, deveria estar dispon\u00edvel para toda popula\u00e7\u00e3o, de Norte a Sul do pa\u00eds.<\/p>\n<p>Enquanto a Pol\u00edtica Nacional de Dem\u00eancias n\u00e3o \u00e9 aprovada nem tem or\u00e7amento definido no Brasil, seguiremos fazendo o trabalho di\u00e1rio de acolhimento de quem cuida e informando a popula\u00e7\u00e3o sobre envelhecimento natural, ativo e saud\u00e1vel, sobre projetos de cuidado e autocuidado, e, principalmente, informando a popula\u00e7\u00e3o sobre o que s\u00e3o as dem\u00eancias, para reduzir o desconhecimento, o\u00a0 medo e o estigma.<\/p>\n<p>&nbsp;<\/p>\n<p>&nbsp;<\/p>\n","protected":false},"excerpt":{"rendered":"<p>Cosette Castro Bras\u00edlia &#8211; Enquanto organizamos e participamos de lives para chamar aten\u00e7\u00e3o nacional sobre\u00a0 a campanha do Setembro Roxo, no grupo de WhatsApp do Coletivo FIlhas da M\u00e3e, as demandas s\u00e3o outras. Mais concretas. Estamos no m\u00eas mundial de conscientiza\u00e7\u00e3o sobre as dem\u00eancias, entre elas o Alzheimer. Mas nem sempre as campanhas mundiais traduzem a dura realidade cotidiana e [&hellip;]<\/p>\n","protected":false},"author":126,"featured_media":0,"comment_status":"open","ping_status":"open","sticky":false,"template":"","format":"standard","meta":{"footnotes":""},"categories":[1301],"tags":[105,8,2,119,20,7,5,300],"class_list":["post-2625","post","type-post","status-publish","format-standard","hentry","category-demencia","tag-ageismo","tag-alzheimer","tag-cuidado","tag-cuidado-e-autocuidado","tag-cuidadoras-familiares","tag-demencias","tag-envelhecimento","tag-pessoas-idosas"],"_links":{"self":[{"href":"https:\/\/blogs.correiobraziliense.com.br\/coletivo-filhas-da-mae\/wp-json\/wp\/v2\/posts\/2625","targetHints":{"allow":["GET"]}}],"collection":[{"href":"https:\/\/blogs.correiobraziliense.com.br\/coletivo-filhas-da-mae\/wp-json\/wp\/v2\/posts"}],"about":[{"href":"https:\/\/blogs.correiobraziliense.com.br\/coletivo-filhas-da-mae\/wp-json\/wp\/v2\/types\/post"}],"author":[{"embeddable":true,"href":"https:\/\/blogs.correiobraziliense.com.br\/coletivo-filhas-da-mae\/wp-json\/wp\/v2\/users\/126"}],"replies":[{"embeddable":true,"href":"https:\/\/blogs.correiobraziliense.com.br\/coletivo-filhas-da-mae\/wp-json\/wp\/v2\/comments?post=2625"}],"version-history":[{"count":1,"href":"https:\/\/blogs.correiobraziliense.com.br\/coletivo-filhas-da-mae\/wp-json\/wp\/v2\/posts\/2625\/revisions"}],"predecessor-version":[{"id":2626,"href":"https:\/\/blogs.correiobraziliense.com.br\/coletivo-filhas-da-mae\/wp-json\/wp\/v2\/posts\/2625\/revisions\/2626"}],"wp:attachment":[{"href":"https:\/\/blogs.correiobraziliense.com.br\/coletivo-filhas-da-mae\/wp-json\/wp\/v2\/media?parent=2625"}],"wp:term":[{"taxonomy":"category","embeddable":true,"href":"https:\/\/blogs.correiobraziliense.com.br\/coletivo-filhas-da-mae\/wp-json\/wp\/v2\/categories?post=2625"},{"taxonomy":"post_tag","embeddable":true,"href":"https:\/\/blogs.correiobraziliense.com.br\/coletivo-filhas-da-mae\/wp-json\/wp\/v2\/tags?post=2625"}],"curies":[{"name":"wp","href":"https:\/\/api.w.org\/{rel}","templated":true}]}}