{"id":2599,"date":"2024-09-16T16:16:42","date_gmt":"2024-09-16T19:16:42","guid":{"rendered":"https:\/\/blogs.correiobraziliense.com.br\/coletivo-filhas-da-mae\/?p=2599"},"modified":"2024-09-16T16:16:42","modified_gmt":"2024-09-16T19:16:42","slug":"um-dia-para-relembrar","status":"publish","type":"post","link":"https:\/\/blogs.correiobraziliense.com.br\/coletivo-filhas-da-mae\/2024\/09\/16\/um-dia-para-relembrar\/","title":{"rendered":"Um Dia para Relembrar"},"content":{"rendered":"<p>Cosette Castro<\/p>\n<p>Bras\u00edlia &#8211; Na domingo em que o Brasil comemorou o dia da democracia, 15\/09, o Coletivo Filhas da M\u00e3e voltou a ocupar \u00e0s ruas. Democraticamente.<\/p>\n<p>O Eix\u00e3o Norte, em Bras\u00edlia, foi compartilhado com outros eventos culturais e art\u00edsticos.\u00a0 H\u00e1 espa\u00e7o para todos os gostos. H\u00e1 lugar para todas as pessoas, estejam elas sozinhas ou em grupo.<\/p>\n<p><img loading=\"lazy\" decoding=\"async\" class=\" wp-image-2600 aligncenter\" src=\"https:\/\/blogs.correiobraziliense.com.br\/coletivo-filhas-da-mae\/wp-content\/uploads\/sites\/60\/2024\/09\/Zegotinhana3a.caminhadadamemoria-300x157.jpg\" alt=\"\" width=\"474\" height=\"248\" srcset=\"https:\/\/blogs.correiobraziliense.com.br\/coletivo-filhas-da-mae\/wp-content\/uploads\/sites\/60\/2024\/09\/Zegotinhana3a.caminhadadamemoria-300x157.jpg 300w, https:\/\/blogs.correiobraziliense.com.br\/coletivo-filhas-da-mae\/wp-content\/uploads\/sites\/60\/2024\/09\/Zegotinhana3a.caminhadadamemoria-768x402.jpg 768w, https:\/\/blogs.correiobraziliense.com.br\/coletivo-filhas-da-mae\/wp-content\/uploads\/sites\/60\/2024\/09\/Zegotinhana3a.caminhadadamemoria-1024x536.jpg 1024w, https:\/\/blogs.correiobraziliense.com.br\/coletivo-filhas-da-mae\/wp-content\/uploads\/sites\/60\/2024\/09\/Zegotinhana3a.caminhadadamemoria-1440x754.jpg 1440w, https:\/\/blogs.correiobraziliense.com.br\/coletivo-filhas-da-mae\/wp-content\/uploads\/sites\/60\/2024\/09\/Zegotinhana3a.caminhadadamemoria-800x419.jpg 800w, https:\/\/blogs.correiobraziliense.com.br\/coletivo-filhas-da-mae\/wp-content\/uploads\/sites\/60\/2024\/09\/Zegotinhana3a.caminhadadamemoria-550x288.jpg 550w, https:\/\/blogs.correiobraziliense.com.br\/coletivo-filhas-da-mae\/wp-content\/uploads\/sites\/60\/2024\/09\/Zegotinhana3a.caminhadadamemoria-230x120.jpg 230w, https:\/\/blogs.correiobraziliense.com.br\/coletivo-filhas-da-mae\/wp-content\/uploads\/sites\/60\/2024\/09\/Zegotinhana3a.caminhadadamemoria.jpg 1493w\" sizes=\"auto, (max-width: 474px) 100vw, 474px\" \/><\/p>\n<p style=\"text-align: center\">O Z\u00e9 Gotinha participou da Caminhada da Mem\u00f3ria<\/p>\n<p>O Coletivo Filhas da M\u00e3e aproveitou a manh\u00e3 de domingo no Eix\u00e3o Norte para distribuir dois folhetos: um deles informando sobre fatores de preven\u00e7\u00e3o de dem\u00eancias e o segundo sobre a diferen\u00e7a entre envelhecimento natural e sintomas de dem\u00eancia.<\/p>\n<p>Tamb\u00e9m aproveitou para promover coletivamente a sa\u00fade f\u00edsica e mental\u00a0 durante a 3a. Caminhada da Mem\u00f3ria\u00a0 e nas atividades realizadas ap\u00f3s a Caminhada.<\/p>\n<p>Projetos como a 3a. Caminhada da Mem\u00f3ria contam com parceiras e parceiros nos movimentos sociais, associa\u00e7\u00f5es de pessoas idosas e empresas solid\u00e1rias.\u00a0Nada disso seria poss\u00edvel sem o apoio e a participa\u00e7\u00e3o desses diferentes grupos sociais. E das pessoas volunt\u00e1rias. A todas, todos e todes, nossa gratid\u00e3o.<img loading=\"lazy\" decoding=\"async\" class=\"size-medium wp-image-2601 aligncenter\" src=\"https:\/\/blogs.correiobraziliense.com.br\/coletivo-filhas-da-mae\/wp-content\/uploads\/sites\/60\/2024\/09\/exerc\u00edcios-135x300.jpg\" alt=\"\" width=\"135\" height=\"300\" srcset=\"https:\/\/blogs.correiobraziliense.com.br\/coletivo-filhas-da-mae\/wp-content\/uploads\/sites\/60\/2024\/09\/exerc\u00edcios-135x300.jpg 135w, https:\/\/blogs.correiobraziliense.com.br\/coletivo-filhas-da-mae\/wp-content\/uploads\/sites\/60\/2024\/09\/exerc\u00edcios-461x1024.jpg 461w, https:\/\/blogs.correiobraziliense.com.br\/coletivo-filhas-da-mae\/wp-content\/uploads\/sites\/60\/2024\/09\/exerc\u00edcios-550x1222.jpg 550w, https:\/\/blogs.correiobraziliense.com.br\/coletivo-filhas-da-mae\/wp-content\/uploads\/sites\/60\/2024\/09\/exerc\u00edcios-230x511.jpg 230w, https:\/\/blogs.correiobraziliense.com.br\/coletivo-filhas-da-mae\/wp-content\/uploads\/sites\/60\/2024\/09\/exerc\u00edcios.jpg 720w\" sizes=\"auto, (max-width: 135px) 100vw, 135px\" \/><\/p>\n<p style=\"text-align: center\">Regina Almeida, do Instituto Tocar realizando pr\u00e1ticas de relaxamento<\/p>\n<p>Elas e eles emprestaram seu tempo e saberes para tornar melhor o dia de pessoas que passam por desafios di\u00e1rios durante o cuidado familiar. Elas s\u00e3o invis\u00edveis e, independente da idade, trabalham sem\u00a0remunera\u00e7\u00e3o.<\/p>\n<div style=\"width: 848px;\" class=\"wp-video\"><video class=\"wp-video-shortcode\" id=\"video-2599-1\" width=\"848\" height=\"478\" preload=\"metadata\" controls=\"controls\"><source type=\"video\/mp4\" src=\"https:\/\/blogs.correiobraziliense.com.br\/coletivo-filhas-da-mae\/wp-content\/uploads\/sites\/60\/2024\/09\/Capivareta-na-Caminhada-da-Mem\u00f3ria.mp4?_=1\" \/><a href=\"https:\/\/blogs.correiobraziliense.com.br\/coletivo-filhas-da-mae\/wp-content\/uploads\/sites\/60\/2024\/09\/Capivareta-na-Caminhada-da-Mem\u00f3ria.mp4\">https:\/\/blogs.correiobraziliense.com.br\/coletivo-filhas-da-mae\/wp-content\/uploads\/sites\/60\/2024\/09\/Capivareta-na-Caminhada-da-Mem\u00f3ria.mp4<\/a><\/video><\/div>\n<p>A fanfarra da Capivareta Repercusiva trouxe\u00a0 alegria, arte e da cultura contribuindo para o encontro coletivo e a sa\u00fade mental das pessoas presentes.<\/p>\n<p>A agenda da manh\u00e3 contou, al\u00e9m da equipe de vacina\u00e7\u00e3o da Secretaria de Sa\u00fade\/DF, com roda de conversa, com teatro do oprimido, pr\u00e1tica de T\u00e9cnica de Relaxamento do Estresse (TRE), jogos cognitivos, medi\u00e7\u00e3o de sinais vitais, oficina de bordado e oficina de cuidado digital. O encerramento foi com uma grande dan\u00e7a circular de cuidado coletivo.<\/p>\n<p>PS: Para o Coletivo Filhas da M\u00e3e o\u00a0 dia estaria perfeito se os incendios florestais provocados n\u00e3o estivessem se alastrando por todo Distrito Federal. Colabore! Em caso de fogo, ligue 193; fogo em per\u00edmetro urbano, ligue 194; fogo pr\u00f3ximo \u00e0 estradas, ligue 191.<\/p>\n<p>&nbsp;<\/p>\n<p>&nbsp;<\/p>\n<p>&nbsp;<\/p>\n","protected":false},"excerpt":{"rendered":"<p>Cosette Castro Bras\u00edlia &#8211; Na domingo em que o Brasil comemorou o dia da democracia, 15\/09, o Coletivo Filhas da M\u00e3e voltou a ocupar \u00e0s ruas. Democraticamente. O Eix\u00e3o Norte, em Bras\u00edlia, foi compartilhado com outros eventos culturais e art\u00edsticos.\u00a0 H\u00e1 espa\u00e7o para todos os gostos. H\u00e1 lugar para todas as pessoas, estejam elas sozinhas ou em grupo. O Z\u00e9 [&hellip;]<\/p>\n","protected":false},"author":126,"featured_media":0,"comment_status":"open","ping_status":"open","sticky":false,"template":"","format":"standard","meta":{"footnotes":""},"categories":[1295],"tags":[1299,1298,455,1300,1291],"class_list":["post-2599","post","type-post","status-publish","format-standard","hentry","category-3a-caminhada-da-memoria","tag-campanha-de-vacinacao","tag-capivareta-repercursiva","tag-instituto-tocar","tag-secretaria-de-saude-df","tag-ze-gotinha"],"_links":{"self":[{"href":"https:\/\/blogs.correiobraziliense.com.br\/coletivo-filhas-da-mae\/wp-json\/wp\/v2\/posts\/2599","targetHints":{"allow":["GET"]}}],"collection":[{"href":"https:\/\/blogs.correiobraziliense.com.br\/coletivo-filhas-da-mae\/wp-json\/wp\/v2\/posts"}],"about":[{"href":"https:\/\/blogs.correiobraziliense.com.br\/coletivo-filhas-da-mae\/wp-json\/wp\/v2\/types\/post"}],"author":[{"embeddable":true,"href":"https:\/\/blogs.correiobraziliense.com.br\/coletivo-filhas-da-mae\/wp-json\/wp\/v2\/users\/126"}],"replies":[{"embeddable":true,"href":"https:\/\/blogs.correiobraziliense.com.br\/coletivo-filhas-da-mae\/wp-json\/wp\/v2\/comments?post=2599"}],"version-history":[{"count":6,"href":"https:\/\/blogs.correiobraziliense.com.br\/coletivo-filhas-da-mae\/wp-json\/wp\/v2\/posts\/2599\/revisions"}],"predecessor-version":[{"id":2608,"href":"https:\/\/blogs.correiobraziliense.com.br\/coletivo-filhas-da-mae\/wp-json\/wp\/v2\/posts\/2599\/revisions\/2608"}],"wp:attachment":[{"href":"https:\/\/blogs.correiobraziliense.com.br\/coletivo-filhas-da-mae\/wp-json\/wp\/v2\/media?parent=2599"}],"wp:term":[{"taxonomy":"category","embeddable":true,"href":"https:\/\/blogs.correiobraziliense.com.br\/coletivo-filhas-da-mae\/wp-json\/wp\/v2\/categories?post=2599"},{"taxonomy":"post_tag","embeddable":true,"href":"https:\/\/blogs.correiobraziliense.com.br\/coletivo-filhas-da-mae\/wp-json\/wp\/v2\/tags?post=2599"}],"curies":[{"name":"wp","href":"https:\/\/api.w.org\/{rel}","templated":true}]}}