{"id":2591,"date":"2024-09-13T11:16:33","date_gmt":"2024-09-13T14:16:33","guid":{"rendered":"https:\/\/blogs.correiobraziliense.com.br\/coletivo-filhas-da-mae\/?p=2591"},"modified":"2024-09-14T08:31:43","modified_gmt":"2024-09-14T11:31:43","slug":"caminhada_e_atividades-pos-caminhada-em-um-mesmo-domingo-no-eixao","status":"publish","type":"post","link":"https:\/\/blogs.correiobraziliense.com.br\/coletivo-filhas-da-mae\/2024\/09\/13\/caminhada_e_atividades-pos-caminhada-em-um-mesmo-domingo-no-eixao\/","title":{"rendered":"Caminhada e Atividades P\u00f3s-Caminhada em um Mesmo Domingo no Eix\u00e3o"},"content":{"rendered":"<p>Cosette Castro<\/p>\n<p>Bras\u00edlia \u2013 Quantos preparativos comp\u00f5em a constru\u00e7\u00e3o de um projeto coletivo de acolhimento, est\u00edmulo \u00e0 sa\u00fade f\u00edsica e mental das pessoas que cuidam e tamb\u00e9m de informa\u00e7\u00e3o sobre dem\u00eancias, entre elas o Alzheimer?<\/p>\n<p>De quantas pessoas, \u00a0encontros, sonhos conjuntos, id\u00e9ias e possibilidades at\u00e9 sua realiza\u00e7\u00e3o em duas partes na mesma manh\u00e3 do domingo, 15\/09: Caminhada e atividades \u00a0P\u00f3s-Caminhada?<\/p>\n<p>Precisa muita gente solid\u00e1ria.<\/p>\n<p>O Coletivo Filhas da M\u00e3e \u00e9 um movimento com caracter\u00edsticas singulares. Apoiamos pessoas que cuidam familiares com dem\u00eancias, entre elas o Alzheimer. Por isso, incentivar a mem\u00f3ria individual e coletiva faz parte do nosso cotidiano.<\/p>\n<p>No entanto, esse\u00a0 cuidado familiar, al\u00e9m dos filhos e demais responsabilidades do trabalho de cuidado n\u00e3o remunerado, consome quase todo o dia. E \u00e9 nas brechas que atuamos.<\/p>\n<p>Em meio aos desafios di\u00e1rios, desenvolvemos projetos, pensamos pol\u00edticas p\u00fablicas e trabalhamos em rede.<\/p>\n<p>Nos encontramos, caminhamos semanalmente e acolhemos pessoas cuidadoras e suas demandas. Isso ocorre na forma presencial e no mundo virtual, como o grupo de WhatsApp.<\/p>\n<p>Nos propomos a contribuir para a constru\u00e7\u00e3o de uma Sociedade do Cuidado, em suas diferentes dimens\u00f5es, inclusive a digital.<\/p>\n<p>Atuamos na preven\u00e7\u00e3o de doen\u00e7as atrav\u00e9s do autocuidado e o cuidado coletivo,\u00a0 no est\u00edmulo a sa\u00fade mental atrav\u00e9s das manifesta\u00e7\u00f5es culturais, da brincadeira do \u00a0riso. No incentivo ao encontro, para evitar a solid\u00e3o, e na ocupa\u00e7\u00e3o da cidade, como \u00e9 o caso da defesa do Eix\u00e3o do Lazer. Tamb\u00e9m estimulamos as atividades nos parques, incentivando um olhar mais amoroso para o meio ambiente.<\/p>\n<p><img loading=\"lazy\" decoding=\"async\" class=\"size-medium wp-image-2593 aligncenter\" src=\"https:\/\/blogs.correiobraziliense.com.br\/coletivo-filhas-da-mae\/wp-content\/uploads\/sites\/60\/2024\/09\/card2caminhadadamemoria-300x300.jpg\" alt=\"\" width=\"300\" height=\"300\" srcset=\"https:\/\/blogs.correiobraziliense.com.br\/coletivo-filhas-da-mae\/wp-content\/uploads\/sites\/60\/2024\/09\/card2caminhadadamemoria-300x300.jpg 300w, https:\/\/blogs.correiobraziliense.com.br\/coletivo-filhas-da-mae\/wp-content\/uploads\/sites\/60\/2024\/09\/card2caminhadadamemoria-150x150.jpg 150w, https:\/\/blogs.correiobraziliense.com.br\/coletivo-filhas-da-mae\/wp-content\/uploads\/sites\/60\/2024\/09\/card2caminhadadamemoria-768x768.jpg 768w, https:\/\/blogs.correiobraziliense.com.br\/coletivo-filhas-da-mae\/wp-content\/uploads\/sites\/60\/2024\/09\/card2caminhadadamemoria-1024x1024.jpg 1024w, https:\/\/blogs.correiobraziliense.com.br\/coletivo-filhas-da-mae\/wp-content\/uploads\/sites\/60\/2024\/09\/card2caminhadadamemoria-800x800.jpg 800w, https:\/\/blogs.correiobraziliense.com.br\/coletivo-filhas-da-mae\/wp-content\/uploads\/sites\/60\/2024\/09\/card2caminhadadamemoria-550x550.jpg 550w, https:\/\/blogs.correiobraziliense.com.br\/coletivo-filhas-da-mae\/wp-content\/uploads\/sites\/60\/2024\/09\/card2caminhadadamemoria-230x230.jpg 230w, https:\/\/blogs.correiobraziliense.com.br\/coletivo-filhas-da-mae\/wp-content\/uploads\/sites\/60\/2024\/09\/card2caminhadadamemoria.jpg 1280w\" sizes=\"auto, (max-width: 300px) 100vw, 300px\" \/><\/p>\n<p>A 3a. Caminhada da Mem\u00f3ria e as atividades P\u00f3s- Caminhada de autocuidado e cuidado coletivo tem car\u00e1ter intergeracional e refletem nosso trabalho em parceria.<\/p>\n<p>Conhe\u00e7a a programa\u00e7\u00e3o deste domingo:<\/p>\n<p><strong>Quadra 204 Eix\u00e3o Norte &#8211; <\/strong>Concentra\u00e7\u00e3o da 3a. Caminhada da Mem\u00f3ria \u2013 8h \/ Sa\u00edda \u2013 8h30<\/p>\n<p><strong>Quadra 208 Eix\u00e3o Norte \u2013 Atividades P\u00f3s-Caminhada<\/strong><\/p>\n<p>Recep\u00e7\u00e3o dos Caminhantes \u2013 fanfarra da Capivareta Repercussiva<\/p>\n<p>Lanche e \u00e1gua (para caminhantes) \u2013 Tenda da Coordena\u00e7\u00e3o<\/p>\n<p>Carro de vacina\u00e7\u00e3o contra Covid 19 e Influenza com Z\u00e9 Gotinha \u2013 at\u00e9 12h<\/p>\n<p>-Tenda do Instituto Tocar\/Rede Consci\u00eancia \u2013 a partir das 9h15 &#8211; atividades de cuidado e autocuidado<\/p>\n<p>9h15 &#8211; T\u00e9cnica de regula\u00e7\u00e3o emocional, com Regina Almeida; 9h45 &#8211; Yoga na Cadeira, com Regina Almeida;\u00a0 10h15 &#8211; Pr\u00e1ticas de Relaxamento, com Regina Almeida; 10h45 &#8211; Tai Chi Chuan com Rita Felicetti; 11h15 &#8211;\u00a0 Automassagem, com\u00a0Rita Felicetti<\/p>\n<p>&#8211; Tenda de Cuidado Digital &#8211; a partir \u00a0das 9h30 com Prof. Kerlla Luz e equipe\/UDF<\/p>\n<p>&#8211; Tenda do Cuidado Longeviver \u2013 a partir das 9h30, orienta\u00e7\u00e3o sobre estimula\u00e7\u00e3o cognitiva, viv\u00eancia de atividades e jogos cognitivos<\/p>\n<p>&#8211; Tenda do Cuidado Super Idade \u2013 a partir das 9h30, aferi\u00e7\u00e3o de press\u00e3o e alongamento<\/p>\n<p>&#8211; T\u00e9cnica de Redu\u00e7\u00e3o do Estresse (TRE) \u2013 10h, ao ar livre com Mariano Pedroza<\/p>\n<p>&#8211; Oficina de Bordado \u2013 a partir das 9h30, ao ar livre com o Coletivo Borda Lutas<\/p>\n<p>&#8211; Roda de Conversa \u2013 das 10 \u00e0s 11h15, ao ar livre, sobre Sociedade do Cuidado, Envelhecimento Ativo, Sa\u00fade Mental e Direitos Humanos<\/p>\n<p>&#8211; Teatro do Oprimido \u00a0\u2013 11h15, ao ar livre com Fabiane Tejada<\/p>\n<p>&#8211; Encerramento \u2013 Dan\u00e7a Circular de Cuidado Coletivo \u2013 11h45, com Carla Ferreira<\/p>\n<p>Esperamos voc\u00ea!<\/p>\n<p>&nbsp;<\/p>\n<p>&nbsp;<\/p>\n<p>&nbsp;<\/p>\n<p>&nbsp;<\/p>\n","protected":false},"excerpt":{"rendered":"<p>Cosette Castro Bras\u00edlia \u2013 Quantos preparativos comp\u00f5em a constru\u00e7\u00e3o de um projeto coletivo de acolhimento, est\u00edmulo \u00e0 sa\u00fade f\u00edsica e mental das pessoas que cuidam e tamb\u00e9m de informa\u00e7\u00e3o sobre dem\u00eancias, entre elas o Alzheimer? De quantas pessoas, \u00a0encontros, sonhos conjuntos, id\u00e9ias e possibilidades at\u00e9 sua realiza\u00e7\u00e3o em duas partes na mesma manh\u00e3 do domingo, 15\/09: Caminhada e atividades \u00a0P\u00f3s-Caminhada? [&hellip;]<\/p>\n","protected":false},"author":126,"featured_media":0,"comment_status":"open","ping_status":"open","sticky":false,"template":"","format":"standard","meta":{"footnotes":""},"categories":[1295],"tags":[8,3,2,20,21,7,5,300,263],"class_list":["post-2591","post","type-post","status-publish","format-standard","hentry","category-3a-caminhada-da-memoria","tag-alzheimer","tag-autocuidado","tag-cuidado","tag-cuidadoras-familiares","tag-cuidadores-familiares","tag-demencias","tag-envelhecimento","tag-pessoas-idosas","tag-setembro-roxo"],"_links":{"self":[{"href":"https:\/\/blogs.correiobraziliense.com.br\/coletivo-filhas-da-mae\/wp-json\/wp\/v2\/posts\/2591","targetHints":{"allow":["GET"]}}],"collection":[{"href":"https:\/\/blogs.correiobraziliense.com.br\/coletivo-filhas-da-mae\/wp-json\/wp\/v2\/posts"}],"about":[{"href":"https:\/\/blogs.correiobraziliense.com.br\/coletivo-filhas-da-mae\/wp-json\/wp\/v2\/types\/post"}],"author":[{"embeddable":true,"href":"https:\/\/blogs.correiobraziliense.com.br\/coletivo-filhas-da-mae\/wp-json\/wp\/v2\/users\/126"}],"replies":[{"embeddable":true,"href":"https:\/\/blogs.correiobraziliense.com.br\/coletivo-filhas-da-mae\/wp-json\/wp\/v2\/comments?post=2591"}],"version-history":[{"count":5,"href":"https:\/\/blogs.correiobraziliense.com.br\/coletivo-filhas-da-mae\/wp-json\/wp\/v2\/posts\/2591\/revisions"}],"predecessor-version":[{"id":2598,"href":"https:\/\/blogs.correiobraziliense.com.br\/coletivo-filhas-da-mae\/wp-json\/wp\/v2\/posts\/2591\/revisions\/2598"}],"wp:attachment":[{"href":"https:\/\/blogs.correiobraziliense.com.br\/coletivo-filhas-da-mae\/wp-json\/wp\/v2\/media?parent=2591"}],"wp:term":[{"taxonomy":"category","embeddable":true,"href":"https:\/\/blogs.correiobraziliense.com.br\/coletivo-filhas-da-mae\/wp-json\/wp\/v2\/categories?post=2591"},{"taxonomy":"post_tag","embeddable":true,"href":"https:\/\/blogs.correiobraziliense.com.br\/coletivo-filhas-da-mae\/wp-json\/wp\/v2\/tags?post=2591"}],"curies":[{"name":"wp","href":"https:\/\/api.w.org\/{rel}","templated":true}]}}