{"id":2570,"date":"2024-09-02T13:00:21","date_gmt":"2024-09-02T16:00:21","guid":{"rendered":"https:\/\/blogs.correiobraziliense.com.br\/coletivo-filhas-da-mae\/?p=2570"},"modified":"2024-09-02T14:40:39","modified_gmt":"2024-09-02T17:40:39","slug":"o-dia-em-que-o-eixao-norte-foi-silenciado","status":"publish","type":"post","link":"https:\/\/blogs.correiobraziliense.com.br\/coletivo-filhas-da-mae\/2024\/09\/02\/o-dia-em-que-o-eixao-norte-foi-silenciado\/","title":{"rendered":"O Dia em que o Eix\u00e3o Norte Foi Silenciado"},"content":{"rendered":"<p>Cosette Castro e Juliana Seidl<\/p>\n<p>Bras\u00edlia \u2013 Hoje o Blog foi dividido em duas partes. A primeira \u00e9 dedicada ao Eix\u00e3o Norte, em refer\u00eancia ao domingo em que o Eix\u00e3o Norte ficou em sil\u00eancio for\u00e7ado.<\/p>\n<p>Na segunda parte do Blog abrimos espa\u00e7o para a psic\u00f3loga e pesquisadora Juliana Seidl apresentar a pesquisa que vai desenvolver sobre Diversidade e Inclus\u00e3o Et\u00e1ria nas Organiza\u00e7\u00f5es.<\/p>\n<p>Vamos a quest\u00e3o do Eix\u00e3o Norte.<\/p>\n<p>Quando acordamos no domingo, 01\/09, em Bras\u00edlia imagin\u00e1vamos um dia perfeito. Apesar dos 131 dias sem chuva e umidade bem abaixo dos 50% indicados como saud\u00e1veis pela Organiza\u00e7\u00e3o Mundial da Sa\u00fade (OMS).<\/p>\n<p>Durante a manh\u00e3, lan\u00e7amos a campanha Setembro Roxo 2024, m\u00eas mundial de conscientiza\u00e7\u00e3o sobre dem\u00eancias, entre elas o Alzheimer, no Parque Olhos D\u00b4\u00c1gua, na Asa Norte, logo ap\u00f3s a caminhada de domingo.<\/p>\n<p>Distribu\u00edmos folhetos informativos e conversamos com as mais de 250 pessoas que aproveitavam o dia de sol. E tamb\u00e9m tivemos espa\u00e7o para informar sobre o Setembro Roxo em meio \u00e0 Roda de Choro do Coletivo Caf\u00e9 com Chorinho.<\/p>\n<p>Qual a nossa surpresa ao saber que o Eix\u00e3o do Jazz, o Choro no Eixo e a Roda de Samba no Eix\u00e3o do Lazer, ali pertinho, foram cerceados em seu direito de ocupar a cidade oferecendo gratuitamente arte e cultura para a popula\u00e7\u00e3o?<\/p>\n<p>Eles foram for\u00e7ados\u00a0 por um aparato policial \u00a0que envolveu mais de 15 viaturas e carros guincho a guardar tudo e ir embora. Uma fiscaliza\u00e7\u00e3o que n\u00e3o se v\u00ea na \u00e1rea da sa\u00fade nem nos puxadinhos que se proliferam. Nem nas barb\u00e1ries cometidas pela constru\u00e7\u00e3o civil.<\/p>\n<p>Nas barracas de alimentos e bebidas, a produ\u00e7\u00e3o do dia foi perdida para\u00a0 trabalhadores que vivem na informalidade.<\/p>\n<p>Tamb\u00e9m foram obrigados a desmontar tendas e sair do Eix\u00e3o artes\u00e3os, grupos de percuss\u00e3o que ensaiavam no local e at\u00e9, pasmem! Grupos de autocuidado.<\/p>\n<p>Pela primeira vez, desde a pandemia, o Eix\u00e3o ficou em silencio.<\/p>\n<p>O que tem sido uma alegre e diversificada ocupa\u00e7\u00e3o do espa\u00e7o p\u00fablico se transformou em um domingo triste para a popula\u00e7\u00e3o de Bras\u00edlia que vai para o Eix\u00e3o\u00a0 praticar exerc\u00edcios, escutar m\u00fasica, fazer piqueniques e encontrar amigos \u00a0e familiares.<\/p>\n<p>\u00c9 uma popula\u00e7\u00e3o que movimenta o comercio informal daqueles que n\u00e3o t\u00eam or\u00e7amento para ter um bar ou restaurante no Plano Piloto.<\/p>\n<p>A popula\u00e7\u00e3o e os movimentos sociais n\u00e3o ficaram calados. J\u00e1 anunciaram a realiza\u00e7\u00e3o de uma caminhada em defesa do Eix\u00e3o no pr\u00f3ximo domingo pela manh\u00e3. Um dia depois do feriado de 07 de setembro. O Coletivo Filhas da M\u00e3e estar\u00e1 presente.<\/p>\n<p><strong>Diversidade e Inclus\u00e3o<\/strong><\/p>\n<p>Juliana Seidl \u2013 \u201cTsunami grisalho \u00e9 como o dem\u00f3grafo Jos\u00e9 Eust\u00e1quio\u00a0 Diniz Alves (2019) denominou o r\u00e1pido envelhecimento populacional brasileiro. De acordo com o Instituto Brasileiro de Geografia e Estat\u00edstica (IBGE, 2023), \u00a0o Brasil tem mais de 55 milh\u00f5es de pessoas com 50 anos de idade ou mais, o que representa 26% da popula\u00e7\u00e3o.<\/p>\n<p>A previs\u00e3o \u00e9 de que esse grupo populacional chegue a 90 milh\u00f5es em 2045 (<a href=\"https:\/\/ilocomotiva.com.br\/estudos\/o-mercado-da-longevidade-no-brasil\/\">Instituto Locomotiva<\/a>, 2022). Como consequ\u00eancia das reformas da Previd\u00eancia &#8211; como a \u00faltima, aprovada em 2019 \u2013 j\u00e1 est\u00e1 sendo exigido que as pessoas longevas trabalhem por mais tempo.<\/p>\n<p>Na iniciativa privada, a representatividade de funcion\u00e1rios com 50 \u00a0anos ou mais varia de 1 a 5% (Great Place to Work, 2023). Entre as 15 empresas que receberam o selo \u201cMelhores Empresas Para Trabalhar 50+\u201d em 2022 no Brasil, 19% tinha at\u00e9 25 anos; 32% do quadro funcional tinha entre 26 e 34 anos; 30%, entre 35 e 44; 12%, entre 45 e 54; e somente 7% acima de 55 anos (GPTW, 2023).<\/p>\n<p>Pensar na promo\u00e7\u00e3o da diversidade et\u00e1ria nas organiza\u00e7\u00f5es exige verificar se todas as gera\u00e7\u00f5es se encontram devidamente representadas.<\/p>\n<p>J\u00e1 para \u00a0estimular a promo\u00e7\u00e3o da inclus\u00e3o, \u00e9 necess\u00e1rio revisitar as pol\u00edticas e pr\u00e1ticas de gest\u00e3o de pessoas e averiguar se elas s\u00e3o inclusivas. E se possibilitam o crescimento, reconhecimento e desenvolvimento de um conjunto de trabalhadores com diferentes idades: dos 14 anos (menor aprendiz) at\u00e9 os 75 anos de idade (ou mais).<\/p>\n<p>Para \u00a0compreender como as organiza\u00e7\u00f5es brasileiras est\u00e3o se preparando para o envelhecimento populacional e para a conviv\u00eancia entre diferentes gera\u00e7\u00f5es no ambiente de trabalho, eu e a pesquisadora Luciana Mour\u00e3o (Instituto Universo) estamos conduzindo uma pesquisa nacional sobre Diversidade e Inclus\u00e3o Et\u00e1ria no Brasil.<\/p>\n<p>A pesquisa faz parte de \u00a0um <a href=\"https:\/\/www.leuphana.de\/en\/portals\/later-life-workplace-index\/later-life-workplace-index\/international-research-group.html\">projeto internacional<\/a> sob coordena\u00e7\u00e3o dos pesquisadores J\u00fcrgen Deller e Julia Finsel (Leuphana Universit\u00e4t L\u00fcneburg).<\/p>\n<p>Podem participar da pesquisa pessoas com 18 anos ou mais que trabalhem para uma organiza\u00e7\u00e3o, seja ela p\u00fablica, privada ou do terceiro setor. O tempo de dura\u00e7\u00e3o da pesquisa \u00e9 de 18 minutos.\u00a0 Para participar, acesse aqui: <a href=\"https:\/\/abrir.link\/pesquisalongeva\">https:\/\/abrir.link\/pesquisalongeva<\/a>\u00a0.\u201d<\/p>\n<p>PS: Nesta segunda pela manh\u00e3 estivemos\u00a0 ao vivo no programa Participa\u00e7\u00e3o Popular, da TV C\u00e2mara, com apresenta\u00e7\u00e3o de Jaciene Alves. Tema: Quem Cuida de Quem Cuida. <a href=\"https:\/\/www.youtube.com\/watch?v=jDveK8vapow&amp;list=PLitz1J-q25kMtUVdBPh6wfhWW_yBGMUmq&amp;index=1\">Link aqui.<\/a><\/p>\n<p>&nbsp;<\/p>\n","protected":false},"excerpt":{"rendered":"<p>Cosette Castro e Juliana Seidl Bras\u00edlia \u2013 Hoje o Blog foi dividido em duas partes. A primeira \u00e9 dedicada ao Eix\u00e3o Norte, em refer\u00eancia ao domingo em que o Eix\u00e3o Norte ficou em sil\u00eancio for\u00e7ado. Na segunda parte do Blog abrimos espa\u00e7o para a psic\u00f3loga e pesquisadora Juliana Seidl apresentar a pesquisa que vai desenvolver sobre Diversidade e Inclus\u00e3o Et\u00e1ria [&hellip;]<\/p>\n","protected":false},"author":126,"featured_media":0,"comment_status":"open","ping_status":"open","sticky":false,"template":"","format":"standard","meta":{"footnotes":""},"categories":[1279],"tags":[1258,1282,1284,1281,1280,1283],"class_list":["post-2570","post","type-post","status-publish","format-standard","hentry","category-setembro-roxo-2024","tag-eixao-norte","tag-jaciene-alves","tag-julia-seidl","tag-quem-cuida-de-quem-cuida","tag-setembro-roxo-2024","tag-tv-camara"],"_links":{"self":[{"href":"https:\/\/blogs.correiobraziliense.com.br\/coletivo-filhas-da-mae\/wp-json\/wp\/v2\/posts\/2570","targetHints":{"allow":["GET"]}}],"collection":[{"href":"https:\/\/blogs.correiobraziliense.com.br\/coletivo-filhas-da-mae\/wp-json\/wp\/v2\/posts"}],"about":[{"href":"https:\/\/blogs.correiobraziliense.com.br\/coletivo-filhas-da-mae\/wp-json\/wp\/v2\/types\/post"}],"author":[{"embeddable":true,"href":"https:\/\/blogs.correiobraziliense.com.br\/coletivo-filhas-da-mae\/wp-json\/wp\/v2\/users\/126"}],"replies":[{"embeddable":true,"href":"https:\/\/blogs.correiobraziliense.com.br\/coletivo-filhas-da-mae\/wp-json\/wp\/v2\/comments?post=2570"}],"version-history":[{"count":5,"href":"https:\/\/blogs.correiobraziliense.com.br\/coletivo-filhas-da-mae\/wp-json\/wp\/v2\/posts\/2570\/revisions"}],"predecessor-version":[{"id":2575,"href":"https:\/\/blogs.correiobraziliense.com.br\/coletivo-filhas-da-mae\/wp-json\/wp\/v2\/posts\/2570\/revisions\/2575"}],"wp:attachment":[{"href":"https:\/\/blogs.correiobraziliense.com.br\/coletivo-filhas-da-mae\/wp-json\/wp\/v2\/media?parent=2570"}],"wp:term":[{"taxonomy":"category","embeddable":true,"href":"https:\/\/blogs.correiobraziliense.com.br\/coletivo-filhas-da-mae\/wp-json\/wp\/v2\/categories?post=2570"},{"taxonomy":"post_tag","embeddable":true,"href":"https:\/\/blogs.correiobraziliense.com.br\/coletivo-filhas-da-mae\/wp-json\/wp\/v2\/tags?post=2570"}],"curies":[{"name":"wp","href":"https:\/\/api.w.org\/{rel}","templated":true}]}}