{"id":2557,"date":"2024-08-30T12:52:28","date_gmt":"2024-08-30T15:52:28","guid":{"rendered":"https:\/\/blogs.correiobraziliense.com.br\/coletivo-filhas-da-mae\/?p=2557"},"modified":"2024-08-30T13:29:42","modified_gmt":"2024-08-30T16:29:42","slug":"memoria-como-resgate-da-identidade-individual-e-coletiva","status":"publish","type":"post","link":"https:\/\/blogs.correiobraziliense.com.br\/coletivo-filhas-da-mae\/2024\/08\/30\/memoria-como-resgate-da-identidade-individual-e-coletiva\/","title":{"rendered":"Mem\u00f3ria como  Resgate da Identidade Individual e Coletiva"},"content":{"rendered":"<p>Cosette Castro<\/p>\n<p>Bras\u00edlia &#8211; No mesmo dia em que o Instituto Brasileiro de Geografia e Estat\u00edstica (IBGE) informou que a Capital Federal \u00e9 a cidade com maior expectativa de vida do pa\u00eds, fui assistir o filme &#8220;Mem\u00f3ria Infinita&#8221; (<a href=\"https:\/\/www.youtube.com\/watch?v=Wj8J1ct818Q\">trailer aqui<\/a>).<\/p>\n<p>O document\u00e1rio chileno dirigido por Mait\u00e9 Alberdi foi merecidamente indicado ao Oscar em 2024. O filme esteve presente em uma \u00fanica noite (29) na 7a. Mostra do Cinema Latino-Americano e Caribenho de Bras\u00edlia.<\/p>\n<p>De forma delicada, o documentario conta a hist\u00f3ria do jornalista Augusto G\u00f3ngora, que tinha Alzheimer, e sua companheira, a atriz Paulina Urrutia. O filme mostra o\u00a0 cotidiano do casal e tamb\u00e9m o paradoxo da perda da mem\u00f3ria e a luta di\u00e1ria pelo n\u00e3o esquecimento.<\/p>\n<p>G\u00f3ngora atuou durante anos para garantir que a mem\u00f3ria coletiva n\u00e3o fosse apagada no Chile. Segundo ele, \u201c \u00e9 muito importante reconstituir a mem\u00f3ria. \u00c9 sempre uma tentativa de olhar para si mesmo\u201d.<\/p>\n<p>De forma an\u00f4nima ou p\u00fablica, ontem a noite as pessoas que convivem com um familiar com dem\u00eancia tiveram a oportunidade de reconhecer a si mesmas em algum momento do filme.<\/p>\n<p>Pensando nisso, resgatei\u00a0 abaixo um texto publicado no Blog ainda em 2021, com o relato da \u00faltima viagem com minha m\u00e3e, Carmencita, que tamb\u00e9m teve Alzheimer.<\/p>\n<p>\u201cEm dezembro de 2017 cheguei mais cedo ao Rio Grande do Sul para passar uns dias com minha m\u00e3e, que estava entrando na fase intermedi\u00e1ria do Alzheimer.<\/p>\n<p>Combinei com ela de n\u00f3s duas\u00a0 viajarmos pela Serra ga\u00facha e passar uns dias em Nova Petr\u00f3polis, onde mora um casal de amigos, cuja amizade dura mais\u00a0 de 40 anos.<\/p>\n<p>Aluguei um carro e l\u00e1 fomos n\u00f3s. M\u00e3e e filha, naquela que seria nossa \u00faltima viagem a passeio juntas. Fomos subindo a Serra devagar, parando, olhando a paisagem.<\/p>\n<p>Almo\u00e7amos no templo budista de Tr\u00eas Irm\u00e3os, com minha m\u00e3e alternando momentos de bom e mau humor.<\/p>\n<p>Em Nova Petr\u00f3polis havia reservado uma cabana em um local tranq\u00fcilo, com piscina, muito verde, comida saud\u00e1vel e uma pequena biblioteca para h\u00f3spedes aficionados por livros.<\/p>\n<p>At\u00e9 aquele momento eu ainda n\u00e3o tinha no\u00e7\u00e3o do impacto da mudan\u00e7a na rotina \u2013 ainda que tempor\u00e1ria e por uma boa causa \u2013 \u00a0na vida de pacientes com dem\u00eancia.<\/p>\n<p>Ao n\u00e3o reconhecer sua casa, trocada por um local estranho e\u00a0 ter alterada a rotina di\u00e1ria, minha m\u00e3e \u00a0regrediu instantaneamente. Ela se perdia na pequena cabana de sala\/cozinha, quarto e banheiro. Perguntava v\u00e1rias vezes ao dia onde era o banheiro. E todas as manh\u00e3s perguntava onde n\u00f3s est\u00e1vamos.<\/p>\n<p>O local do caf\u00e9 da manh\u00e3,\u00a0 que ficava a 30 metros de dist\u00e2ncia, tamb\u00e9m era um espa\u00e7o desconhecido e assustador para minha m\u00e3e. Carmencita, que adorava viajar, passear, entrar em lojas e descobrir restaurantes, estava com medo, arredia e perdida.<\/p>\n<p>Apesar de ser um passeio lindo e de estar perto de amigos queridos, sentia minha m\u00e3e cada vez mais distante. Decidi reduzir os dias de viagem e voltamos para Porto Alegre.<\/p>\n<p>Depois das festas de Natal e Ano Novo, pr\u00f3ximo da data de voltar a Bras\u00edlia, \u00a0est\u00e1vamos caminhando pelo bairro e lembrei a ela que eu\u00a0 tinha de voltar para casa.<\/p>\n<p>Pela primeira vez em anos de dem\u00eancia, minha m\u00e3e disse que queria ir junto comigo para Bras\u00edlia.<\/p>\n<p>Era o momento que eu esperava. Organizei tudo, inclusive a sele\u00e7\u00e3o de cuidadoras, voltei para Porto Alegre e trouxe minha m\u00e3e para Bras\u00edlia. Ela nunca pediu (ou lembrou de pedir) pra voltar para o Sul.<\/p>\n<p>Minha m\u00e3e faleceu em janeiro de 2021 j\u00e1 na fase avan\u00e7ada da doen\u00e7a. Ela praticamente n\u00e3o me reconhecia mais\u201d.<\/p>\n<p>No Coletivo Filhas da M\u00e3e acreditamos que a mem\u00f3ria \u00e9 um bem individual e coletivo que precisa ser estimulado todos os dias, independente da exist\u00eancia (ou n\u00e3o) de uma doen\u00e7a instalada.<\/p>\n<p>PS1: No domingo, 01 de setembro, vamos estar caminhando no Parque Olhos D\u00b4\u00c1gua, na quadra 413\/414 Norte, em Bras\u00edlia, a partir das 8h30. Depois da trilha e do lanche compartilhado, a partir das 10h, \u00a0vamos lan\u00e7ar a campanha SETEMBRO ROXO 2024 \u00a0no Caf\u00e9 com Chorinho,\u00a0 dentro do Parque, distribuindo folhetos informativos sobre dem\u00eancias. Esperamos voc\u00ea!<\/p>\n","protected":false},"excerpt":{"rendered":"<p>Cosette Castro Bras\u00edlia &#8211; No mesmo dia em que o Instituto Brasileiro de Geografia e Estat\u00edstica (IBGE) informou que a Capital Federal \u00e9 a cidade com maior expectativa de vida do pa\u00eds, fui assistir o filme &#8220;Mem\u00f3ria Infinita&#8221; (trailer aqui). O document\u00e1rio chileno dirigido por Mait\u00e9 Alberdi foi merecidamente indicado ao Oscar em 2024. O filme esteve presente em uma [&hellip;]<\/p>\n","protected":false},"author":126,"featured_media":0,"comment_status":"open","ping_status":"open","sticky":false,"template":"","format":"standard","meta":{"footnotes":""},"categories":[1272],"tags":[1275,8,1276,903,20,21,499,1274,1277,1273,1278,263],"class_list":["post-2557","post","type-post","status-publish","format-standard","hentry","category-memoria","tag-7a-mostra-de-filmes-latino-americano-e-caribenho","tag-alzheimer","tag-augusto-gongora","tag-cafe-com-chorinho","tag-cuidadoras-familiares","tag-cuidadores-familiares","tag-demencia","tag-embaixada-do-chile","tag-maite-alberdi","tag-memoria-infinita","tag-paulina-urrutia","tag-setembro-roxo"],"_links":{"self":[{"href":"https:\/\/blogs.correiobraziliense.com.br\/coletivo-filhas-da-mae\/wp-json\/wp\/v2\/posts\/2557","targetHints":{"allow":["GET"]}}],"collection":[{"href":"https:\/\/blogs.correiobraziliense.com.br\/coletivo-filhas-da-mae\/wp-json\/wp\/v2\/posts"}],"about":[{"href":"https:\/\/blogs.correiobraziliense.com.br\/coletivo-filhas-da-mae\/wp-json\/wp\/v2\/types\/post"}],"author":[{"embeddable":true,"href":"https:\/\/blogs.correiobraziliense.com.br\/coletivo-filhas-da-mae\/wp-json\/wp\/v2\/users\/126"}],"replies":[{"embeddable":true,"href":"https:\/\/blogs.correiobraziliense.com.br\/coletivo-filhas-da-mae\/wp-json\/wp\/v2\/comments?post=2557"}],"version-history":[{"count":9,"href":"https:\/\/blogs.correiobraziliense.com.br\/coletivo-filhas-da-mae\/wp-json\/wp\/v2\/posts\/2557\/revisions"}],"predecessor-version":[{"id":2567,"href":"https:\/\/blogs.correiobraziliense.com.br\/coletivo-filhas-da-mae\/wp-json\/wp\/v2\/posts\/2557\/revisions\/2567"}],"wp:attachment":[{"href":"https:\/\/blogs.correiobraziliense.com.br\/coletivo-filhas-da-mae\/wp-json\/wp\/v2\/media?parent=2557"}],"wp:term":[{"taxonomy":"category","embeddable":true,"href":"https:\/\/blogs.correiobraziliense.com.br\/coletivo-filhas-da-mae\/wp-json\/wp\/v2\/categories?post=2557"},{"taxonomy":"post_tag","embeddable":true,"href":"https:\/\/blogs.correiobraziliense.com.br\/coletivo-filhas-da-mae\/wp-json\/wp\/v2\/tags?post=2557"}],"curies":[{"name":"wp","href":"https:\/\/api.w.org\/{rel}","templated":true}]}}