{"id":2530,"date":"2024-08-16T11:43:44","date_gmt":"2024-08-16T14:43:44","guid":{"rendered":"https:\/\/blogs.correiobraziliense.com.br\/coletivo-filhas-da-mae\/?p=2530"},"modified":"2024-10-02T10:36:59","modified_gmt":"2024-10-02T13:36:59","slug":"viver-ativo-com-parkinson","status":"publish","type":"post","link":"https:\/\/blogs.correiobraziliense.com.br\/coletivo-filhas-da-mae\/2024\/08\/16\/viver-ativo-com-parkinson\/","title":{"rendered":"Viver Ativo com Parkinson"},"content":{"rendered":"<p>Cosette Castro &amp; Victor Jimenez<\/p>\n<p>Bras\u00edlia &#8211; Hoje completa 116 dias sem chuva no Distrito Federal. E n\u00e3o tem sido f\u00e1cil.\u00a0A popula\u00e7\u00e3o do DF vem enfrentando seca, aumento dos inc\u00eandios e baix\u00edssima umidade do ar.<\/p>\n<p>\u00c9 muito importante tomar \u00e1gua durante todo o dia e evitar fazer exerc\u00edcios nas horas mais quentes do dia.\u00a0Nesse per\u00edodo, usar chap\u00e9u, protetor solar e sombrinhas s\u00e3o a\u00e7\u00f5es de autocuidado essenciais ao sair na rua.<\/p>\n<p>N\u00e3o \u00e9 por acaso que os consult\u00f3rios e hospitais t\u00eam andado lotados com pacientes com problemas respirat\u00f3rios, principalmente crian\u00e7as e pessoas idosas.\u00a0Segundo o Instituto Nacional de Meteorologia (INMET), a umidade do ar tem chegado a 20%. Bem distante dos 60% recomendados pela Organiza\u00e7\u00e3o Mundial da Sa\u00fade (OMS).<\/p>\n<p>Enquanto a chuva n\u00e3o chega com vontade no DF, seguimos com o Projeto Filhas da M\u00e3e Contam Hist\u00f3rias.\u00a0Desta vez, o relato \u00e9 do advogado Victor Jimenez, equatoriano que adotou o Brasil h\u00e1 50 anos.<\/p>\n<p>Diagnosticado com Parkinson desde 2029, Victor vem\u00a0 enfrentando\u00a0 diariamente os\u00a0 desafios da doen\u00e7a. E, em 2016, criou um grupo online de apoio aos pacientes: Parkinson, terapias integrativas.<\/p>\n<p>Victor Jimenez &#8211; &#8220;Lembro do dia em que o m\u00e9dico\u00a0 me comunicou, sem nenhuma cerimonia: &#8216; O senhor est\u00e1 com Parkinson, mas n\u00e3o vai morrer dessa doen\u00e7a&#8217;. Foi como uma senten\u00e7a de morte. O Parkinson \u00e9\u00a0 uma doen\u00e7a degenerativa incur\u00e1vel, mas que mant\u00e9m a consci\u00eancia dos pacientes.\u00a0A medica\u00e7\u00e3o, a Prolopa e outros medicamentos afins s\u00e3o apenas uma medida paliativa para suprir a falta\u00a0 da dopamina.<\/p>\n<p>Ap\u00f3s receber a not\u00edcia, minha cabe\u00e7a come\u00e7ou\u00a0 a doer, fechou a boca do est\u00f4mago e comecei a respirar com mais for\u00e7a.<\/p>\n<p>N\u00e3o perguntei mais nada. Sa\u00ed do consult\u00f3rio no hospital Santa L\u00facia e fui\u00a0 at\u00e9 a Legi\u00e3o da Boa Vontade (LBV), na Asa Sul.\u00a0Os pensamentos eram confusos. O\u00a0 que fazer? E meus sonhos?\u00a0 O que dizer para a fam\u00edlia? E no o trabalho?<\/p>\n<p>Depois de umas duas horas sa\u00ed do templo, entrei no carro e dirigi sem rumo.\u00a0N\u00e3o tinha vontade de voltar pra casa.\u00a0 Comecei a dirigir sem rumo terminando na Torre de Televis\u00e3o.\u00a0O elevador estava funcionando e entrei. L\u00e1 encima olhei para o lado da Esplanada dos Minist\u00e9rios. Vi a\u00a0 Rodovi\u00e1ria, o Congresso Nacional.<\/p>\n<p>Olhei para o movimento dos carros,\u00a0 para as cal\u00e7adas. As pessoas transitavam de um lado para outro.<\/p>\n<p>De pronto veio a lembran\u00e7a\u00a0 que dessa torre muitas pessoas tinham se suicidado. Senti um frio no est\u00f4mago e olhei mais uma vez para baixo.<\/p>\n<p>Quando voltei a ver a quantidade de vias e cal\u00e7adas que devem levar a algum lugar, pensei que tamb\u00e9m deveria haver alguma via para mim.\u00a0Entrei no no elevador e desci, apagando os pensamentos negativos.<\/p>\n<p>Segui caminhando sem rumo pelas cal\u00e7adas do Eixo Munumental. Era noite quando voltei para casa.<\/p>\n<p>Comuniquei a fam\u00edlia tentando n\u00e3o fazer\u00a0 alarme. Contei que o m\u00e9dico prescreveu uns medicamentos para ver se eles melhorariam a rigidez do meu corpo. E que era mesmo Parkinson.<\/p>\n<p>A melhora aconteceu.\u00a0 O m\u00e9dico fez ajuste da medica\u00e7\u00e3o e passei a levar a vida na &#8216;normalidade&#8217;.\u00a0 Continuei trabalhando, mas o conflito dentro de mim\u00a0 ainda fervilhava.<\/p>\n<p>Passei a ler mais sobre o assunto. Busquei especialistas na UnB. E participei de v\u00e1rios projetos aplic\u00e1veis a pessoas\u00a0 idosas e pessoas com Parkinson.<\/p>\n<p>Para repetir as atividades\u00a0 sugeridas em casa, comecei a gravar e editar v\u00eddeos. A minha filha Amanda\u00a0 j\u00e1 publicava no YouTube e\u00a0 ela me incentivou a publicar v\u00eddeos.\u00a0Em pouco tempo o canal <a href=\"https:\/\/www.youtube.com\/channel\/UCEBNAsqDwtRlJLXfIpm0sgg\">&#8216;Viver Ativo com Parkinson&#8217;<\/a> estava sendo visto por muitas pessoas.<\/p>\n<p>Na UnB\u00a0 tive o contato com o Tai Chi\u00a0 Chuan. Foi assim que conheci o mestre Woo, da Pra\u00e7a da Harmonia Universal.\u00a0L\u00e1 passei tamb\u00e9m a gravar\u00a0 as atividades de Tai Chi e surgiu o canal no YouTube\u00a0 &#8220;<a href=\"https:\/\/www.youtube.com\/c\/PracadaHarmoniaUniversal\">Pra\u00e7a da Harmonia Universal<\/a>&#8220;.<\/p>\n<p>Essas atividades me fizeram muito bem. No Tai chi\u00a0 tive o contato com a medicina chinesa. Ela abriu\u00a0 portas que me permitem viver com qualidade de vida&#8221;.<\/p>\n<p>Para quem tem uma doen\u00e7a progressiva, independente qual seja, todo dia \u00e9 um desafio. E \u00e9\u00a0um aprendizado constante viver um dia de cada vez.<\/p>\n<p>PS \u2013 Hoje, dia 16, come\u00e7a a 3\u00aa. Mostra Nacional de Produ\u00e7\u00e3o das Margaridas no Eixo Cultural \u00cdbero -Americano em Bras\u00edlia. Aberta at\u00e9 dia 18.<\/p>\n<p>PS 1 \u2013 Domingo, 18\/08, tem caminhada no Parque das Gar\u00e7as localizado no final do Lago Norte. Encontro na entrada do Parque \u00e0s 8h30. <a href=\"https:\/\/chat.whatsapp.com\/LHdl3tIiolV6b0zi5wiVGA\">Inscri\u00e7\u00e3o gratuita aqui.<\/a><\/p>\n","protected":false},"excerpt":{"rendered":"<p>Cosette Castro &amp; Victor Jimenez Bras\u00edlia &#8211; Hoje completa 116 dias sem chuva no Distrito Federal. E n\u00e3o tem sido f\u00e1cil.\u00a0A popula\u00e7\u00e3o do DF vem enfrentando seca, aumento dos inc\u00eandios e baix\u00edssima umidade do ar. \u00c9 muito importante tomar \u00e1gua durante todo o dia e evitar fazer exerc\u00edcios nas horas mais quentes do dia.\u00a0Nesse per\u00edodo, usar chap\u00e9u, protetor solar e [&hellip;]<\/p>\n","protected":false},"author":126,"featured_media":0,"comment_status":"open","ping_status":"open","sticky":false,"template":"","format":"standard","meta":{"footnotes":""},"categories":[117],"tags":[1262,3,1261,1260,119,5,778,977,300,549,526],"class_list":["post-2530","post","type-post","status-publish","format-standard","hentry","category-autocuidado","tag-3a-mostra-nacional-de-producao-das-margaridas","tag-autocuidado","tag-canal-praca-da-harmonia-universal","tag-canal-viver-ativo-com-parkinson","tag-cuidado-e-autocuidado","tag-envelhecimento","tag-parkinson","tag-parque-das-garcas","tag-pessoas-idosas","tag-tai-chi-chuan","tag-victor-jimenez"],"_links":{"self":[{"href":"https:\/\/blogs.correiobraziliense.com.br\/coletivo-filhas-da-mae\/wp-json\/wp\/v2\/posts\/2530","targetHints":{"allow":["GET"]}}],"collection":[{"href":"https:\/\/blogs.correiobraziliense.com.br\/coletivo-filhas-da-mae\/wp-json\/wp\/v2\/posts"}],"about":[{"href":"https:\/\/blogs.correiobraziliense.com.br\/coletivo-filhas-da-mae\/wp-json\/wp\/v2\/types\/post"}],"author":[{"embeddable":true,"href":"https:\/\/blogs.correiobraziliense.com.br\/coletivo-filhas-da-mae\/wp-json\/wp\/v2\/users\/126"}],"replies":[{"embeddable":true,"href":"https:\/\/blogs.correiobraziliense.com.br\/coletivo-filhas-da-mae\/wp-json\/wp\/v2\/comments?post=2530"}],"version-history":[{"count":5,"href":"https:\/\/blogs.correiobraziliense.com.br\/coletivo-filhas-da-mae\/wp-json\/wp\/v2\/posts\/2530\/revisions"}],"predecessor-version":[{"id":2644,"href":"https:\/\/blogs.correiobraziliense.com.br\/coletivo-filhas-da-mae\/wp-json\/wp\/v2\/posts\/2530\/revisions\/2644"}],"wp:attachment":[{"href":"https:\/\/blogs.correiobraziliense.com.br\/coletivo-filhas-da-mae\/wp-json\/wp\/v2\/media?parent=2530"}],"wp:term":[{"taxonomy":"category","embeddable":true,"href":"https:\/\/blogs.correiobraziliense.com.br\/coletivo-filhas-da-mae\/wp-json\/wp\/v2\/categories?post=2530"},{"taxonomy":"post_tag","embeddable":true,"href":"https:\/\/blogs.correiobraziliense.com.br\/coletivo-filhas-da-mae\/wp-json\/wp\/v2\/tags?post=2530"}],"curies":[{"name":"wp","href":"https:\/\/api.w.org\/{rel}","templated":true}]}}