{"id":2508,"date":"2024-08-02T07:48:33","date_gmt":"2024-08-02T10:48:33","guid":{"rendered":"https:\/\/blogs.correiobraziliense.com.br\/coletivo-filhas-da-mae\/?p=2508"},"modified":"2024-10-02T10:48:08","modified_gmt":"2024-10-02T13:48:08","slug":"o-amor-em-tempos-de-demencia","status":"publish","type":"post","link":"https:\/\/blogs.correiobraziliense.com.br\/coletivo-filhas-da-mae\/2024\/08\/02\/o-amor-em-tempos-de-demencia\/","title":{"rendered":"O Amor em Tempos de Dem\u00eancia"},"content":{"rendered":"<div>\n<div class=\"nH\">\n<div class=\"nH\">\n<div class=\"nH aqk aql bkL\">\n<div class=\"nH bkK\">\n<div class=\"nH\">\n<div class=\"nH ar4 z\">\n<div class=\"aeI\">\n<div class=\"AO\">\n<div id=\":3\" class=\"Tm aeJ\">\n<div id=\":1\" class=\"aeF\">\n<div class=\"nH\">\n<div class=\"nH\" role=\"main\">\n<div class=\"nH g\">\n<div class=\"nH a98 iY\">\n<div class=\"nH\">\n<div class=\"aHU hx\">\n<div role=\"list\">\n<div class=\"h7 ie\" role=\"listitem\">\n<div class=\"Bk\">\n<div class=\"G3 G2\">\n<div id=\":43f\">\n<div class=\"adn ads\">\n<div class=\"gs\">\n<div class=\"\">\n<div id=\":43i\" class=\"ii gt\">\n<div id=\":43h\" class=\"a3s aiL \">\n<div dir=\"auto\">\n<div dir=\"auto\">Cosette Castro &amp; Queise Mandim<\/div>\n<p dir=\"auto\">Bras\u00edlia &#8211; Esta semana a Comiss\u00e3o Lancet para Dem\u00eancias anunciou a atualiza\u00e7\u00e3o dos fatores evit\u00e1veis para reduzir o risco de dem\u00eancia (<a href=\"https:\/\/www.thelancet.com\/journals\/lancet\/article\/PIIS0140-6736(24)01296-0\/fulltext\">leia aqui<\/a>).\u00a0 A Comiss\u00e3o permanente, formada por 27 especialistas internacionais, foi criada pela revista m\u00e9dica brit\u00e2nica The Lancet.<\/p>\n<p dir=\"auto\">Aos 12 fatores evit\u00e1veis j\u00e1 existentes foram acrescentados outros dois: a perda da vis\u00e3o n\u00e3o tratada e o colesterol alto.<\/p>\n<p dir=\"auto\">Enquanto estimulamos as pessoas a praticarem os fatores de preven\u00e7\u00e3o diariamente, seguimos com o projeto Filhas da M\u00e3e Contam Hist\u00f3rias.<\/p>\n<p dir=\"auto\">Hoje publicamos o relato enviado por Queise Mandim. Ela \u00e9 Mestre em Economia, auditora interna do Instituto de Pesquisa Aplicada ( IPEA) e cuidadora do marido h\u00e1 nove anos.<\/p>\n<p dir=\"auto\">Queise Mandim\u00a0 &#8211; &#8220;Quando\u00a0 nos casamos fazemos planos e sonhamos com um futuro conjunto. Mas nem sempre acontece como almejamos.<\/p>\n<p dir=\"auto\">Tenho aprendido que o futuro desejado n\u00e3o depende somente dos nossos esfor\u00e7os.<\/p>\n<p dir=\"auto\">Eu imaginava que, ao nos aposentarmos, meu marido e eu aproveitar\u00edamos os \u00faltimos anos de nossas vidas com poss\u00edveis filhos e netos.<\/p>\n<p dir=\"auto\">Cumprir\u00edamos a promessa feita no altar: &#8216;.. at\u00e9 que a morte nos separe&#8217;. No entanto,\u00a0 a partir de 2015 as mudan\u00e7as no comportamento e capacidades do meu esposo\u00a0 indicaram que algo n\u00e3o estava bem.<\/p>\n<p dir=\"auto\">Um dos epis\u00f3dios mais marcantes ocorreu quando ele disse que n\u00e3o poderia mais dirigir.\u00a0Daniel se deu conta que havia perdido a no\u00e7\u00e3o de dist\u00e2ncia dos outros carros. \u00c0s\u00a0vezes n\u00e3o sabia para onde ir. Passei ent\u00e3o a assumir essa atividade.<\/p>\n<p dir=\"auto\">Mas\u00a0 outros comprometimentos foram surgindo. Quedas na rua, se perder dentro de casa, atrapalhar-se com as medica\u00e7\u00f5es e com pagamento de contas, esquecimento da Prova de Vida e descontrole banc\u00e1rio.<\/p>\n<p dir=\"auto\">A partir da\u00ed, procurei tratamento para Daniel, passando por diversas especialidades m\u00e9dicas na\u00a0 busca pela resolu\u00e7\u00e3o dos problemas.<\/p>\n<p dir=\"auto\">Nesse per\u00edodo, encontrei o grupo de apoio da ABRAZ que realizava Roda de Conversas presenciais. L\u00e1 me enriqueci de informa\u00e7\u00f5es, especialmente aquelas ofertadas por Ana Castro e pelo geriatra Ot\u00e1vio Castello. Depois do fim da ABRAZ DF, conheci e passei a participar do Coletivo Filhas da M\u00e3e.<\/p>\n<p dir=\"auto\">Com o\u00a0 passar do tempo, observei que os sintomas do meu esposo eram diferentes dos descritos para as pessoas com Alzheimer.<\/p>\n<p dir=\"auto\">Em dezembro de 2018, ap\u00f3s tr\u00eas avalia\u00e7\u00f5es cognitivas, o neuropsiquiatra nos apresentou o diagn\u00f3stico: Dem\u00eancia Mista (Alzheimer e Vascular). Ficamos desnorteados e iniciamos todas as terapias poss\u00edveis. Aos poucos, a espiritualidade foi acalentando nossos cora\u00e7\u00f5es.<\/p>\n<p dir=\"auto\">Por indica\u00e7\u00e3o, procurei a Dra. Marina Barrichello, geriatra especialista em dem\u00eancia. E, em 2020,\u00a0 ela identificou o caso como prov\u00e1vel dem\u00eancia por Corpos de Lewy.<\/p>\n<p dir=\"auto\">Hoje, ap\u00f3s 33 anos de casados, Daniel est\u00e1 acamado em cuidados paliativos.<\/p>\n<p dir=\"auto\">Meu filho e eu tivemos que ajustar nossas atividades, adaptar a casa e aprender a fazer o melhor poss\u00edvel em cada fase do processo. Buscamos dar ao Daniel conforto para que se sinta bem, acolhido e amado.<\/p>\n<p dir=\"auto\">Nesse per\u00edodo adotamos dois gatinhos. Atualmente eles s\u00e3o a alegria e distra\u00e7\u00e3o da nossa casa.<\/p>\n<p dir=\"auto\">Enquanto trabalho, contamos com ajuda de uma pessoa nos afazeres dom\u00e9sticos e no apoio aos cuidados do meu querido.<\/p>\n<p dir=\"auto\">Ap\u00f3s a \u00faltima interna\u00e7\u00e3o de Daniel, em outubro de 2023, precisei entrar na justi\u00e7a para conseguir o Home Care. Isso me obrigou a\u00a0 interditar Daniel. Relutei, porque at\u00e9 ent\u00e3o resolvia tudo com a conta conjunta e uma procura\u00e7\u00e3o. Mas essa parte legal precisou ser feita.<\/p>\n<p dir=\"auto\">Nesses anos, aprendi que a beleza\u00a0 da vida est\u00e1 em desconhecer o futuro.<\/p>\n<p dir=\"auto\">Sei que a espiritualidade est\u00e1 conosco e me d\u00e1 for\u00e7as para enfrentar as diferentes situa\u00e7\u00f5es que aparecem. Tamb\u00e9m sei que coloca pessoas amigas para ajudar,\u00a0 como as Filhas da M\u00e3e.&#8221;<\/p>\n<\/div>\n<p dir=\"auto\">Convidamos voc\u00ea a participar do Projeto Filhas da M\u00e3e Contam Hist\u00f3rias. Envie o seu relato contando uma das muitas experi\u00eancias durante a atividade de cuidado familiar. Escreva como se tivesse conversando com uma pessoa amiga em 450 palavras. Envie para o e-mail coletivofilhasdam\u00e3e@gmail.com<\/p>\n<\/div>\n<\/div>\n<\/div>\n<\/div>\n<\/div>\n<\/div>\n<\/div>\n<\/div>\n<\/div>\n<\/div>\n<\/div>\n<\/div>\n<\/div>\n<\/div>\n<\/div>\n<\/div>\n<\/div>\n<\/div>\n<\/div>\n<\/div>\n<\/div>\n<\/div>\n<\/div>\n<\/div>\n<\/div>\n<\/div>\n<\/div>\n<p dir=\"auto\">PS: Neste s\u00e1bado, 03\/08, vai acontecer online, das 9 \u00e0s 13h, a 1a. Confer\u00eancia Livre Nacional de Pessoas Cuidadoras de Pessoas Idosas. A Confer\u00eancia vai aprovar propostas para melhorar a qualidade de vida das pessoas que cuidam sem remunera\u00e7\u00e3o e tamb\u00e9m para quem cuida com remunera\u00e7\u00e3o.\u00a0 Inscri\u00e7\u00e3o gratuita <a href=\"https:\/\/www.sympla.com.br\/evento-online\/i-conferencia-livre-nacional-para-pessoas-cuidadoras-de-pessoas-idosas\/2535063?referrer=blogs.correiobraziliense.com.br&amp;referrer=blogs.correiobraziliense.com.br\">AQUI.<\/a><\/p>\n<div>\n<div class=\"nH\">\n<div class=\"nH\">\n<div class=\"nH aqk aql bkL\">\n<div class=\"nH bkK\">\n<div class=\"nH\">\n<div class=\"nH ar4 z\">\n<div class=\"aeI\">\n<div class=\"AO\">\n<div id=\":3\" class=\"Tm aeJ\">\n<div id=\":1\" class=\"aeF\">\n<div class=\"nH\">\n<div class=\"nH\" role=\"main\">\n<div class=\"nH g\">\n<div class=\"nH a98 iY\">\n<div class=\"nH\">\n<div class=\"aHU hx\">\n<div class=\"h7 ie\" role=\"listitem\">\n<div class=\"Bk\">\n<div class=\"G3 G2\">\n<div id=\":43f\">\n<div class=\"adn ads\">\n<div class=\"gs\">\n<div class=\"\">\n<div id=\":43i\" class=\"ii gt\">\n<div id=\":43h\" class=\"a3s aiL \">\n<div class=\"yj6qo\"><\/div>\n<div class=\"adL\"><\/div>\n<\/div>\n<\/div>\n<div class=\"WhmR8e\"><\/div>\n<\/div>\n<\/div>\n<div class=\"ajx\"><\/div>\n<\/div>\n<div class=\"gA gt acV\">\n<div class=\"gB xu\">\n<div class=\"ip iq\"><\/div>\n<\/div>\n<\/div>\n<\/div>\n<\/div>\n<\/div>\n<\/div>\n<p>&nbsp;<\/p>\n<\/div>\n<\/div>\n<div class=\"nH\">\n<div class=\"l2\"><\/div>\n<\/div>\n<\/div>\n<\/div>\n<\/div>\n<\/div>\n<\/div>\n<\/div>\n<\/div>\n<\/div>\n<\/div>\n<\/div>\n<\/div>\n<div class=\"nH\">\n<div class=\"aUx\">\n<div class=\"bAw bcf it\">\n<div class=\"brC-dA-I-Jw\">\n<div class=\"aT5-aOt-I brC-dA-I aT5-aOt-I-Jp\" role=\"button\">\n<div class=\"aT5-aOt-I-JX-atM\"><\/div>\n<div class=\"aT5-aOt-I-JX-Jw\"><\/div>\n<\/div>\n<\/div>\n<\/div>\n<\/div>\n<\/div>\n<\/div>\n<\/div>\n<\/div>\n<\/div>\n<div class=\"vY nq\"><\/div>\n<div>\n<div><\/div>\n<\/div>\n<div class=\"dw\">\n<div>\n<div class=\"nH\">\n<div class=\"nH\">\n<div class=\"no\">\n<div class=\"nH nn\"><\/div>\n<div class=\"nH nn\">\n<div class=\"no\">\n<div class=\"nH nn\">\n<div class=\"AD\">\n<div class=\"nH\">\n<div class=\"nH Hd\" role=\"dialog\">\n<div class=\"nH\">\n<div><\/div>\n<\/div>\n<\/div>\n<\/div>\n<\/div>\n<\/div>\n<\/div>\n<\/div>\n<\/div>\n<\/div>\n<\/div>\n<\/div>\n<\/div>\n","protected":false},"excerpt":{"rendered":"<p>Cosette Castro &amp; Queise Mandim Bras\u00edlia &#8211; Esta semana a Comiss\u00e3o Lancet para Dem\u00eancias anunciou a atualiza\u00e7\u00e3o dos fatores evit\u00e1veis para reduzir o risco de dem\u00eancia (leia aqui).\u00a0 A Comiss\u00e3o permanente, formada por 27 especialistas internacionais, foi criada pela revista m\u00e9dica brit\u00e2nica The Lancet. Aos 12 fatores evit\u00e1veis j\u00e1 existentes foram acrescentados outros dois: a perda da vis\u00e3o n\u00e3o tratada [&hellip;]<\/p>\n","protected":false},"author":126,"featured_media":0,"comment_status":"open","ping_status":"open","sticky":false,"template":"","format":"standard","meta":{"footnotes":""},"categories":[35],"tags":[8,297,1251,1248,2,21,971,694,204,1249,1250],"class_list":["post-2508","post","type-post","status-publish","format-standard","hentry","category-cuidado","tag-alzheimer","tag-ana-castro","tag-comissao-lancet-para-demencias","tag-corpos-de-lewy","tag-cuidado","tag-cuidadores-familiares","tag-demencia-mista","tag-marina-barichello","tag-otavio-castello","tag-queise-mandim","tag-the-lancet"],"_links":{"self":[{"href":"https:\/\/blogs.correiobraziliense.com.br\/coletivo-filhas-da-mae\/wp-json\/wp\/v2\/posts\/2508","targetHints":{"allow":["GET"]}}],"collection":[{"href":"https:\/\/blogs.correiobraziliense.com.br\/coletivo-filhas-da-mae\/wp-json\/wp\/v2\/posts"}],"about":[{"href":"https:\/\/blogs.correiobraziliense.com.br\/coletivo-filhas-da-mae\/wp-json\/wp\/v2\/types\/post"}],"author":[{"embeddable":true,"href":"https:\/\/blogs.correiobraziliense.com.br\/coletivo-filhas-da-mae\/wp-json\/wp\/v2\/users\/126"}],"replies":[{"embeddable":true,"href":"https:\/\/blogs.correiobraziliense.com.br\/coletivo-filhas-da-mae\/wp-json\/wp\/v2\/comments?post=2508"}],"version-history":[{"count":5,"href":"https:\/\/blogs.correiobraziliense.com.br\/coletivo-filhas-da-mae\/wp-json\/wp\/v2\/posts\/2508\/revisions"}],"predecessor-version":[{"id":2513,"href":"https:\/\/blogs.correiobraziliense.com.br\/coletivo-filhas-da-mae\/wp-json\/wp\/v2\/posts\/2508\/revisions\/2513"}],"wp:attachment":[{"href":"https:\/\/blogs.correiobraziliense.com.br\/coletivo-filhas-da-mae\/wp-json\/wp\/v2\/media?parent=2508"}],"wp:term":[{"taxonomy":"category","embeddable":true,"href":"https:\/\/blogs.correiobraziliense.com.br\/coletivo-filhas-da-mae\/wp-json\/wp\/v2\/categories?post=2508"},{"taxonomy":"post_tag","embeddable":true,"href":"https:\/\/blogs.correiobraziliense.com.br\/coletivo-filhas-da-mae\/wp-json\/wp\/v2\/tags?post=2508"}],"curies":[{"name":"wp","href":"https:\/\/api.w.org\/{rel}","templated":true}]}}