{"id":2486,"date":"2024-07-26T07:30:12","date_gmt":"2024-07-26T10:30:12","guid":{"rendered":"https:\/\/blogs.correiobraziliense.com.br\/coletivo-filhas-da-mae\/?p=2486"},"modified":"2024-07-26T07:22:29","modified_gmt":"2024-07-26T10:22:29","slug":"nem-toda-demencia-e-alzheimer","status":"publish","type":"post","link":"https:\/\/blogs.correiobraziliense.com.br\/coletivo-filhas-da-mae\/2024\/07\/26\/nem-toda-demencia-e-alzheimer\/","title":{"rendered":"Nem Toda Dem\u00eancia \u00c9 Alzheimer"},"content":{"rendered":"<p>Cosette Castro &amp; Rosa Carla de Oliveira<\/p>\n<p>Bras\u00edlia &#8211; Hoje trazemos um novo relato no Projeto Filhas da M\u00e3e Contam Historias. Em 2024 o Projeto se encontra na 4a edi\u00e7\u00e3o.<\/p>\n<p>A historia sobre a D. Carlinda, 83 anos, chega um dia depois do dia internacional da\u00a0 mulher negra latino-americana e caribenha. E tamb\u00e9m do dia nacional de Tereza de Benguela, lideran\u00e7a quilombola dos idos de 1700 que defendeu pessoas negras e ind\u00edgenas da escravid\u00e3o.<\/p>\n<p>Nesta sexta-feira a convidada \u00e9 a advogada Rosa Carla Monteiro de Oliveira. Ela \u00e9 co-cuidadora da m\u00e3e que tem dem\u00eancia, ao lado da irm\u00e3, a engenheira Renata Monteiro.<\/p>\n<p>Rosa Carla Monteiro de Oliveira &#8211; &#8220;H\u00e1 tr\u00eas anos minha irm\u00e3 e eu fomos atravessadas pelo primeiro Diagn\u00f3stico de Alzheimer da mam\u00e3e. Contudo, ap\u00f3s rean\u00e1lise de in\u00fameros m\u00e9dicos e exames, foi constatado erro de diagn\u00f3stico. O resultado final indicou Dem\u00eancia Vascular.<\/p>\n<p>Este ano, no dia 25 de mar\u00e7o, mam\u00e3e teve um epis\u00f3dio de broncoaspira\u00e7\u00e3o e foi internada na UTI.<\/p>\n<p>Ela foi intubada pelo agravado quadro de pneumonia e sepsia. A sepsia ocorre quando subst\u00e2ncias qu\u00edmicas liberadas na corrente sangu\u00ednea para combater uma infec\u00e7\u00e3o desencadeiam uma inflama\u00e7\u00e3o em todo o corpo.<\/p>\n<p>Desacreditada inicialmente pelos m\u00e9dicos, ela acordou no domingo de P\u00e1scoa e me perguntou: &#8216;Onde \u00e9 que voc\u00ea estava?&#8217;.\u00a0Eu, ainda incr\u00e9dula, respondi: &#8216;Esperando voc\u00ea acordar, m\u00e3e&#8217;.<\/p>\n<p>Dias depois mam\u00e3e, que estava usando sonda para se alimentar, disse ao Dr. Pedro na visita matinal dos m\u00e9dicos: &#8216;Dr. Pedro! Dr. Pedro!&#8217; (aos gritos). &#8216;Quando vou comer comida, comida?&#8217;<\/p>\n<p>Fiquei envergonhada com os gritos dela e com os olhares cr\u00edticos dos demais e disse: &#8216;Xiii, M\u00e3e, fala baixo, o Dr. est\u00e1 atendendo. Ele j\u00e1 vem aqui&#8217;.\u00a0De pronto minha m\u00e3e respondeu: &#8216;Xi o qu\u00ea! Eu sou primeira, eu sou velhinha! Dr. Pedro!&#8217; (ainda aos gritos) . &#8216;Volta Dr. Pedro!&#8217;<\/p>\n<p style=\"text-align: center\"><img loading=\"lazy\" decoding=\"async\" class=\"alignnone size-medium wp-image-2487\" src=\"https:\/\/blogs.correiobraziliense.com.br\/coletivo-filhas-da-mae\/wp-content\/uploads\/sites\/60\/2024\/07\/projetofilhasda-mae-contam-hist\u00f3rias2024-300x300.jpg\" alt=\"\" width=\"300\" height=\"300\" srcset=\"https:\/\/blogs.correiobraziliense.com.br\/coletivo-filhas-da-mae\/wp-content\/uploads\/sites\/60\/2024\/07\/projetofilhasda-mae-contam-hist\u00f3rias2024-300x300.jpg 300w, https:\/\/blogs.correiobraziliense.com.br\/coletivo-filhas-da-mae\/wp-content\/uploads\/sites\/60\/2024\/07\/projetofilhasda-mae-contam-hist\u00f3rias2024-150x150.jpg 150w, https:\/\/blogs.correiobraziliense.com.br\/coletivo-filhas-da-mae\/wp-content\/uploads\/sites\/60\/2024\/07\/projetofilhasda-mae-contam-hist\u00f3rias2024-768x768.jpg 768w, https:\/\/blogs.correiobraziliense.com.br\/coletivo-filhas-da-mae\/wp-content\/uploads\/sites\/60\/2024\/07\/projetofilhasda-mae-contam-hist\u00f3rias2024-1024x1024.jpg 1024w, https:\/\/blogs.correiobraziliense.com.br\/coletivo-filhas-da-mae\/wp-content\/uploads\/sites\/60\/2024\/07\/projetofilhasda-mae-contam-hist\u00f3rias2024-800x800.jpg 800w, https:\/\/blogs.correiobraziliense.com.br\/coletivo-filhas-da-mae\/wp-content\/uploads\/sites\/60\/2024\/07\/projetofilhasda-mae-contam-hist\u00f3rias2024-550x550.jpg 550w, https:\/\/blogs.correiobraziliense.com.br\/coletivo-filhas-da-mae\/wp-content\/uploads\/sites\/60\/2024\/07\/projetofilhasda-mae-contam-hist\u00f3rias2024-230x230.jpg 230w, https:\/\/blogs.correiobraziliense.com.br\/coletivo-filhas-da-mae\/wp-content\/uploads\/sites\/60\/2024\/07\/projetofilhasda-mae-contam-hist\u00f3rias2024.jpg 1280w\" sizes=\"auto, (max-width: 300px) 100vw, 300px\" \/><\/p>\n<p>De longe, o Dr. Pedro comentou: &#8216;\u00c9! Alzheimer a av\u00f3 n\u00e3o tem mesmo&#8217;. Todos na UTI cairam na gargalhada.<\/p>\n<p>Quase um m\u00eas depois mam\u00e3e voltou pra casa. Esta ultima interna\u00e7\u00e3o gerou um decl\u00ednio na qualidade de vida dela, inclusive nas habilidades motoras.<\/p>\n<p>Da nossa parte, al\u00e9m do susto com mam\u00e3e, tivemos desgaste com o plano de sa\u00fade na eterna luta para garantir nossos direitos. Entre eles, o atendimento residencial de fonodi\u00f3loga e fisioterapeuta.<\/p>\n<p>Mas a professora de hist\u00f3ria aposentada segue resiliente, nos reeducando tamb\u00e9m durante os desafios da doen\u00e7a. Seja sobre os limites dela seja\u00a0nos\u00a0nossos&#8221;.<\/p>\n<p>A fam\u00edlia Monteiro \u00e9 carioca da gema. H\u00e1 dois anos D. Carlinda participa e alegra os carnavais do Bloco Filhas da M\u00e3e.<\/p>\n<p>PS: Ainda da tempo de se inscrever\u00a0para participar online da 1a Confer\u00eancia Livre Nacional de Pessoas Cuidadoras de Pessoas Idosas que vai acontecer dia 03 de agosto. A inscri\u00e7\u00e3o \u00e9 gratuita\u00a0<a href=\"https:\/\/www.sympla.com.br\/evento-online\/i-conferencia-livre-nacional-para-pessoas-cuidadoras-de-pessoas-idosas\/2535063?referrer=blogs.correiobraziliense.com.br&amp;referrer=blogs.correiobraziliense.com.br\">Aqui<\/a><\/p>\n<p>PS 2: No domingo, dia 28, o grupo Caminhantes do Coletivo Filhas da M\u00e3e vai andar no Eix\u00e3o Norte, em Bras\u00edlia. Encontro no Buraco do Tatu \u00e0s 8h30. Sa\u00edda \u00e0s 9h. Entre no grupo de WhatsApp\u00a0<a href=\"https:\/\/chat.whatsapp.com\/EOxDDN8qs8X1lcZtkemnsk\">Aqui<\/a><\/p>\n","protected":false},"excerpt":{"rendered":"<p>Cosette Castro &amp; Rosa Carla de Oliveira Bras\u00edlia &#8211; Hoje trazemos um novo relato no Projeto Filhas da M\u00e3e Contam Historias. Em 2024 o Projeto se encontra na 4a edi\u00e7\u00e3o. A historia sobre a D. Carlinda, 83 anos, chega um dia depois do dia internacional da\u00a0 mulher negra latino-americana e caribenha. E tamb\u00e9m do dia nacional de Tereza de Benguela, [&hellip;]<\/p>\n","protected":false},"author":126,"featured_media":0,"comment_status":"open","ping_status":"open","sticky":false,"template":"","format":"standard","meta":{"footnotes":""},"categories":[35],"tags":[1238,8,7,300,128,1244,1243,1245],"class_list":["post-2486","post","type-post","status-publish","format-standard","hentry","category-cuidado","tag-1a-conferencia-livre-nacional-de-pessoas-cuidadoras-de-pessoas-idosas","tag-alzheimer","tag-demencias","tag-pessoas-idosas","tag-projeto-filhas-da-mae-contam-historias","tag-renata-monteiro","tag-rosa-carla-monteiro-de-oliveira","tag-secretaria-de-cultura-df"],"_links":{"self":[{"href":"https:\/\/blogs.correiobraziliense.com.br\/coletivo-filhas-da-mae\/wp-json\/wp\/v2\/posts\/2486","targetHints":{"allow":["GET"]}}],"collection":[{"href":"https:\/\/blogs.correiobraziliense.com.br\/coletivo-filhas-da-mae\/wp-json\/wp\/v2\/posts"}],"about":[{"href":"https:\/\/blogs.correiobraziliense.com.br\/coletivo-filhas-da-mae\/wp-json\/wp\/v2\/types\/post"}],"author":[{"embeddable":true,"href":"https:\/\/blogs.correiobraziliense.com.br\/coletivo-filhas-da-mae\/wp-json\/wp\/v2\/users\/126"}],"replies":[{"embeddable":true,"href":"https:\/\/blogs.correiobraziliense.com.br\/coletivo-filhas-da-mae\/wp-json\/wp\/v2\/comments?post=2486"}],"version-history":[{"count":6,"href":"https:\/\/blogs.correiobraziliense.com.br\/coletivo-filhas-da-mae\/wp-json\/wp\/v2\/posts\/2486\/revisions"}],"predecessor-version":[{"id":2494,"href":"https:\/\/blogs.correiobraziliense.com.br\/coletivo-filhas-da-mae\/wp-json\/wp\/v2\/posts\/2486\/revisions\/2494"}],"wp:attachment":[{"href":"https:\/\/blogs.correiobraziliense.com.br\/coletivo-filhas-da-mae\/wp-json\/wp\/v2\/media?parent=2486"}],"wp:term":[{"taxonomy":"category","embeddable":true,"href":"https:\/\/blogs.correiobraziliense.com.br\/coletivo-filhas-da-mae\/wp-json\/wp\/v2\/categories?post=2486"},{"taxonomy":"post_tag","embeddable":true,"href":"https:\/\/blogs.correiobraziliense.com.br\/coletivo-filhas-da-mae\/wp-json\/wp\/v2\/tags?post=2486"}],"curies":[{"name":"wp","href":"https:\/\/api.w.org\/{rel}","templated":true}]}}