{"id":2474,"date":"2024-07-19T08:30:57","date_gmt":"2024-07-19T11:30:57","guid":{"rendered":"https:\/\/blogs.correiobraziliense.com.br\/coletivo-filhas-da-mae\/?p=2474"},"modified":"2024-07-19T09:49:54","modified_gmt":"2024-07-19T12:49:54","slug":"entre-o-cuidado-familiar-e-o-profissional","status":"publish","type":"post","link":"https:\/\/blogs.correiobraziliense.com.br\/coletivo-filhas-da-mae\/2024\/07\/19\/entre-o-cuidado-familiar-e-o-profissional\/","title":{"rendered":"Entre o Cuidado Familiar e o Profissional"},"content":{"rendered":"<p>Cosette Castro &amp; Etel Monteiro<\/p>\n<p>Bras\u00edlia &#8211; Um dia depois da posse das novas representantes do Conselho Nacional dos Direitos da Mulher, abrimos espa\u00e7o para o terceiro relato do Projeto Filhas da M\u00e3e Contam Hist\u00f3rias.<\/p>\n<p>Hoje \u00e9 o dia de Etel Monteiro. Desde 2023 as prioridades da professora mudaram. Isso ocorreu ap\u00f3s o Acidente Vascular Cerebral (AVC) isqu\u00eamico da sua m\u00e3e.\u00a0Depois do AVC, ela passou a dividir os diferentes pap\u00e9is que j\u00e1 desempenhava &#8211; filha, m\u00e3e, professora, cuidadora da casa com atividades dom\u00e9sticas &#8211; com mais uma atividade: cuidadora da m\u00e3e.<\/p>\n<p>Nesta sexta-feira Etel compartilha conosco os desafios de contratar uma cuidadora profissional.<\/p>\n<p>Etel Monteiro &#8211; &#8220;Quando vivemos a velhice de nossos pais, temos momentos incr\u00edveis em fam\u00edlia. At\u00e9 surgir a preocupa\u00e7\u00e3o com um certo decl\u00ednio deles em acompanhar as atividades familiares.<\/p>\n<p>Juntos precisamos lidar com a mudan\u00e7a de realidade. Muitos pais idosos perdem a capacidade de realizar atividades sozinhos. A\u00ed surge o alerta: \u00e9 preciso cuidar mais de perto de quem j\u00e1 cuidou de n\u00f3s!<\/p>\n<p>Mas se tornar cuidadora familiar n\u00e3o \u00e9 f\u00e1cil. \u00c9 preciso ter suporte para passar pelo processo de troca de papeis: deixar de ser filha para se tornar cuidadora. Eu encontrei esse apoio na Comunidade Filhas da M\u00e3e.<\/p>\n<p>Recebi o acolhimento de quem tem experi\u00eancia pr\u00f3pria. Isso me reconfortou. Mostrou que \u00e9 poss\u00edvel reestruturar a vida incluindo os cuidados da minha m\u00e3e.<\/p>\n<p>Mas tem sido inquietante a busca por profissionais do cuidado.<\/p>\n<p>As atividades b\u00e1sicas de medicar no hor\u00e1rio, manter uma rotina de lazer e socializa\u00e7\u00e3o n\u00e3o s\u00e3o o maior problema. Entretanto, \u00e9 dif\u00edcil introduzir uma pessoa estranha no lar sem gerar inc\u00f4modos e constrangimentos para os dois lados.<\/p>\n<p>A cuidadora ideal precisa ver minha m\u00e3e.<\/p>\n<p>Ver como uma senhora que gosta de conversar, de ouvir, gosta de suas rosas do deserto e orqu\u00eddeas, gosta de ler a b\u00edblia, de ver v\u00eddeos, de mandar bom dia no grupo da fam\u00edlia, de tirar uma foto do rosto dela cada dia e postar. Precisa ser uma pessoa presente.<\/p>\n<p>Como encontrar uma cuidadora profissional que me fa\u00e7a sentir segura?<\/p>\n<p>Recorri ao Coletivo Filhas da M\u00e3e exatamente para receber dicas de como proceder em uma entrevista. E saber o que n\u00e3o poderia deixar de observar.<\/p>\n<p>Tamb\u00e9m para saber o que precisaria descrever sobre o servi\u00e7o a ser prestado. Isso incluia a estrat\u00e9gia sobre como deixar minha m\u00e3e \u00e0 vontade com uma pessoa estranha no espa\u00e7o t\u00e3o \u00edntimo do lar.<\/p>\n<p>Preciosas palavras foram ditas pelas companheiras do Coletivo, inclusive de ter a aten\u00e7\u00e3o de acolher a profissional e perceber as diferentes personalidades.<\/p>\n<p>As melhores perguntas permitiram a candidata a cuidadora expressar como procederia em situa\u00e7\u00f5es reais e hipot\u00e9ticas que poderiam ocorrer durante seu turno. Isso possibilitou observar as respostas e a capacidade resolutiva.<\/p>\n<p>Tamb\u00e9m \u00e9 importante que a cuidadora fa\u00e7a relatos sobre seu turno. \u00c9 preciso saber o que ocorre durante o servi\u00e7o, especialmente as dificuldades.<\/p>\n<p>Ressalto a import\u00e2ncia de n\u00e3o omitir nada, para que se tenha a possibilidade de intervir no ajuste de diferentes necessidades e estrat\u00e9gias. Entre elas os rem\u00e9dios, a varia\u00e7\u00e3o de humor, o n\u00e3o querer banhar-se, a irrita\u00e7\u00e3o e poss\u00edveis epis\u00f3dios de agressividade.<\/p>\n<p>A contrata\u00e7\u00e3o de uma profissional \u00e9 delicada e complexa.<\/p>\n<p>N\u00e3o se trata simplesmente de acertar valores, fixar hor\u00e1rios, protocolos de atendimento e uma escala de trabalho. Embora um contrato deva ter esses itens acordados de forma clara.<\/p>\n<p>Toda aprendizagem adquirida no dia a dia do cuidado serve para que a ajuda da cuidadora profissional seja a provid\u00eancia de melhores dias para mam\u00e3e. E oro para que assim seja!\u201d<\/p>\n<p style=\"text-align: center\"><img loading=\"lazy\" decoding=\"async\" class=\"alignnone size-medium wp-image-2478\" src=\"https:\/\/blogs.correiobraziliense.com.br\/coletivo-filhas-da-mae\/wp-content\/uploads\/sites\/60\/2024\/07\/Um-Dia-no-Parque2024-300x300.jpg\" alt=\"\" width=\"300\" height=\"300\" srcset=\"https:\/\/blogs.correiobraziliense.com.br\/coletivo-filhas-da-mae\/wp-content\/uploads\/sites\/60\/2024\/07\/Um-Dia-no-Parque2024-300x300.jpg 300w, https:\/\/blogs.correiobraziliense.com.br\/coletivo-filhas-da-mae\/wp-content\/uploads\/sites\/60\/2024\/07\/Um-Dia-no-Parque2024-150x150.jpg 150w, https:\/\/blogs.correiobraziliense.com.br\/coletivo-filhas-da-mae\/wp-content\/uploads\/sites\/60\/2024\/07\/Um-Dia-no-Parque2024-768x767.jpg 768w, https:\/\/blogs.correiobraziliense.com.br\/coletivo-filhas-da-mae\/wp-content\/uploads\/sites\/60\/2024\/07\/Um-Dia-no-Parque2024-1024x1024.jpg 1024w, https:\/\/blogs.correiobraziliense.com.br\/coletivo-filhas-da-mae\/wp-content\/uploads\/sites\/60\/2024\/07\/Um-Dia-no-Parque2024-800x799.jpg 800w, https:\/\/blogs.correiobraziliense.com.br\/coletivo-filhas-da-mae\/wp-content\/uploads\/sites\/60\/2024\/07\/Um-Dia-no-Parque2024-550x549.jpg 550w, https:\/\/blogs.correiobraziliense.com.br\/coletivo-filhas-da-mae\/wp-content\/uploads\/sites\/60\/2024\/07\/Um-Dia-no-Parque2024-230x230.jpg 230w, https:\/\/blogs.correiobraziliense.com.br\/coletivo-filhas-da-mae\/wp-content\/uploads\/sites\/60\/2024\/07\/Um-Dia-no-Parque2024.jpg 1080w\" sizes=\"auto, (max-width: 300px) 100vw, 300px\" \/><\/p>\n<p>PS: Neste domingo, dia 21, o grupo Caminhantes estar\u00e1 participando do Projeto UM DIA NO PARQUE junto com o Grupo Caminhadas de Bras\u00edlia e outros parceiros. Desta vez estaremos no Parque do Guar\u00e1. A atividade \u00e9 gratuita. Link para inscri\u00e7\u00e3o <a href=\"https:\/\/chat.whatsapp.com\/LfDciipkFND7xpfbjGj6Kg\">AQUI<\/a>. Venha caminhar com a gente.<\/p>\n","protected":false},"excerpt":{"rendered":"<p>Cosette Castro &amp; Etel Monteiro Bras\u00edlia &#8211; Um dia depois da posse das novas representantes do Conselho Nacional dos Direitos da Mulher, abrimos espa\u00e7o para o terceiro relato do Projeto Filhas da M\u00e3e Contam Hist\u00f3rias. Hoje \u00e9 o dia de Etel Monteiro. Desde 2023 as prioridades da professora mudaram. Isso ocorreu ap\u00f3s o Acidente Vascular Cerebral (AVC) isqu\u00eamico da sua [&hellip;]<\/p>\n","protected":false},"author":126,"featured_media":0,"comment_status":"open","ping_status":"open","sticky":false,"template":"","format":"standard","meta":{"footnotes":""},"categories":[10],"tags":[8,1240,2,20,24,7],"class_list":["post-2474","post","type-post","status-publish","format-standard","hentry","category-cuidadoras-familiares","tag-alzheimer","tag-avc","tag-cuidado","tag-cuidadoras-familiares","tag-cuidadoras-profissionais","tag-demencias"],"_links":{"self":[{"href":"https:\/\/blogs.correiobraziliense.com.br\/coletivo-filhas-da-mae\/wp-json\/wp\/v2\/posts\/2474","targetHints":{"allow":["GET"]}}],"collection":[{"href":"https:\/\/blogs.correiobraziliense.com.br\/coletivo-filhas-da-mae\/wp-json\/wp\/v2\/posts"}],"about":[{"href":"https:\/\/blogs.correiobraziliense.com.br\/coletivo-filhas-da-mae\/wp-json\/wp\/v2\/types\/post"}],"author":[{"embeddable":true,"href":"https:\/\/blogs.correiobraziliense.com.br\/coletivo-filhas-da-mae\/wp-json\/wp\/v2\/users\/126"}],"replies":[{"embeddable":true,"href":"https:\/\/blogs.correiobraziliense.com.br\/coletivo-filhas-da-mae\/wp-json\/wp\/v2\/comments?post=2474"}],"version-history":[{"count":6,"href":"https:\/\/blogs.correiobraziliense.com.br\/coletivo-filhas-da-mae\/wp-json\/wp\/v2\/posts\/2474\/revisions"}],"predecessor-version":[{"id":2481,"href":"https:\/\/blogs.correiobraziliense.com.br\/coletivo-filhas-da-mae\/wp-json\/wp\/v2\/posts\/2474\/revisions\/2481"}],"wp:attachment":[{"href":"https:\/\/blogs.correiobraziliense.com.br\/coletivo-filhas-da-mae\/wp-json\/wp\/v2\/media?parent=2474"}],"wp:term":[{"taxonomy":"category","embeddable":true,"href":"https:\/\/blogs.correiobraziliense.com.br\/coletivo-filhas-da-mae\/wp-json\/wp\/v2\/categories?post=2474"},{"taxonomy":"post_tag","embeddable":true,"href":"https:\/\/blogs.correiobraziliense.com.br\/coletivo-filhas-da-mae\/wp-json\/wp\/v2\/tags?post=2474"}],"curies":[{"name":"wp","href":"https:\/\/api.w.org\/{rel}","templated":true}]}}