{"id":2458,"date":"2024-07-12T07:00:43","date_gmt":"2024-07-12T10:00:43","guid":{"rendered":"https:\/\/blogs.correiobraziliense.com.br\/coletivo-filhas-da-mae\/?p=2458"},"modified":"2024-07-12T09:53:54","modified_gmt":"2024-07-12T12:53:54","slug":"quando-nem-toda-familia-e-cuidadora","status":"publish","type":"post","link":"https:\/\/blogs.correiobraziliense.com.br\/coletivo-filhas-da-mae\/2024\/07\/12\/quando-nem-toda-familia-e-cuidadora\/","title":{"rendered":"Quando Nem Toda Fam\u00edlia \u00e9 Co-Cuidadora"},"content":{"rendered":"<p>Cosette Castro &amp; Anelize Souza<\/p>\n<p>Bras\u00edlia &#8211; Na mesma semana em que o <a href=\"https:\/\/drive.google.com\/file\/d\/1y3cnJjAKdsML5Ar-C0mN55u1rhicqKp8\/view?usp=sharing\">Projeto de Lei<\/a> sobre a Pol\u00edtica Nacional de Cuidados foi protocolado na C\u00e2mara dos Deputados, damos continuidade ao Projeto Filhas da M\u00e3e Contam Hist\u00f3rias.<\/p>\n<p>A hist\u00f3ria de hoje foi enviada por Anelize Marillac de Souza, participante do Coletivo Filhas da M\u00e3e.<\/p>\n<p>Durante oito anos ela se deparou com desafios cotidianos. E descobriu a import\u00e2ncia de conhecer o mundo dos cuidados para ajudar sua m\u00e3e, D. Maria.<\/p>\n<p><strong>Anelize de Marillac de Souza<\/strong> &#8211; &#8220;No dia 24\/03\/2017 estava na casa de minha m\u00e3e fazendo uma massa de quibe. Ela estava cozinhando um feij\u00e3o para fazer tutu de feij\u00e3o acebolado com lingui\u00e7a. \u00cdamos comemorar meu anivers\u00e1rio no dia seguinte.<\/p>\n<p>Meu anivers\u00e1rio havia ocorrido 10 dias antes (15\/03), mas n\u00e3o foi poss\u00edvel comemorar, em raz\u00e3o da agenda de exames de minha m\u00e3e.<\/p>\n<p>Voltei para casa para ficar com minha companheira. Mas, por volta das 19 horas, a empregada da minha m\u00e3e ligou e disse que ela estava passando mal.<\/p>\n<p>Como moramos perto, fui correndo para l\u00e1. Entrei em contato com o m\u00e9dico particular e chamei a UTI m\u00f3vel. Logo soube que ela tinha tido um AVC tromboemb\u00f3lico.<\/p>\n<p>Fomos para o hospital imediatamente. O m\u00e9dico que assistiu minha m\u00e3e ap\u00f3s a interna\u00e7\u00e3o disse que eu deveria entrar com o processo de curatela, j\u00e1 que ela tinha sido acometida por uma hemiplegia (paralisia) do lado direito. Com isso, a fala tamb\u00e9m tinha sido comprometida.<\/p>\n<p>Entrei em p\u00e2nico. E entrei com o pedido de curatela mesmo sem saber o que era curatela. Tamb\u00e9m fui surpreendida com uma &#8220;coisa&#8221; chamada Home Care.<\/p>\n<p>Sou a s\u00e9tima filha. A ca\u00e7ula.Tenho seis irm\u00e3s antes de mim. Mas passei por tudo isso sozinha. Elas s\u00f3 vinham para visitar.<\/p>\n<p>Nenhuma delas me ajudou a descobrir o que era este universo. Tudo foi muito doloroso, sofrido, mas eu n\u00e3o ia desistir de minha m\u00e3e.<\/p>\n<p>Fui atr\u00e1s de todas as informa\u00e7\u00f5es com a ajuda de minha companheira Daila. Tamb\u00e9m fui atr\u00e1s de todas as isen\u00e7\u00f5es poss\u00edveis.<\/p>\n<p>Tive que aprender sobre contrata\u00e7\u00e3o de profissionais. E constitui advogado e contador. Descobri sobre reabilita\u00e7\u00e3o f\u00edsica e emocional. E sobre contrata\u00e7\u00e3o de outros profissionais, como fonoaudi\u00f3loga, fisioterapeuta, terapeuta ocupacional, etc.<\/p>\n<p>Eu desconhecia completamente o universo do cuidado.<\/p>\n<p>Era outro mundo. Tive que aprender a entender tamb\u00e9m sobre o universo jur\u00eddico, sobre presta\u00e7\u00e3o de contas para o Tribunal de Contas\/DF, para o Minist\u00e9rio P\u00fablico e Defensoria P\u00fablica.<\/p>\n<p>Foram tempos dif\u00edceis, mas me esforcei muito.<\/p>\n<p>Como comentei, nesse meio tempo, n\u00e3o recebi ajuda das outras seis irm\u00e3s. Apenas julgamento sobre gastos e poss\u00edveis excessos. Mesmo que todas as presta\u00e7\u00f5es de contas tenham sido aprovadas pelos \u00f3rg\u00e3os respons\u00e1veis.<\/p>\n<p>Fiquei oito anos praticamente 24 horas do dia cuidando e zelando minha m\u00e3e.<\/p>\n<p>Durante esses anos, n\u00e3o tive f\u00e9rias nem tive remunera\u00e7\u00e3o. Apenas um pr\u00f3-labore muito pequeno.<\/p>\n<p>Ainda assim, permaneci ao lado de minha m\u00e3e. Dei meu amor, zelo, cuidado e ofertei qualidade de vida.<\/p>\n<p>A minha companheira Daila foi uma mulher fant\u00e1stica. Foi ela quem me ajudou e cuidou de mam\u00e3e ao meu lado, at\u00e9 o fim.<\/p>\n<p>Minha m\u00e3e descansou h\u00e1 sete meses (11\/12\/23) ap\u00f3s um segundo AVC. O processo de luto n\u00e3o tem sido f\u00e1cil, mas aos poucos vou retomando a vida, inclusive oferecendo meus servi\u00e7os como taxista para pessoas idosas ou com defici\u00eancia.<\/p>\n<p>Foi muito importante ter o apoio da minha companheira e tamb\u00e9m participar de uma rede de apoio como o Coletivo\u00a0Filhas\u00a0da\u00a0M\u00e3e&#8221;.<\/p>\n<p>PS: <a href=\"https:\/\/docs.google.com\/document\/d\/107hUrGtmzL0CyzHLI6eOArZixTQYWl-c\/edit?usp=drivesdk&amp;ouid=116000504106464652242&amp;rtpof=true&amp;sd=true\">Conhe\u00e7a aqui<\/a> as propostas do Coletivo Filhas da M\u00e3e para a Pol\u00edtica Nacional de Cuidados e para as pessoas que cuidam.<\/p>\n<p>PS 2: Reserve a agenda para participar, no dia 03 de agosto, da 1a Confer\u00eancia Livre Nacional sobre Pessoas Cuidadoras de Pessoas Idosas.\u00a0 A Confer\u00eancia acontecer\u00e1 no formato online e \u00e9 gratuita. <a href=\"https:\/\/www.sympla.com.br\/evento-online\/i-conferencia-livre-nacional-para-pessoas-cuidadoras-de-pessoas-idosas\/2535063?referrer=blogs.correiobraziliense.com.br\">Inscri\u00e7\u00f5es aqui<\/a>.<\/p>\n<p>PS 3: J\u00e1 come\u00e7ou a 4a. edi\u00e7\u00e3o do <strong>Projeto<\/strong> <strong>Filhas da M\u00e3e Contam Hist\u00f3rias<\/strong>, um espa\u00e7o para pessoas que cuidam sem remunera\u00e7\u00e3o enviarem relatos que ser\u00e3o publicados aqui no Blog. \u00c9 poss\u00edvel enviar hist\u00f3rias reais em tr\u00eas categorias: engra\u00e7adas, tristes ou desafiadoras. Escolha um tema, escreva at\u00e9 450 palavras como se estivesse conversando com algu\u00e9m da fam\u00edlia ou uma amiga. Envie para o e-mail <a href=\"coletivofilhasdamae@gmail.com\">coletivofilhasdamae@gmail.com<\/a>. Esperamos\u00a0voc\u00eas!<\/p>\n<p>&nbsp;<\/p>\n","protected":false},"excerpt":{"rendered":"<p>Cosette Castro &amp; Anelize Souza Bras\u00edlia &#8211; Na mesma semana em que o Projeto de Lei sobre a Pol\u00edtica Nacional de Cuidados foi protocolado na C\u00e2mara dos Deputados, damos continuidade ao Projeto Filhas da M\u00e3e Contam Hist\u00f3rias. A hist\u00f3ria de hoje foi enviada por Anelize Marillac de Souza, participante do Coletivo Filhas da M\u00e3e. Durante oito anos ela se deparou [&hellip;]<\/p>\n","protected":false},"author":126,"featured_media":0,"comment_status":"open","ping_status":"open","sticky":false,"template":"","format":"standard","meta":{"footnotes":""},"categories":[10],"tags":[8,1239,897,7,1078,128],"class_list":["post-2458","post","type-post","status-publish","format-standard","hentry","category-cuidadoras-familiares","tag-alzheimer","tag-anelize-marillac-de-souza","tag-camara-dos-deputados","tag-demencias","tag-politica-nacional-de-cuidados","tag-projeto-filhas-da-mae-contam-historias"],"_links":{"self":[{"href":"https:\/\/blogs.correiobraziliense.com.br\/coletivo-filhas-da-mae\/wp-json\/wp\/v2\/posts\/2458","targetHints":{"allow":["GET"]}}],"collection":[{"href":"https:\/\/blogs.correiobraziliense.com.br\/coletivo-filhas-da-mae\/wp-json\/wp\/v2\/posts"}],"about":[{"href":"https:\/\/blogs.correiobraziliense.com.br\/coletivo-filhas-da-mae\/wp-json\/wp\/v2\/types\/post"}],"author":[{"embeddable":true,"href":"https:\/\/blogs.correiobraziliense.com.br\/coletivo-filhas-da-mae\/wp-json\/wp\/v2\/users\/126"}],"replies":[{"embeddable":true,"href":"https:\/\/blogs.correiobraziliense.com.br\/coletivo-filhas-da-mae\/wp-json\/wp\/v2\/comments?post=2458"}],"version-history":[{"count":7,"href":"https:\/\/blogs.correiobraziliense.com.br\/coletivo-filhas-da-mae\/wp-json\/wp\/v2\/posts\/2458\/revisions"}],"predecessor-version":[{"id":2465,"href":"https:\/\/blogs.correiobraziliense.com.br\/coletivo-filhas-da-mae\/wp-json\/wp\/v2\/posts\/2458\/revisions\/2465"}],"wp:attachment":[{"href":"https:\/\/blogs.correiobraziliense.com.br\/coletivo-filhas-da-mae\/wp-json\/wp\/v2\/media?parent=2458"}],"wp:term":[{"taxonomy":"category","embeddable":true,"href":"https:\/\/blogs.correiobraziliense.com.br\/coletivo-filhas-da-mae\/wp-json\/wp\/v2\/categories?post=2458"},{"taxonomy":"post_tag","embeddable":true,"href":"https:\/\/blogs.correiobraziliense.com.br\/coletivo-filhas-da-mae\/wp-json\/wp\/v2\/tags?post=2458"}],"curies":[{"name":"wp","href":"https:\/\/api.w.org\/{rel}","templated":true}]}}