{"id":244,"date":"2021-05-31T07:52:18","date_gmt":"2021-05-31T10:52:18","guid":{"rendered":"https:\/\/blogs.correiobraziliense.com.br\/coletivo-filhas-da-mae\/?p=244"},"modified":"2021-05-31T07:52:18","modified_gmt":"2021-05-31T10:52:18","slug":"queremos-vacinas-ja","status":"publish","type":"post","link":"https:\/\/blogs.correiobraziliense.com.br\/coletivo-filhas-da-mae\/2021\/05\/31\/queremos-vacinas-ja\/","title":{"rendered":"Queremos Vacinas J\u00e1!"},"content":{"rendered":"<p>Ana Castro &amp; Cosette Castro<\/p>\n<p>Bras\u00edlia \u2013 Em um Brasil rodeado por coronav\u00edrus por todos os lados, h\u00e1 uma ilha de sa\u00fade onde a popula\u00e7\u00e3o foi vacinada em massa.<\/p>\n<p>Ela est\u00e1 localizada no interior de S\u00e3o Paulo. Chama-se Serrana, um munic\u00edpio de 45 mil habitantes localizado perto de Ribeir\u00e3o Preto. L\u00e1, mais de \u00a080% da popula\u00e7\u00e3o acima dos 18 anos \u00a0j\u00e1 foi \u00a0imunizada \u00a0com a segunda dose contra o covid-19. A cidade foi selecionada para\u00a0 um estudo do Instituto Butantan\u00a0 que visava comprovar a efic\u00e1cia da Coronavac em \u00a0popula\u00e7\u00f5es inteiras.<\/p>\n<p>O munic\u00edpio se tornou o sonho de todas \u00a0brasileiras e brasileiros que ainda n\u00e3o podem respirar aliviados em meio \u00e0 pandemia de Covid-19. Ou seja, 79% da popula\u00e7\u00e3o que \u00a0n\u00e3o teve acesso \u00a0\u00e0 segunda dose e da maioria das pessoas que sequer est\u00e3o na fila para receber a primeira dose.<\/p>\n<p>Depois da vacina\u00e7\u00e3o massiva em mar\u00e7o, abril e maio, <a href=\"https:\/\/g1.globo.com\/sp\/ribeirao-preto-franca\/noticia\/2021\/05\/30\/prefeito-de-serrana-sp-comemora-resultados-da-vacinacao-em-massa-e-espera-que-cidade-se-torne-exemplo-de-retomada.ghtml\">Serrana<\/a> teve uma queda de 95% das mortes. N\u00e3o h\u00e1 mais filas nos hospitais, nem espera para leitos.<\/p>\n<p>Enquanto isso, \u00a0outros 25 \u00a0munic\u00edpios vizinhos, como Ribeir\u00e3o Preto e Franca, que n\u00e3o vacinaram\u00a0 suas popula\u00e7\u00f5es, enfrentam medidas r\u00edgidas para impedir a circula\u00e7\u00e3o do v\u00edrus e a sobrecarga na rede hospitalar.<\/p>\n<p>Em meio ao \u00eaxito de Serrana, o pa\u00eds chora os 461 mil mortos oficiais e convive com a lenta recupera\u00e7\u00e3o dos sobreviventes que, muitas vezes, seguem com sequelas, algumas pouco conhecidas.<\/p>\n<p>No restante do Brasil, os hospitais continuam superlotados. O SUS, mesmo \u00a0com or\u00e7amento reduzido pelo governo federal, segue\u00a0 trabalhando com sobrecarga. Entre a popula\u00e7\u00e3o, apenas 10,4% \u00a0j\u00e1 tomou a segunda dose em um pa\u00eds com 214,5 milh\u00f5es de habitantes.<\/p>\n<p>Enquanto isso, a autoridade m\u00e1xima do pa\u00eds segue viajando, desfilando sem m\u00e1scara, incentivando aglomera\u00e7\u00f5es e falando mal das vacinas. Como se fosse pouco, o \u00a0Minist\u00e9rio da Sa\u00fade anunciou \u00a0um \u201cnovo\u201d \u00a0plano nacional de vacina\u00e7\u00e3o, mas sem garantir vacina\u00e7\u00e3o em massa, nem\u00a0prote\u00e7\u00e3o para toda popula\u00e7\u00e3o. Seguimos desprotegidos.<\/p>\n<p>Por isso, o \u00a0Coletivo Filhas da M\u00e3e se juntou a outras vozes em todo o\u00a0pa\u00eds e lan\u00e7ou oficialmente,\u00a0 durante o IV Sarau\u00a0 Virtual,\u00a0 no dia 22 de maio\u00a0 a campanha #queremosvacinaj\u00e1. Tanto para as cuidadoras familiares, informais e profissionais, que ainda n\u00e3o tiveram direito \u00e0 vacina, mesmo convivendo com pessoas idosas, como\u00a0 para toda a popula\u00e7\u00e3o.<\/p>\n<p><img loading=\"lazy\" decoding=\"async\" class=\" wp-image-246 aligncenter\" src=\"https:\/\/blogs.correiobraziliense.com.br\/coletivo-filhas-da-mae\/wp-content\/uploads\/sites\/60\/2021\/05\/fotoAna-vacinasja-169x300.jpg\" alt=\"\" width=\"243\" height=\"431\" srcset=\"https:\/\/blogs.correiobraziliense.com.br\/coletivo-filhas-da-mae\/wp-content\/uploads\/sites\/60\/2021\/05\/fotoAna-vacinasja-169x300.jpg 169w, https:\/\/blogs.correiobraziliense.com.br\/coletivo-filhas-da-mae\/wp-content\/uploads\/sites\/60\/2021\/05\/fotoAna-vacinasja-768x1365.jpg 768w, https:\/\/blogs.correiobraziliense.com.br\/coletivo-filhas-da-mae\/wp-content\/uploads\/sites\/60\/2021\/05\/fotoAna-vacinasja-576x1024.jpg 576w, https:\/\/blogs.correiobraziliense.com.br\/coletivo-filhas-da-mae\/wp-content\/uploads\/sites\/60\/2021\/05\/fotoAna-vacinasja-800x1422.jpg 800w, https:\/\/blogs.correiobraziliense.com.br\/coletivo-filhas-da-mae\/wp-content\/uploads\/sites\/60\/2021\/05\/fotoAna-vacinasja-550x978.jpg 550w, https:\/\/blogs.correiobraziliense.com.br\/coletivo-filhas-da-mae\/wp-content\/uploads\/sites\/60\/2021\/05\/fotoAna-vacinasja-230x409.jpg 230w, https:\/\/blogs.correiobraziliense.com.br\/coletivo-filhas-da-mae\/wp-content\/uploads\/sites\/60\/2021\/05\/fotoAna-vacinasja.jpg 1080w\" sizes=\"auto, (max-width: 243px) 100vw, 243px\" \/><\/p>\n<p>O primeiro <a href=\"https:\/\/drive.google.com\/file\/d\/1DcYKjgUmOoqWWzFq2Q6vbjLlMJUDfWWE\/view?usp=sharing\">v\u00eddeo<\/a> foi ao ar no dia 28 de maio, convidando mais pessoas \u00a0a entrar na campanha nacional. A ideia \u00e9 mobilizar cuidadoras e cuidadores \u00a0familiares, assim como apoiadores do Coletivo Filhas da M\u00e3e, representantes de \u00a0grupos de apoio e \u00a0profissionais da \u00e1rea para \u00a0incentivar as pessoas a se vacinarem na primeira e segunda dose. E para dizer bem alto que todas as pessoas t\u00eam direito a vacina j\u00e1.<\/p>\n<p>Acreditamos que, \u00a0para garantir a sa\u00fade das brasileiras e brasileiros, independente da idade,\u00a0 \u00e9 preciso vacinar em massa toda a popula\u00e7\u00e3o urgentemente, como ocorreu, por exemplo, este ano nos Estados Unidos. Antes\u00a0 que chegue a <a href=\"https:\/\/www.cnnbrasil.com.br\/saude\/2021\/05\/28\/terceira-onda-da-covid-19-pode-chegar-ao-brasil-em-junho\">terceira onda<\/a> \u00a0de Covid-19 , \u00a0prevista para junho por cientistas. E antes que o inverno fique mais r\u00edgido \u00a0nas regi\u00f5es Sul e Sudeste. fragilizando ainda mais a popula\u00e7\u00e3o.<\/p>\n<p>Convidamos voc\u00ea tamb\u00e9m a participar conosco da campanha #queremosvacinaj\u00e1.<\/p>\n<p>Para participar da campanha, grave um v\u00eddeo de \u00a0at\u00e9 um (1) minuto, com o celular na horizontal, \u00a0em local iluminado, contando por que voc\u00ea considera importante a vacina para sua fam\u00edlia e para toda popula\u00e7\u00e3o.<\/p>\n<p>Voc\u00ea pode fazer contato conosco falando do seu interesse em entrar na campanha #queremosvacinaj\u00e1 atrav\u00e9s dos coment\u00e1rios dispon\u00edveis no final desta p\u00e1gina. Role a p\u00e1gina at\u00e9 onde aparece: deixe sua resposta. Tamb\u00e9m pode entrar em contato conosco pelo Facebook<a href=\"https:\/\/www.facebook.com\/filhasdamaecoletivo\"> Filhas da M\u00e3e Coletivo\u00a0<\/a>ou pelo Instagram @blocofilhasdam\u00e3e.<\/p>\n<p>&nbsp;<\/p>\n<p>&nbsp;<\/p>\n<p>&nbsp;<\/p>\n","protected":false},"excerpt":{"rendered":"<p>Ana Castro &amp; Cosette Castro Bras\u00edlia \u2013 Em um Brasil rodeado por coronav\u00edrus por todos os lados, h\u00e1 uma ilha de sa\u00fade onde a popula\u00e7\u00e3o foi vacinada em massa. Ela est\u00e1 localizada no interior de S\u00e3o Paulo. Chama-se Serrana, um munic\u00edpio de 45 mil habitantes localizado perto de Ribeir\u00e3o Preto. L\u00e1, mais de \u00a080% da popula\u00e7\u00e3o acima dos 18 anos [&hellip;]<\/p>\n","protected":false},"author":126,"featured_media":0,"comment_status":"open","ping_status":"open","sticky":false,"template":"","format":"standard","meta":{"footnotes":""},"categories":[142],"tags":[144,3,148,145,68,2,20,25,24,21,147,146,143],"class_list":["post-244","post","type-post","status-publish","format-standard","hentry","category-vacina","tag-queremosvacinaja","tag-autocuidado","tag-butantan","tag-campanha-nacional","tag-covid-19","tag-cuidado","tag-cuidadoras-familiares","tag-cuidadoras-informais","tag-cuidadoras-profissionais","tag-cuidadores-familiares","tag-serrana","tag-terceira-onda","tag-vacina"],"_links":{"self":[{"href":"https:\/\/blogs.correiobraziliense.com.br\/coletivo-filhas-da-mae\/wp-json\/wp\/v2\/posts\/244","targetHints":{"allow":["GET"]}}],"collection":[{"href":"https:\/\/blogs.correiobraziliense.com.br\/coletivo-filhas-da-mae\/wp-json\/wp\/v2\/posts"}],"about":[{"href":"https:\/\/blogs.correiobraziliense.com.br\/coletivo-filhas-da-mae\/wp-json\/wp\/v2\/types\/post"}],"author":[{"embeddable":true,"href":"https:\/\/blogs.correiobraziliense.com.br\/coletivo-filhas-da-mae\/wp-json\/wp\/v2\/users\/126"}],"replies":[{"embeddable":true,"href":"https:\/\/blogs.correiobraziliense.com.br\/coletivo-filhas-da-mae\/wp-json\/wp\/v2\/comments?post=244"}],"version-history":[{"count":2,"href":"https:\/\/blogs.correiobraziliense.com.br\/coletivo-filhas-da-mae\/wp-json\/wp\/v2\/posts\/244\/revisions"}],"predecessor-version":[{"id":248,"href":"https:\/\/blogs.correiobraziliense.com.br\/coletivo-filhas-da-mae\/wp-json\/wp\/v2\/posts\/244\/revisions\/248"}],"wp:attachment":[{"href":"https:\/\/blogs.correiobraziliense.com.br\/coletivo-filhas-da-mae\/wp-json\/wp\/v2\/media?parent=244"}],"wp:term":[{"taxonomy":"category","embeddable":true,"href":"https:\/\/blogs.correiobraziliense.com.br\/coletivo-filhas-da-mae\/wp-json\/wp\/v2\/categories?post=244"},{"taxonomy":"post_tag","embeddable":true,"href":"https:\/\/blogs.correiobraziliense.com.br\/coletivo-filhas-da-mae\/wp-json\/wp\/v2\/tags?post=244"}],"curies":[{"name":"wp","href":"https:\/\/api.w.org\/{rel}","templated":true}]}}