{"id":2432,"date":"2024-06-28T11:37:03","date_gmt":"2024-06-28T14:37:03","guid":{"rendered":"https:\/\/blogs.correiobraziliense.com.br\/coletivo-filhas-da-mae\/?p=2432"},"modified":"2024-06-28T12:43:19","modified_gmt":"2024-06-28T15:43:19","slug":"em-julho-filhas-da-mae-contam-historias","status":"publish","type":"post","link":"https:\/\/blogs.correiobraziliense.com.br\/coletivo-filhas-da-mae\/2024\/06\/28\/em-julho-filhas-da-mae-contam-historias\/","title":{"rendered":"Em Julho, Filhas da M\u00e3e Contam Hist\u00f3rias"},"content":{"rendered":"<p>Cosette Castro<\/p>\n<p>Bras\u00edlia &#8211; Todo dia brasileiras e brasileiros sofrem viol\u00eancia. Junho n\u00e3o foi diferente.<\/p>\n<p>No m\u00eas em que come\u00e7aram de Norte a Sul as festas juninas, mais uma vez as mulheres de todas as idades foram as maiores v\u00edtimas de viol\u00eancias.<\/p>\n<p>Aconteceram viol\u00eancias, mas tamb\u00e9m houve rea\u00e7\u00e3o popular. E isso merece um pequeno balan\u00e7o deste Blog. Vivemos no pa\u00eds onde a cada sete beb\u00eas que nascem, um (01) \u00e9 filho de uma menina ou adolescente.<\/p>\n<p>Na C\u00e2mara Federal assistimos estarrecidas o presidente da C\u00e2mara, Arthur Lira, aceitar o regime de urg\u00eancia para a vota\u00e7\u00e3o do PL 1904\/2024. No seu sil\u00eancio, Lira gritou alto contra as meninas, adolescentes e\u00a0 mulheres de todo pa\u00eds.<\/p>\n<p>Mais conhecido como PL do Estrupo, a proposta conservadora pretende punir as v\u00edtimas que fizerem aborto ap\u00f3s 22 semanas. E, como j\u00e1 comentamos em textos anteriores,\u00a0 o\u00a0 PL protege ped\u00f3filos e estrupadores.<\/p>\n<p>Se for aprovado,\u00a0 o PL\u00a0 representar\u00e1 um retrocesso de 100 anos nos direitos das mulheres garantidos em lei. Al\u00e9m disso, pune e retraumatiza as v\u00edtimas que deveriam ser acolhidas e protegidas.<\/p>\n<p>O que a bancada conservadora n\u00e3o esperava \u00e9 que a popula\u00e7\u00e3o reagisse contra mais essa viol\u00eancia sobre as meninas, adolescentes e mulheres e sa\u00edsse \u00e0s ruas contra o PL 1904\/2024.<\/p>\n<p>Tampouco esperavam que\u00a0 pessoas f\u00edsicas e movimentos sociais fizessem abaixo-assinados e se manifestassem contra tamb\u00e9m nas redes sociais digitais.<\/p>\n<p>Os protestos na rua t\u00eam car\u00e1ter nacional, ocorrendo nas principais cidades do pa\u00eds. Eles exigem o arquivamento imediato do PL 1904. N\u00f3s, do Coletivo Filhas da M\u00e3e, tamb\u00e9m.<\/p>\n<p>Junho \u00e9 o m\u00eas em que foi realizada a IV Confer\u00eancia sobre os Direitos da Pessoa Idosa no Distrito Federal.<\/p>\n<p>A atividade presencial,\u00a0 contou com cerca de 200 pessoas. E apresentou sugest\u00f5es para 1.combater o preconceito por idade, 2.estimular o protagonismo das diferentes velhices e 3. para incentivar as pol\u00edticas de cuidado e financiamento de servi\u00e7os para pessoas idosas.<\/p>\n<p>O Coletivo esteve presente como apoiador da IV Confer\u00eancia na coordena\u00e7\u00e3o de Eixos e sugerindo propostas e mo\u00e7\u00f5es.<\/p>\n<p>As cuidadoras familiares do Distrito Federal est\u00e3o envelhecendo e est\u00e3o mais pobres. Est\u00e3o se endividando para sobreviver. E\u00a0 est\u00e3o adoecendo f\u00edsica e emocionalmente. Elas cuidam sem remunera\u00e7\u00e3o diferentes pessoas da fam\u00edlia ao mesmo tempo, al\u00e9m de realizar v\u00e1rias\u00a0 outras atividades de cuidado.<\/p>\n<p>Uma das preocupa\u00e7\u00f5es em junho foi a not\u00edcia de que parte da equipe econ\u00f4mica do governo federal estava interessada em desvincular o sal\u00e1rio m\u00ednimo (SM) das aposentadorias e benef\u00edcios. Alguns at\u00e9 disseram que as pessoas idosas representavam um custo, ignorando a contribui\u00e7\u00e3o ao longo dos anos das 32 milh\u00f5es de pessoas 60+ ao pa\u00eds.<\/p>\n<p>A boa noticia \u00e9 que o Presidente Lula declarou esta semana que a desvincula\u00e7\u00e3o do SM est\u00e1 fora de cogita\u00e7\u00e3o em seu governo. Ufa!<\/p>\n<p>No m\u00eas em que ocorre o dia internacional contra a viol\u00eancia sobre pessoas idosas (15.6)\u00a0 fizemos,\u00a0 pelo terceiro ano consecutivo, proje\u00e7\u00f5es nos pr\u00e9dios p\u00fablicos distritais e federais. Em 2025 queremos realizar campanhas nacionais e projetos que, al\u00e9m de chamar aten\u00e7\u00e3o, ajudem a reduzir efetivamente as viol\u00eancias.<\/p>\n<p>NO DISTRITO FEDERAL<\/p>\n<p>No DF, a popula\u00e7\u00e3o tamb\u00e9m\u00a0 vem se mobilizando.<\/p>\n<p>Seja contra o PL nacional 1904\/2024, seja em rep\u00fadio \u00e0 aprova\u00e7\u00e3o esta semana do Projeto de Lei do pastor Daniel de Castro que\u00a0 representa\u00a0 mais uma viol\u00eancia \u00e0s mulheres.<\/p>\n<p>Em n\u00edvel distrital, o\u00a0\u00a0 PL protege homens violentos e censura a imprensa, impedindo que sejam veiculados v\u00eddeos de homens agredindo mulheres.<\/p>\n<p>No que diz respeito \u00e0 Capital Federal, h\u00e1 uma grande mobiliza\u00e7\u00e3o contra o\u00a0 Plano de Preserva\u00e7\u00e3o do Conjunto Urban\u00edstico de Bras\u00edlia (PPCUB), aprovado em regime de urg\u00eancia na C\u00e2mara Legislativa Distrital.<\/p>\n<p>O PPCUB aprovado destr\u00f3i o projeto urban\u00edstico original colocando em risco o t\u00edtulo de Bras\u00edlia como cidade patrim\u00f4nio da humanidade.<\/p>\n<p>Como se fosse pouco, pretende, entre outras mudan\u00e7as, reduzir as \u00e1reas verdes, aumentar a quantidade e altura dos pr\u00e9dios impactando diretamente no meio ambiente e na qualidade de vida da popula\u00e7\u00e3o.<\/p>\n<p>Para quem quiser conhecer mais sobre o PPCUB aprovado, neste domingo haver\u00e1 Roda de Conversa no Eix\u00e3o Sul na altura da Quadra 108, a partir das 11h.<\/p>\n<p>FILHAS DA M\u00c3E CONTAM HISTORIAS<\/p>\n<p>Nos meses de julho e agosto, o &#8220;Projeto Filhas da M\u00e3e Contam Hist\u00f3rias&#8221;\u00a0 est\u00e1 de volta. E vai completar quatro anos de atividade.<\/p>\n<p>Todas as sextas-feiras estaremos publicando historias de pessoas que cuidam ou j\u00e1 cuidaram seus familiares sem remunera\u00e7\u00e3o. Convidamos voc\u00ea a participar.<\/p>\n<p>Sugerimos hist\u00f3rias reais engra\u00e7adas, tristes ou desafiantes. Elas ser\u00e3o publicadas no Blog junto com uma pequena apresenta\u00e7\u00e3o de quem escreveu. O texto, de at\u00e9 450 palavras, pode ser escrito por mais de uma pessoa. Aguardamos voc\u00ea!<!--\/data\/user\/0\/com.samsung.android.app.notes\/files\/clipdata\/clipdata_bodytext_240628_113402_737.sdocx--><\/p>\n","protected":false},"excerpt":{"rendered":"<p>Cosette Castro Bras\u00edlia &#8211; Todo dia brasileiras e brasileiros sofrem viol\u00eancia. Junho n\u00e3o foi diferente. No m\u00eas em que come\u00e7aram de Norte a Sul as festas juninas, mais uma vez as mulheres de todas as idades foram as maiores v\u00edtimas de viol\u00eancias. Aconteceram viol\u00eancias, mas tamb\u00e9m houve rea\u00e7\u00e3o popular. E isso merece um pequeno balan\u00e7o deste Blog. Vivemos no pa\u00eds [&hellip;]<\/p>\n","protected":false},"author":126,"featured_media":0,"comment_status":"open","ping_status":"open","sticky":false,"template":"","format":"standard","meta":{"footnotes":""},"categories":[11],"tags":[8,20,986,499,1231,1229],"class_list":["post-2432","post","type-post","status-publish","format-standard","hentry","category-cuidado-e-autocuidado","tag-alzheimer","tag-cuidadoras-familiares","tag-cuidadoras-sem-remuneracao","tag-demencia","tag-pl-1904-2024","tag-ppcub"],"_links":{"self":[{"href":"https:\/\/blogs.correiobraziliense.com.br\/coletivo-filhas-da-mae\/wp-json\/wp\/v2\/posts\/2432","targetHints":{"allow":["GET"]}}],"collection":[{"href":"https:\/\/blogs.correiobraziliense.com.br\/coletivo-filhas-da-mae\/wp-json\/wp\/v2\/posts"}],"about":[{"href":"https:\/\/blogs.correiobraziliense.com.br\/coletivo-filhas-da-mae\/wp-json\/wp\/v2\/types\/post"}],"author":[{"embeddable":true,"href":"https:\/\/blogs.correiobraziliense.com.br\/coletivo-filhas-da-mae\/wp-json\/wp\/v2\/users\/126"}],"replies":[{"embeddable":true,"href":"https:\/\/blogs.correiobraziliense.com.br\/coletivo-filhas-da-mae\/wp-json\/wp\/v2\/comments?post=2432"}],"version-history":[{"count":5,"href":"https:\/\/blogs.correiobraziliense.com.br\/coletivo-filhas-da-mae\/wp-json\/wp\/v2\/posts\/2432\/revisions"}],"predecessor-version":[{"id":2438,"href":"https:\/\/blogs.correiobraziliense.com.br\/coletivo-filhas-da-mae\/wp-json\/wp\/v2\/posts\/2432\/revisions\/2438"}],"wp:attachment":[{"href":"https:\/\/blogs.correiobraziliense.com.br\/coletivo-filhas-da-mae\/wp-json\/wp\/v2\/media?parent=2432"}],"wp:term":[{"taxonomy":"category","embeddable":true,"href":"https:\/\/blogs.correiobraziliense.com.br\/coletivo-filhas-da-mae\/wp-json\/wp\/v2\/categories?post=2432"},{"taxonomy":"post_tag","embeddable":true,"href":"https:\/\/blogs.correiobraziliense.com.br\/coletivo-filhas-da-mae\/wp-json\/wp\/v2\/tags?post=2432"}],"curies":[{"name":"wp","href":"https:\/\/api.w.org\/{rel}","templated":true}]}}