{"id":2385,"date":"2024-06-07T12:42:08","date_gmt":"2024-06-07T15:42:08","guid":{"rendered":"https:\/\/blogs.correiobraziliense.com.br\/coletivo-filhas-da-mae\/?p=2385"},"modified":"2024-06-07T19:27:07","modified_gmt":"2024-06-07T22:27:07","slug":"sobre-leis-delicadezas-e-demencias","status":"publish","type":"post","link":"https:\/\/blogs.correiobraziliense.com.br\/coletivo-filhas-da-mae\/2024\/06\/07\/sobre-leis-delicadezas-e-demencias\/","title":{"rendered":"Sobre Leis, Delicadezas e Dem\u00eancias"},"content":{"rendered":"<p>Cosette Castro<\/p>\n<p>Bras\u00edlia &#8211; No come\u00e7o da semana, o presidente Lula sancionou a Lei 4878\/24 que disp\u00f5e sobre cuidado integral para pessoas com Alzheimer e outras dem\u00eancias.<\/p>\n<p>A nova Lei marcou o in\u00edcio do Junho Violeta, m\u00eas de conscientiza\u00e7\u00e3o sobre a viol\u00eancia contra as pessoas idosas.<\/p>\n<p>Em termos nacionais, \u00e9 um feito hist\u00f3rico. E nos pr\u00f3ximos anos, se colocada em pr\u00e1tica, poder\u00e1 reduzir o n\u00famero de casos de dem\u00eancias, entre elas o Alzheimer, no Brasil. Conhe\u00e7a a \u00edntegra da Lei\u00a0 de autoria do Senador Paulo Paim (PT\/RS)\u00a0\u00a0<a href=\"https:\/\/drive.google.com\/file\/d\/1oay5zwah1nkqsAgWBjWN11Q0KVPWERMf\/view?usp=sharing\">aqui<\/a>.<\/p>\n<p>Pela primeira vez teremos no pa\u00eds uma Lei que contempla o diagn\u00f3stico precoce, algo que j\u00e1 ocorre em pa\u00edses desenvolvidos e que contribui para a qualidade de vida dos pacientes.<\/p>\n<p>O diagn\u00f3stico precoce precisa ser acompanhado de qualifica\u00e7\u00e3o profissional. S\u00e3o poucos profissionais da sa\u00fade no Brasil, seja na \u00e1rea p\u00fablica ou privada, que t\u00eam conhecimento sobre dem\u00eancias e acompanham os estudos e atualiza\u00e7\u00f5es no setor.<\/p>\n<p>As quest\u00f5es sobre envelhecimento saud\u00e1vel e \u00e0s doen\u00e7as relacionadas \u00e0 idade deveriam ser disciplinas obrigat\u00f3rias na gradua\u00e7\u00e3o das \u00e1reas da sa\u00fade. E em todos os cursos universit\u00e1rios. Mas n\u00e3o s\u00e3o.<\/p>\n<p>Mesmo que o Brasil, segundo o censo do IBGE (2023), tenha 16% da popula\u00e7\u00e3o acima dos 60 anos. Isto \u00e9, 32 milh\u00f5es de pessoas. A tend\u00eancia, com a redu\u00e7\u00e3o do n\u00famero de filhos e aumento da longevidade, \u00e9 esse n\u00famero crescer cada vez mais.<\/p>\n<p>Somos um pa\u00eds em processo r\u00e1pido de envelhecimento e precisamos urgente de profissionais preparados no mercado. A qualidade de vida das pessoas 60+ depende de conhecimento e da humaniza\u00e7\u00e3o no tratamento dos pacientes e tamb\u00e9m do acompanhamento e cuidado dos familiares que cuidam.<\/p>\n<p>A nova Lei prev\u00ea incentivo \u00e0s pesquisas nacionais e internacionais e desenvolvimento de medicamentos. Isso \u00e9 louv\u00e1vel, pois temos institui\u00e7\u00f5es de pesquisa p\u00fablicas de alto n\u00edvel. Mas nada disso sair\u00e1 do papel sem or\u00e7amento anual.<\/p>\n<p>E atualmente o or\u00e7amento para temas relacionados \u00e0 velhice tanto no Distrito Federal como em \u00e2mbito nacional \u00e9 quase nulo. Somos invis\u00edveis desde o ponto de vista de algumas teorias econ\u00f4micas.<\/p>\n<p>A Lei 4878\/24 \u00e9 louv\u00e1vel. No entanto, mais uma vez as pessoas que cuidam seus familiares foram deixadas de lado. S\u00e3o vistas indiretamente, desde o ponto de vista da doen\u00e7a instalada e n\u00e3o da preven\u00e7\u00e3o.<\/p>\n<p>Apesar de ainda vivermos em uma Sociedade da Viol\u00eancia, especialmente contra pessoas idosas, esperamos que a nova Lei seja prontamente executada. E que junto a dota\u00e7\u00e3o or\u00e7ament\u00e1ria,\u00a0 seja criado um Departamento Nacional de Dem\u00eancias, dando a devida import\u00e2ncia \u00e0 gravidade do avan\u00e7o das dem\u00eancias no Brasil.<\/p>\n<p>Isso significa definir, entre outros artigos da Lei, estrategias e metas<\/p>\n<p>1.Para a implanta\u00e7\u00e3o do diagn\u00f3stico precoce,<br \/>\n2. Para a exig\u00eancia de exames anuais, inclusive de imagem, no SUS desde os 35, 40 anos para prevenir doen\u00e7as que s\u00e3o portas para as dem\u00eancias e para evitar a dem\u00eancia precoce<br \/>\n3. Para a realiza\u00e7\u00e3o de campanhas p\u00fablicas permanentes de informa\u00e7\u00e3o \u00e0s fam\u00edlias,<br \/>\n4. Para a obrigatoriedade da informa\u00e7\u00e3o de morte relacionada \u00e0s dem\u00eancias para computa\u00e7\u00e3o nos dados nacionais.<\/p>\n<p>As novas gera\u00e7\u00f5es\u00a0agradecer\u00e3o.<\/p>\n<p>PS: Estamos na Semana do Meio Ambiente e h\u00e1 v\u00e1rias atividades acontecendo no Parque da Cidade, em Bras\u00edlia, at\u00e9 o dia 09\/06. No Grupo Caminhantes estaremos acompanhando o Grupo Caminhadas de Bras\u00edlia (GCB) na trilha Jatob\u00e1, na Floresta Nacional, sob a Coordena\u00e7\u00e3o de Solange Brito. Mais Informa\u00e7\u00f5es\u00a0<a href=\"https:\/\/www.instagram.com\/p\/C7tuKoDssFB\/?igsh=YjR0MXk2b2c3Mmcz\">aqui\u00a0<\/a><\/p>\n<p>PS2: H\u00e1 pe\u00e7as de teatro que s\u00e3o uma delicadeza. \u00c9 o caso do mon\u00f3logo &#8220;Carrego o que Posso. Fa\u00e7o Quintal Onde D\u00e1&#8221;,\u00a0 que vem sendo apresentado\u00a0 gratuitamente pela atriz Maysa Carvalho em sete regi\u00f5es administrativas do DF. O projeto do Coletivo Entrevazios,\u00a0 com dire\u00e7\u00e3o de Sandra Vargas, se baseia no teatro de objetos e narra as historias de mulheres que sairam de sua terra natal para ajudar a construir Bras\u00edlia atrav\u00e9s de objetos em que contam suas historias. Onde: Dias 07 e 08\/06 em Brazl\u00e2ndia, \u00e0s margens do Lago Veredinha, e no dia 09\/06, no N\u00facleo Bandeirantes, em frente \u00e0 Biblioteca V\u00f3 Philomena, sempre \u00e0s 17h30.<\/p>\n","protected":false},"excerpt":{"rendered":"<p>Cosette Castro Bras\u00edlia &#8211; No come\u00e7o da semana, o presidente Lula sancionou a Lei 4878\/24 que disp\u00f5e sobre cuidado integral para pessoas com Alzheimer e outras dem\u00eancias. A nova Lei marcou o in\u00edcio do Junho Violeta, m\u00eas de conscientiza\u00e7\u00e3o sobre a viol\u00eancia contra as pessoas idosas. Em termos nacionais, \u00e9 um feito hist\u00f3rico. E nos pr\u00f3ximos anos, se colocada em [&hellip;]<\/p>\n","protected":false},"author":126,"featured_media":0,"comment_status":"open","ping_status":"open","sticky":false,"template":"","format":"standard","meta":{"footnotes":""},"categories":[18],"tags":[8,1206,1209,7,1205,966,540,1202,1203,1207,1208,1204,1210,42],"class_list":["post-2385","post","type-post","status-publish","format-standard","hentry","category-alzheimer","tag-alzheimer","tag-carrego-o-que-posso-faco-quintal-onde-da","tag-coletivo-entrevazios","tag-demencias","tag-flona","tag-gcb","tag-grupo-caminhadas-de-brasilia","tag-lei-4878-2024","tag-lei-do-cuidado-integral-para-pessoas-com-alzheimer-e-outras-demencias","tag-maysa-carvalho","tag-sandra-vargas","tag-semana-do-meio-ambiente","tag-solange-brito","tag-sus"],"_links":{"self":[{"href":"https:\/\/blogs.correiobraziliense.com.br\/coletivo-filhas-da-mae\/wp-json\/wp\/v2\/posts\/2385","targetHints":{"allow":["GET"]}}],"collection":[{"href":"https:\/\/blogs.correiobraziliense.com.br\/coletivo-filhas-da-mae\/wp-json\/wp\/v2\/posts"}],"about":[{"href":"https:\/\/blogs.correiobraziliense.com.br\/coletivo-filhas-da-mae\/wp-json\/wp\/v2\/types\/post"}],"author":[{"embeddable":true,"href":"https:\/\/blogs.correiobraziliense.com.br\/coletivo-filhas-da-mae\/wp-json\/wp\/v2\/users\/126"}],"replies":[{"embeddable":true,"href":"https:\/\/blogs.correiobraziliense.com.br\/coletivo-filhas-da-mae\/wp-json\/wp\/v2\/comments?post=2385"}],"version-history":[{"count":6,"href":"https:\/\/blogs.correiobraziliense.com.br\/coletivo-filhas-da-mae\/wp-json\/wp\/v2\/posts\/2385\/revisions"}],"predecessor-version":[{"id":2391,"href":"https:\/\/blogs.correiobraziliense.com.br\/coletivo-filhas-da-mae\/wp-json\/wp\/v2\/posts\/2385\/revisions\/2391"}],"wp:attachment":[{"href":"https:\/\/blogs.correiobraziliense.com.br\/coletivo-filhas-da-mae\/wp-json\/wp\/v2\/media?parent=2385"}],"wp:term":[{"taxonomy":"category","embeddable":true,"href":"https:\/\/blogs.correiobraziliense.com.br\/coletivo-filhas-da-mae\/wp-json\/wp\/v2\/categories?post=2385"},{"taxonomy":"post_tag","embeddable":true,"href":"https:\/\/blogs.correiobraziliense.com.br\/coletivo-filhas-da-mae\/wp-json\/wp\/v2\/tags?post=2385"}],"curies":[{"name":"wp","href":"https:\/\/api.w.org\/{rel}","templated":true}]}}