{"id":2361,"date":"2024-05-24T09:54:48","date_gmt":"2024-05-24T12:54:48","guid":{"rendered":"https:\/\/blogs.correiobraziliense.com.br\/coletivo-filhas-da-mae\/?p=2361"},"modified":"2024-05-24T09:54:48","modified_gmt":"2024-05-24T12:54:48","slug":"entre-o-sol-e-a-chuva","status":"publish","type":"post","link":"https:\/\/blogs.correiobraziliense.com.br\/coletivo-filhas-da-mae\/2024\/05\/24\/entre-o-sol-e-a-chuva\/","title":{"rendered":"Entre o Sol e a Chuva"},"content":{"rendered":"<p>Cosette Castro<\/p>\n<p>Bras\u00edlia &#8211; Not\u00edcias tristes do Sul. As chuvas e temporais voltaram ao Rio Grande do Sul e junto est\u00e1 chegando o frio.<\/p>\n<p>Em Porto Alegre h\u00e1 novos bairros alagados e o prefeito Sebasti\u00e3o Melo (MDB) pediu que a popula\u00e7\u00e3o n\u00e3o saia \u00e0s ruas na sexta-feira.<\/p>\n<p>As aulas na rede p\u00fablica e privada foram suspensas na Capital e tamb\u00e9m nas cidades da Regi\u00e3o Metropolitana.<\/p>\n<p>Segundo o Climatempo, nunca choveu tanto na Capital ga\u00facha desde 1906. Foram 477,2 mm em maio 2024 e o m\u00eas ainda n\u00e3o terminou.<\/p>\n<p>A previs\u00e3o \u00e9 de mais chuva, intensificando nos pr\u00f3ximos dias, a partir de segunda. E Frio.<\/p>\n<p>Isso significa mais riscos para a popula\u00e7\u00e3o, principalmente aquelas que moram na periferia e nas regi\u00f5es pr\u00f3ximas ao lago, a rios, riachos e arroios.<\/p>\n<p>Significa mais necessidade de abrigos, agasalhos, alimentos. E necessidade de mais mobiliza\u00e7\u00e3o social.<\/p>\n<p>Porto Alegre vivencia tempos dif\u00edceis. Infelizmente, as enchentes e alagamentos de 2023 n\u00e3o serviram de experi\u00eancia para a prefeitura.<\/p>\n<p>Houve falta de planejamento sobre preven\u00e7\u00e3o clim\u00e1tica, corte de verbas na defesa civil e desmantelamento de equipes.<\/p>\n<p>Sem prote\u00e7\u00e3o, a Capital ga\u00facha sofreu com as intensas chuvas, alagamentos e enchentes de maio.<\/p>\n<p>Houve falhas do sistema de bombeamento e drenagem da cidade. H\u00e1 lixo acumulado nas ruas, bueiros entupidos, estourando e alagando outras vias e sobrecarregando arroios e riachos.<\/p>\n<p>At\u00e9 o maior cart\u00e3o postal da cidade, o Parque Farroupilha, mais conhecido como Reden\u00e7\u00e3o, com seus 35,7 hectares localizado no centro hist\u00f3rico, est\u00e1 embaixo d&#8217;\u00e1gua.<\/p>\n<p>Baseada nos problemas citados, na quinta-feira, 23, a Uni\u00e3o das Associa\u00e7\u00f5es de Moradores de Porto Alegre (UAMPA) protocolou pedido de impeachment do prefeito.<\/p>\n<p>Em ano de elei\u00e7\u00f5es municipais uma boa ideia na hora de votar \u00e9 escolher candidatos e candidatas \u00e0s prefeituras que tenham propostas em defesa do meio ambiente e apresentem um plano de preven\u00e7\u00e3o clim\u00e1tica antes da elei\u00e7\u00e3o.<\/p>\n<p><strong>Em Bras\u00edlia<\/strong><\/p>\n<p>Enquanto isso em Bras\u00edlia, chegou a esta\u00e7\u00e3o da seca e do frio. L\u00e1 fora, o sol segue brilhando.<\/p>\n<p>Neste domingo, a Capital Federal est\u00e1 agitada.<\/p>\n<p>H\u00e1 pelo menos 03 eventos de estimulo ao autocuidado, de preven\u00e7\u00e3o de sa\u00fade e ocupa\u00e7\u00e3o da cidade produzidos por movimentos sociais.<\/p>\n<p>Nosso parceiro, o Instituto Tocar celebra 23 anos com o encontro &#8220;Conectar Mulheres em Rede&#8221; na altura da 206 no Eix\u00e3o Norte. As atividades de autocuidado v\u00e3o ocorrer das 8h30 \u00e0s 11h30.<\/p>\n<p>O grupo Caminhantes do Coletivo Filhas da M\u00e3e realiza a trilha urbana cultural &#8220;Caminhos de Athos Bulc\u00e3o&#8221; na Asa Norte.<\/p>\n<p>A trilha vai percorrer diferentes locais onde h\u00e1 obras do artista com coment\u00e1rios do jornalista Vitor Borisow. O encontro ser\u00e1 \u00e0s 8h com sa\u00edda 8h30. Local: em frente ao painel de Athos Bulc\u00e3o na Fiocruz\/ UnB.<\/p>\n<p>E a partir do meio dia na torre de TV acontecer\u00e1 a 1a Parada do Orgulho PCD, das pessoas com defici\u00eancia de Bras\u00edlia. A parada PCD dever\u00e1 ocorrer em outras cidades como Belo Horizonte, S\u00e3o Paulo e Rio de Janeiro ao longo do ano.<\/p>\n<p>Em comum todas as tr\u00eas atividades s\u00e3o solid\u00e1rias, gratuitas e abertas \u00e0 popula\u00e7\u00e3o.<\/p>\n<p>Buscam tirar da invisibilidade grupos sociais fragilizados e exercem o direito de estar na cidade de diferentes maneiras. E, principalmente, buscam caminhos para construir uma Sociedade do Cuidado inclusiva, diversa e plural.<\/p>\n","protected":false},"excerpt":{"rendered":"<p>Cosette Castro Bras\u00edlia &#8211; Not\u00edcias tristes do Sul. As chuvas e temporais voltaram ao Rio Grande do Sul e junto est\u00e1 chegando o frio. Em Porto Alegre h\u00e1 novos bairros alagados e o prefeito Sebasti\u00e3o Melo (MDB) pediu que a popula\u00e7\u00e3o n\u00e3o saia \u00e0s ruas na sexta-feira. As aulas na rede p\u00fablica e privada foram suspensas na Capital e tamb\u00e9m [&hellip;]<\/p>\n","protected":false},"author":126,"featured_media":0,"comment_status":"open","ping_status":"open","sticky":false,"template":"","format":"standard","meta":{"footnotes":""},"categories":[976],"tags":[1186,1185,455,1187,1183,1137,1182,905,1184,194],"class_list":["post-2361","post","type-post","status-publish","format-standard","hentry","category-sociedade-do-cuidado","tag-apabb","tag-caminhos-de-athos-bulcao","tag-instituto-tocar","tag-parada-orgulho-pcd","tag-prefeitura-de-porto-alegre","tag-projeto-conectar-mulheres","tag-sebastiao-melo","tag-sociedade-do-cuidado","tag-trilha-urbana","tag-vitor-borisow"],"_links":{"self":[{"href":"https:\/\/blogs.correiobraziliense.com.br\/coletivo-filhas-da-mae\/wp-json\/wp\/v2\/posts\/2361","targetHints":{"allow":["GET"]}}],"collection":[{"href":"https:\/\/blogs.correiobraziliense.com.br\/coletivo-filhas-da-mae\/wp-json\/wp\/v2\/posts"}],"about":[{"href":"https:\/\/blogs.correiobraziliense.com.br\/coletivo-filhas-da-mae\/wp-json\/wp\/v2\/types\/post"}],"author":[{"embeddable":true,"href":"https:\/\/blogs.correiobraziliense.com.br\/coletivo-filhas-da-mae\/wp-json\/wp\/v2\/users\/126"}],"replies":[{"embeddable":true,"href":"https:\/\/blogs.correiobraziliense.com.br\/coletivo-filhas-da-mae\/wp-json\/wp\/v2\/comments?post=2361"}],"version-history":[{"count":1,"href":"https:\/\/blogs.correiobraziliense.com.br\/coletivo-filhas-da-mae\/wp-json\/wp\/v2\/posts\/2361\/revisions"}],"predecessor-version":[{"id":2362,"href":"https:\/\/blogs.correiobraziliense.com.br\/coletivo-filhas-da-mae\/wp-json\/wp\/v2\/posts\/2361\/revisions\/2362"}],"wp:attachment":[{"href":"https:\/\/blogs.correiobraziliense.com.br\/coletivo-filhas-da-mae\/wp-json\/wp\/v2\/media?parent=2361"}],"wp:term":[{"taxonomy":"category","embeddable":true,"href":"https:\/\/blogs.correiobraziliense.com.br\/coletivo-filhas-da-mae\/wp-json\/wp\/v2\/categories?post=2361"},{"taxonomy":"post_tag","embeddable":true,"href":"https:\/\/blogs.correiobraziliense.com.br\/coletivo-filhas-da-mae\/wp-json\/wp\/v2\/tags?post=2361"}],"curies":[{"name":"wp","href":"https:\/\/api.w.org\/{rel}","templated":true}]}}