{"id":2353,"date":"2024-05-20T07:54:00","date_gmt":"2024-05-20T10:54:00","guid":{"rendered":"https:\/\/blogs.correiobraziliense.com.br\/coletivo-filhas-da-mae\/?p=2353"},"modified":"2024-07-29T15:30:23","modified_gmt":"2024-07-29T18:30:23","slug":"das-alegrias-do-cuidado-familiar","status":"publish","type":"post","link":"https:\/\/blogs.correiobraziliense.com.br\/coletivo-filhas-da-mae\/2024\/05\/20\/das-alegrias-do-cuidado-familiar\/","title":{"rendered":"Das Alegrias do Cuidado Familiar"},"content":{"rendered":"<p>Cosette Castro &amp; Nat\u00e1lia Duarte<\/p>\n<p>Bras\u00edlia \u2013\u00a0 Semana passada ocorreu o lan\u00e7amento do Centro de Biotecnologia Molecular, o C-Biotech, do Instituto de Ci\u00eancias Biol\u00f3gicas da Universidade de Bras\u00edlia (UnB).<\/p>\n<p>O C-Biotech \u00e9 um marco para a pesquisa e inova\u00e7\u00e3o em biotecnologia no Centro Oeste. Re\u00fane pesquisadores, estudantes e profissionais em um ambiente prop\u00edcio para projetos e parcerias estrat\u00e9gicas.<\/p>\n<p>Na inaugura\u00e7\u00e3o, a homenageada foi a professora aposentada da UnB Vilneyde Mabel. Dra. Vilneyde tem 85 anos e Alzheimer.<\/p>\n<p>Para refletir sobre os desafios e alegrias das cuidadoras familiares, hoje quem escreve no Blog \u00e9 Nat\u00e1lia Duarte, professora da UnB e uma das coordenadoras do Coletivo Filhas da M\u00e3e.<\/p>\n<p>Natalia Duarte \u2013 &#8220;Na cerim\u00f4nia de lan\u00e7amento do C-Biotech dia 16, a estrela foi a Dra. Vilneyde Mabel, ex-professora do coordenador do Centro, Fernando Araripe.<\/p>\n<p>Foi dele a ideia de homenagear a professora aposentada, diagnosticada com Alzheimer h\u00e1 13 anos.<\/p>\n<p>Como diz minha querida amiga, a educadora Esther Grossi: \u201cToda mem\u00f3ria tem um\/a professor\/a\/e\u201d.<\/p>\n<p>Fernando convidou Simone, sua filha e cuidadora, para represent\u00e1-la e ficou felic\u00edssimo quando ela disse que a m\u00e3e estaria presente.<\/p>\n<p>\u201cFernando, aparentemente ela n\u00e3o se lembra de seu tempo de professora. Mas o afeto ela sempre reconhece\u201d.<\/p>\n<p>Simone compartilhou as fotos e o link do evento nos grupos de WhatsApp do nosso Coletivo. E uma onda de alegria tomou conta de todas n\u00f3s.<\/p>\n<p>Nos registros h\u00e1 tanta coisa linda!<\/p>\n<p>Como ver que a dem\u00eancia n\u00e3o apagou a professora da mem\u00f3ria de seus alunos. Ou ver o carinho de todos com ela. Observar a felicidade de Vilneyde no acolhimento. E, principalmente, a alegria da Simone.<\/p>\n<p>Escrevemos e falamos muito da carga f\u00edsica e emocional do cuidado; de sua feminiliza\u00e7\u00e3o; da desprote\u00e7\u00e3o social da velhice, especialmente aquela com dem\u00eancia. E do caos que vira a vida de quem cuida quando n\u00e3o sabe o que est\u00e1 acontecendo.<\/p>\n<p>Falamos e escrevemos porque h\u00e1 invisibilidade sobre esses temas.<\/p>\n<p>Toda fam\u00edlia tem uma pessoa idosa que necessita de cuidados e a sociedade n\u00e3o fala disso. Escrevemos e falamos porque \u00e9 informa\u00e7\u00e3o preciosa para quem est\u00e1 vivenciando essa situa\u00e7\u00e3o.<\/p>\n<p>Falamos e escrevemos tamb\u00e9m porque \u00e9 urgente a quest\u00e3o do cuidado. E precisamos que todas\/os\/es saibam. \u00c9 imperiosa uma Sociedade do Cuidado.<\/p>\n<p><strong>Das Alegrias<\/strong><\/p>\n<p>Temos muitos desafios, mas tamb\u00e9m \u00e9 importante falar da beleza do cuidar.<\/p>\n<p>Ao ver a alegria da Vilneyde e, mais ainda, ao enxergar a alegria de sua filha cuidadora, fui procurar as minhas.<\/p>\n<p>Vi que n\u00e3o enxergava a for\u00e7a incr\u00edvel do meu pai, a mesma for\u00e7a que vi na m\u00e3e da Simone.<\/p>\n<p>\u00c0s vezes n\u00e3o lembramos que, no dia a dia, s\u00e3o eles que enfrentam a doen\u00e7a.<\/p>\n<p>Enxergar a for\u00e7a do meu pai foi t\u00e3o bonito.<\/p>\n<p>Encontrei o pai da minha mem\u00f3ria. Lembrei que essa \u00e9 uma li\u00e7\u00e3o que ele me d\u00e1 desde sempre. E continua dando.<\/p>\n<p>Ele tem for\u00e7a vital para levantar todo dia, encarar o dia sabendo do seu diagn\u00f3stico e ainda ter seus prazeres.<\/p>\n<p>Vi que \u00e9 ele quem me faz insistir em atividades de socializa\u00e7\u00e3o, em ajud\u00e1-lo a estar cercado de pessoas e de crian\u00e7as. Foi ele quem me ensinou a insistir. E como insisto!<\/p>\n<p>Com certeza meu pai foi meu melhor e mais constante professor. Na verdade, ele foi o melhor pai. Ensinando no cotidiano, sempre ao nosso lado.<\/p>\n<p>Por isso toda a fam\u00edlia cuida dele, pergunta por ele, lembra dele. Vejo que eles tamb\u00e9m ficam felizes! Muitos vir\u00e3o de outros estados para festa de 90 anos do \u00cdtalo.<\/p>\n<p>A fam\u00edlia de Bras\u00edlia est\u00e1 sempre presente, assim como amigos mais pr\u00f3ximos de d\u00e9cadas.<\/p>\n<p>No entanto, caso tiv\u00e9ssemos mais informa\u00e7\u00f5es desde o diagn\u00f3stico, n\u00e3o ter\u00edamos algumas dificuldades.<\/p>\n<p>Desde o\u00a0 come\u00e7o fomos co-cuidadores do meu pai. Meu irm\u00e3o e sua fam\u00edlia se mudaram\u00a0 para a casa dele. Eu ficava respons\u00e1vel pelas atividades externas, como m\u00e9dicos e exames.<\/p>\n<p>Ap\u00f3s dois anos, quando se esgotaram, foi a minha vez de assumir o cuidado familiar. Hoje ele mora no mesmo pr\u00e9dio que o meu e estamos juntos todos os dias.<\/p>\n<p>Claro que seguimos trope\u00e7ando, \u00e9 da vida. Mas com certeza estamos mais conscientes e preparados como irm\u00e3os co-cuidadores.<\/p>\n<p>Quando meu pai recebeu o diagn\u00f3stico de Alzheimer fomos a v\u00e1rios especialistas. Encontramos a Dra. Andrea Alvarenga. Foi ela quem me disse na primeira consulta:<\/p>\n<p>&#8220;O Alzheimer pode adoecer a fam\u00edlia inteira. Voc\u00ea precisa de apoio nesse momento. Existe o Coletivo Filhas da M\u00e3e. Voc\u00ea deveria participar.&#8221;<\/p>\n<p>Dra. Andr\u00e9a segue sendo a m\u00e9dica do meu pai. E a minha. Ela tem me ajudado muito com o autocuidado.<\/p>\n<p>Nossa fam\u00edlia aprendeu tamb\u00e9m a respeitar e valorizar as profissionais do cuidado do meu pai. Desse modo elas cuidam t\u00e3o bem do meu pai que chega a ser um presente.<\/p>\n<p>E como Simone e sua m\u00e3e, vi que meu pai continua me inspirando muita admira\u00e7\u00e3o. Obrigada Simone e Vilneyde.<\/p>\n<p>Compartilhar das alegrias que o\u00a0 cuidado familiar proporciona me fizeram lembrar de Espinosa, dos afetos e da alegria que aumentam a pot\u00eancia de existir.\u201d<\/p>\n<p>A alegria da D. Vilneyde nos lembra a beleza de ensinar algu\u00e9m e tamb\u00e9m de aprender com outra pessoa. E dos seus desafios. Voltaremos ao tema&#8230;<\/p>\n","protected":false},"excerpt":{"rendered":"<p>Cosette Castro &amp; Nat\u00e1lia Duarte Bras\u00edlia \u2013\u00a0 Semana passada ocorreu o lan\u00e7amento do Centro de Biotecnologia Molecular, o C-Biotech, do Instituto de Ci\u00eancias Biol\u00f3gicas da Universidade de Bras\u00edlia (UnB). O C-Biotech \u00e9 um marco para a pesquisa e inova\u00e7\u00e3o em biotecnologia no Centro Oeste. Re\u00fane pesquisadores, estudantes e profissionais em um ambiente prop\u00edcio para projetos e parcerias estrat\u00e9gicas. Na inaugura\u00e7\u00e3o, [&hellip;]<\/p>\n","protected":false},"author":126,"featured_media":0,"comment_status":"open","ping_status":"open","sticky":false,"template":"","format":"standard","meta":{"footnotes":""},"categories":[10],"tags":[1181,20,543,1180],"class_list":["post-2353","post","type-post","status-publish","format-standard","hentry","category-cuidadoras-familiares","tag-c-biotech","tag-cuidadoras-familiares","tag-unb","tag-vilneyde-mabel"],"_links":{"self":[{"href":"https:\/\/blogs.correiobraziliense.com.br\/coletivo-filhas-da-mae\/wp-json\/wp\/v2\/posts\/2353","targetHints":{"allow":["GET"]}}],"collection":[{"href":"https:\/\/blogs.correiobraziliense.com.br\/coletivo-filhas-da-mae\/wp-json\/wp\/v2\/posts"}],"about":[{"href":"https:\/\/blogs.correiobraziliense.com.br\/coletivo-filhas-da-mae\/wp-json\/wp\/v2\/types\/post"}],"author":[{"embeddable":true,"href":"https:\/\/blogs.correiobraziliense.com.br\/coletivo-filhas-da-mae\/wp-json\/wp\/v2\/users\/126"}],"replies":[{"embeddable":true,"href":"https:\/\/blogs.correiobraziliense.com.br\/coletivo-filhas-da-mae\/wp-json\/wp\/v2\/comments?post=2353"}],"version-history":[{"count":6,"href":"https:\/\/blogs.correiobraziliense.com.br\/coletivo-filhas-da-mae\/wp-json\/wp\/v2\/posts\/2353\/revisions"}],"predecessor-version":[{"id":2504,"href":"https:\/\/blogs.correiobraziliense.com.br\/coletivo-filhas-da-mae\/wp-json\/wp\/v2\/posts\/2353\/revisions\/2504"}],"wp:attachment":[{"href":"https:\/\/blogs.correiobraziliense.com.br\/coletivo-filhas-da-mae\/wp-json\/wp\/v2\/media?parent=2353"}],"wp:term":[{"taxonomy":"category","embeddable":true,"href":"https:\/\/blogs.correiobraziliense.com.br\/coletivo-filhas-da-mae\/wp-json\/wp\/v2\/categories?post=2353"},{"taxonomy":"post_tag","embeddable":true,"href":"https:\/\/blogs.correiobraziliense.com.br\/coletivo-filhas-da-mae\/wp-json\/wp\/v2\/tags?post=2353"}],"curies":[{"name":"wp","href":"https:\/\/api.w.org\/{rel}","templated":true}]}}