{"id":2297,"date":"2024-04-19T10:45:43","date_gmt":"2024-04-19T13:45:43","guid":{"rendered":"https:\/\/blogs.correiobraziliense.com.br\/coletivo-filhas-da-mae\/?p=2297"},"modified":"2024-07-29T15:31:08","modified_gmt":"2024-07-29T18:31:08","slug":"descobertas-cognitivas-de-uma-cuidadora-familiar","status":"publish","type":"post","link":"https:\/\/blogs.correiobraziliense.com.br\/coletivo-filhas-da-mae\/2024\/04\/19\/descobertas-cognitivas-de-uma-cuidadora-familiar\/","title":{"rendered":"Descobertas Cognitivas de uma Cuidadora Familiar"},"content":{"rendered":"<p dir=\"auto\">Cosette Castro &amp; Natalia Duarte<\/p>\n<p dir=\"auto\">Bras\u00edlia \u2013 Neste domingo, 21\/04, Bras\u00edlia ir\u00e1 comemorar 64 anos. Embora jovem para uma cidade,\u00a0j\u00e1 sente o peso do envelhecimento de sua popula\u00e7\u00e3o.<\/p>\n<p dir=\"auto\">Em meio \u00e0s comemora\u00e7\u00f5es, abrimos o Blog para Nat\u00e1lia Duarte, professora da UnB e uma das Coordenadoras do Coletivo Filhas da M\u00e3e. Ela conta algumas aprendizagens e desafios como cuidadora familiar.<\/p>\n<p dir=\"auto\">Natalia Duarte &#8211; \u201cQuando se trata da dem\u00eancia do pai ou da m\u00e3e, pessoas fundantes de quem somos, lidar com a contradi\u00e7\u00e3o entre a realidade atual da pessoa e a refer\u00eancia de intelig\u00eancia e bom senso da mem\u00f3ria da crian\u00e7a que fomos \u00e9 dram\u00e1tico.<\/p>\n<p dir=\"auto\">Meu pai \u00e9 a pessoa mais inteligente e articulada da minha mem\u00f3ria. N\u00e3o s\u00f3 da minha, mas da mem\u00f3ria familiar.\u00a0Menino pobre e abrigado desde os 11 anos, cedo se interessou pelos estudos. Foi influenciado pela m\u00e3e, Ermelinda, e por seu amigo de internato, Jos\u00e9 dos Santos.<\/p>\n<p dir=\"auto\">\u00cdtalo admirava conversar com seu amigo porque ele sabia de atualidades, de Geografia, Hist\u00f3ria e Economia. Um dia perguntou:\u00a0\u00a0&#8211; Z\u00e9, como \u00e9 que voc\u00ea sabe de tantas coisas?<\/p>\n<p dir=\"auto\">&#8211; \u00c9 que eu gosto de ler. Leio tudo que acho interessante e dispon\u00edvel.<\/p>\n<p dir=\"auto\">Jos\u00e9 dos Santos trabalhava na oficina de reciclagem de pap\u00e9is do internato. Sempre que aparecia jornal, revista ou livro pedia ao mestre para guardar. Depois devorava nas noites silenciosas.<\/p>\n<p dir=\"auto\">Vendo o interesse do meu pai, Z\u00e9 dos Santos passou a compartilhar os materiais de leituras. \u00cdtalo tamb\u00e9m se tornou um leitor apaixonado. Somente aos 88 anos ele deixou de ler jornal e notici\u00e1rio diariamente.<\/p>\n<p dir=\"auto\">Quando meu pai come\u00e7ou a ter dificuldades em ler as palavras e os n\u00fameros meu irm\u00e3o e eu quase entramos em desespero. Logo ele, economista p\u00f3s-graduado na Fran\u00e7a.<\/p>\n<p dir=\"auto\">Um dia perguntava o que estava escrito, outro dia mostrava o celular e dizia n\u00e3o conseguir saber que horas estava mostrando&#8230; Nosso pai, nosso \u00eddolo, estava desaprendendo a ler e a contar.<\/p>\n<p dir=\"auto\">N\u00e3o \u00e9 f\u00e1cil. Fala-se muito pouco da carga adicional de cuidar de um familiar com dem\u00eancia. N\u00e3o h\u00e1 melhora.\u00a0Ao contr\u00e1rio, o Alzheimer faz com que a pessoa doente desaprenda, de forma confusa aquilo que antes era t\u00e3o elementar.<\/p>\n<p dir=\"auto\">Sou cuidadora familiar dos pais fazem \u201capenas\u201d seis anos, mas fui cuidadora de dois filhos, sem me dar conta do trabalho de cuidado por duas d\u00e9cadas.<\/p>\n<p dir=\"auto\">Tamb\u00e9m sou professora de sala de aula h\u00e1 40 anos, sendo especialista em alfabetiza\u00e7\u00e3o. Junto com mais duas amigas da rede p\u00fablica do Distrito Federal (DF), Martha Sc\u00e1rdua e Relcy Carib\u00e9, desenvolvemos \u201c<a href=\"https:\/\/youtu.be\/Vmnxq8bXYVA?feature=shared)\">O Pulo do Gato<\/a>\u201d um kit com 40 jogos para alfabetiza\u00e7\u00e3o e letramento recomendado pelo Guia de Tecnologias Educacionais do MEC (<a href=\"http:\/\/portaldoprofessor.mec.gov.br\/storage\/materiais\/0000016303.pdf\">link aqui<\/a>).<\/p>\n<p dir=\"auto\">Utilizando essa experi\u00eancia comecei a jogar com meu pai os jogos pedag\u00f3gicos de alfabetiza\u00e7\u00e3o.\u00a0Retomei com ele cada letra do alfabeto, jogos da mem\u00f3ria com figura\/palavra, jogos de completar as palavras, pontuar e escrever.\u00a0 Tamb\u00e9m pedia para as cuidadoras jogarem com ele em complemento ao Domin\u00f3, jogo que \u00cdtalo brinca, religiosamente, todos os dias.<\/p>\n<p dir=\"auto\">\u00c9 importante ressaltar, como disse Cosette no \u00faltimo Blog que, por mais forte que seja nosso desejo, n\u00e3o h\u00e1 milagres.<\/p>\n<p dir=\"auto\">N\u00e3o h\u00e1 revers\u00e3o do c\u00e9rebro danificado. N\u00e3o \u00e9 que meu pai tenha desaprendido e depois reaprendeu a ler letras e n\u00fameros. O que havia era inconst\u00e2ncia de performance. Ou seja, hora sabe, hora n\u00e3o sabe. Isso \u00e9 desesperador pra quem cuida.<\/p>\n<p dir=\"auto\">Meu pai n\u00e3o reaprendeu a ler.\u00a0 Mas o exerc\u00edcio com as letras, s\u00edlabas e palavras, est\u00e1 mantendo recursos de mem\u00f3ria que t\u00eam ancorado o pouco de cogni\u00e7\u00e3o que ainda n\u00e3o foi destru\u00eddo pelo Alzheimer.\u00a0Meu pai segue lendo pouco e lidando pouco com n\u00fameros. Quando ele consegue, n\u00f3s dois ficamos felizes.<\/p>\n<p dir=\"auto\">S\u00f3 me permito dar opini\u00e3o sobre aprendizagens e cogni\u00e7\u00e3o em pessoas idosas com dem\u00eancia porque ocupo esse lugar de fala.\u00a0Sou uma pesquisadora da \u00e1rea e cuidadora familiar que, de repente, descobriu novas reflex\u00f5es cr\u00edticas sobre cogni\u00e7\u00e3o, aprendizagens, esquemas de pensamento, zona de desenvolvimento proximal e mem\u00f3ria.<\/p>\n<p dir=\"auto\">Tenho dito aos estudantes nas salas de aula da UnB e nas Escolas que o melhor campo para a produ\u00e7\u00e3o de avan\u00e7os no conhecimento cient\u00edfico \u00e9 a realidade de quem faz em estreita articula\u00e7\u00e3o com a ci\u00eancia.<\/p>\n<p dir=\"auto\">\u00c9 da pr\u00e1xis que nasce o saber libert\u00e1rio e efetivo. Aquele que permite enfrentar as adversidades e comemorar as pequenas conquistas di\u00e1rias que transformam a realidade. Eles d\u00e3o sentido e felicidade ao cotidiano.<\/p>\n<p dir=\"auto\">Para quem tem pessoas idosas na fam\u00edlia, sugiro observ\u00e1-las cuidadosamente. Pode ser que a irrita\u00e7\u00e3o e confus\u00e3o n\u00e3o seja escolha ou mau humor. Mas os primeiros sinais de alerta para a necessidade de cuidados.<\/p>\n<p dir=\"auto\">H\u00e1 seis anos, se eu tivesse mais informa\u00e7\u00f5es por meio de grupos como o Coletivo, a\u00a0 vida seria diferente. Tamb\u00e9m ajudam\u00a0programas televisivos como o Globo Rep\u00f3rter, o Profiss\u00e3o Rep\u00f3rter e Caminhos da Reportagem, da TV Brasil. E Informa\u00e7\u00f5es nas redes digitais, escolas e universidades.<\/p>\n<p dir=\"auto\">Eu n\u00e3o teria adoecido e estar\u00edamos mais perto de uma Sociedade do Cuidado.<\/p>\n<p dir=\"auto\">A situa\u00e7\u00e3o n\u00e3o passaria a ser f\u00e1cil. No entanto, compartilhar aprendizagens, saberes e solu\u00e7\u00f5es para o dia a dia\u00a0 ajuda a enfrentar o tema da provis\u00e3o de cuidados.<\/p>\n<p dir=\"auto\">Sobre o anivers\u00e1rio de Bras\u00edlia, nossa cidade precisa refletir coletivamente e se preparar para o envelhecimento da popula\u00e7\u00e3o.\u00a0\u00a0Ainda n\u00e3o temos pol\u00edticas p\u00fablicas e essa aus\u00eancia \u00e9 suprida por mulheres invis\u00edveis e adoentadas. Elas, na maioria das vezes, renunciam a suas vidas para cuidar.<\/p>\n<p dir=\"auto\">Da parte do Governo do DF, sugerimos um bom presente para a Capital Federal: que a agenda do Cuidado se torne uma prioridade!&#8221;<\/p>\n<p dir=\"auto\">PS: Hoje \u00e9 o dia dos Povos Ind\u00edgenas. Saudamos e reverenciamos os nossos povos origin\u00e1rios.<\/p>\n<div dir=\"auto\"><\/div>\n<div dir=\"auto\"><\/div>\n","protected":false},"excerpt":{"rendered":"<p>Cosette Castro &amp; Natalia Duarte Bras\u00edlia \u2013 Neste domingo, 21\/04, Bras\u00edlia ir\u00e1 comemorar 64 anos. Embora jovem para uma cidade,\u00a0j\u00e1 sente o peso do envelhecimento de sua popula\u00e7\u00e3o. Em meio \u00e0s comemora\u00e7\u00f5es, abrimos o Blog para Nat\u00e1lia Duarte, professora da UnB e uma das Coordenadoras do Coletivo Filhas da M\u00e3e. Ela conta algumas aprendizagens e desafios como cuidadora familiar. Natalia [&hellip;]<\/p>\n","protected":false},"author":126,"featured_media":0,"comment_status":"open","ping_status":"open","sticky":false,"template":"","format":"standard","meta":{"footnotes":""},"categories":[1141],"tags":[8,2,20,499,1142,5,1146,1143,870,1145,1144,905],"class_list":["post-2297","post","type-post","status-publish","format-standard","hentry","category-jogos-pedagogicos","tag-alzheimer","tag-cuidado","tag-cuidadoras-familiares","tag-demencia","tag-dia-dos-povos-indigenas","tag-envelhecimento","tag-guia-de-tecnologias-educacionais-do-mec","tag-martha-scardua","tag-natalia-duarte","tag-o-pulo-do-gato","tag-relcy-caribe","tag-sociedade-do-cuidado"],"_links":{"self":[{"href":"https:\/\/blogs.correiobraziliense.com.br\/coletivo-filhas-da-mae\/wp-json\/wp\/v2\/posts\/2297","targetHints":{"allow":["GET"]}}],"collection":[{"href":"https:\/\/blogs.correiobraziliense.com.br\/coletivo-filhas-da-mae\/wp-json\/wp\/v2\/posts"}],"about":[{"href":"https:\/\/blogs.correiobraziliense.com.br\/coletivo-filhas-da-mae\/wp-json\/wp\/v2\/types\/post"}],"author":[{"embeddable":true,"href":"https:\/\/blogs.correiobraziliense.com.br\/coletivo-filhas-da-mae\/wp-json\/wp\/v2\/users\/126"}],"replies":[{"embeddable":true,"href":"https:\/\/blogs.correiobraziliense.com.br\/coletivo-filhas-da-mae\/wp-json\/wp\/v2\/comments?post=2297"}],"version-history":[{"count":13,"href":"https:\/\/blogs.correiobraziliense.com.br\/coletivo-filhas-da-mae\/wp-json\/wp\/v2\/posts\/2297\/revisions"}],"predecessor-version":[{"id":2505,"href":"https:\/\/blogs.correiobraziliense.com.br\/coletivo-filhas-da-mae\/wp-json\/wp\/v2\/posts\/2297\/revisions\/2505"}],"wp:attachment":[{"href":"https:\/\/blogs.correiobraziliense.com.br\/coletivo-filhas-da-mae\/wp-json\/wp\/v2\/media?parent=2297"}],"wp:term":[{"taxonomy":"category","embeddable":true,"href":"https:\/\/blogs.correiobraziliense.com.br\/coletivo-filhas-da-mae\/wp-json\/wp\/v2\/categories?post=2297"},{"taxonomy":"post_tag","embeddable":true,"href":"https:\/\/blogs.correiobraziliense.com.br\/coletivo-filhas-da-mae\/wp-json\/wp\/v2\/tags?post=2297"}],"curies":[{"name":"wp","href":"https:\/\/api.w.org\/{rel}","templated":true}]}}