{"id":2268,"date":"2024-04-05T08:00:29","date_gmt":"2024-04-05T11:00:29","guid":{"rendered":"https:\/\/blogs.correiobraziliense.com.br\/coletivo-filhas-da-mae\/?p=2268"},"modified":"2024-04-04T22:31:41","modified_gmt":"2024-04-05T01:31:41","slug":"rede-de-cuidado-e-autocuidado-para-mulheres-que-cuidam","status":"publish","type":"post","link":"https:\/\/blogs.correiobraziliense.com.br\/coletivo-filhas-da-mae\/2024\/04\/05\/rede-de-cuidado-e-autocuidado-para-mulheres-que-cuidam\/","title":{"rendered":"Rede de Cuidado e Autocuidado Para Mulheres que Cuidam"},"content":{"rendered":"<p>Cosette Castro e Leandra Lofego<\/p>\n<p>Bras\u00edlia \u2013 A partir de domingo, dia 07, recome\u00e7amos as atividades de cuidado coletivo e autocuidado no Coletivo Filhas da M\u00e3e com a volta \u00e0s caminhadas nos parques de Bras\u00edlia.<\/p>\n<p>A primeira caminhada de abril vai acontecer no Parque Olhos D\u2019\u00c1gua (Quadra 413\/414, Asa Norte), a partir das 8h15. Ap\u00f3s a caminhada haver\u00e1 lanche compartilhado e momento dedicado \u00e0 m\u00fasica, acompanhando a apresenta\u00e7\u00e3o dos amigos do Coletivo Caf\u00e9 com Chorinho.<\/p>\n<p>E na ter\u00e7a-feira, dia 09, haver\u00e1 outra atividade \u00a0de cuidado coletivo e estimulo ao autocuidado. Desta vez ser\u00e1 realizada oficina, das 9h \u00e0s 11h30, em parceria com o Instituto Tocar atrav\u00e9s do Projeto Conectar Mulheres.<\/p>\n<p>Quem conta mais detalhes sobre a parceria e sobre a oficina de cuidado e autocuidado \u00e9 Leandra Lofego. Ela \u00e9 Bi\u00f3loga, Mestre em Ecologia e Analista T\u00e9cnica de Pol\u00edticas Sociais e comp\u00f5e a coordena\u00e7\u00e3o do Coletivo Filhas da M\u00e3e.<\/p>\n<p>Leandra Lofego \u2013 \u201cParticipar de um coletivo quer dizer acolhimento e atua\u00e7\u00e3o conjunta. Quer dizer que estimularemos encontros de pessoas para nos dedicarmos a uma pauta. No caso do Coletivo Filhas da M\u00e3e nossas pautas s\u00e3o o cuidado e o autocuidado, o envelhecimento ativo e saud\u00e1vel, as informa\u00e7\u00f5es sobre dem\u00eancias e as pol\u00edticas p\u00fablicas de cuidado.<\/p>\n<p>Para realizar o cuidado coletivo nos conectamos com outras organiza\u00e7\u00f5es da sociedade civil, do legislativo, do judici\u00e1rio e dos governos distrital e federal para impulsionar os temas que defendemos. \u00c9 sobre esse espa\u00e7o de conex\u00e3o e parceria que escrevo hoje.<\/p>\n<p>Em 2024 uma das parcerias do Coletivo Filhas ocorre com o<a href=\"https:\/\/institutotocar.org\"> Instituto Tocar<\/a> que atua h\u00e1 mais de 20 anos no Distrito Federal.<\/p>\n<p>A parceria acontece atrav\u00e9s do Projeto Conectar Mulheres.\u00a0O Projeto Conectar Mulheres reuniu 10 Institui\u00e7\u00f5es da sociedade civil do Distrito Federal, todas trabalhando com mulheres, com quest\u00f5es de g\u00eanero e com temas como a viol\u00eancia contra as mulheres.<\/p>\n<p>A proposta \u00e9 ajudar os movimentos sociais a oferecerem suporte adequado \u00e0s mulheres por meio de forma\u00e7\u00e3o te\u00f3rica e pr\u00e1tica. Isso contribui para o fortalecimento da rede de apoio e para o desenvolvimento de pr\u00e1ticas e pol\u00edticas institucionais que priorizem a seguran\u00e7a, o autocuidado e a autonomia das mulheres.<\/p>\n<p>Em mar\u00e7o foi realizado um encontro presencial onde foram tratados temas como a igualdade de g\u00eanero, a escuta ativa, a postura emp\u00e1tica e o acolhimento afetivo. Tamb\u00e9m foram abordados temas como as Pol\u00edticas P\u00fablicas de Prote\u00e7\u00e3o e Acolhimento, o ambiente seguro e confidencial e estrat\u00e9gias de apoio emocional. Ou seja, tratou de cuidado coletivo e autocuidado.<\/p>\n<p>Estivemos um dia inteiro compartilhando ideias, hist\u00f3rias da vida, recebemos alimenta\u00e7\u00e3o cuidadosa, praticamos medita\u00e7\u00e3o, trabalhamos a respira\u00e7\u00e3o e aprendemos muito.<\/p>\n<p>Durante o encontro aconteceram din\u00e2micas de grupo e a equipe de suporte praticou o acolhimento afetivo com empatia, a compreens\u00e3o e o suporte emocional. Foi um dia de imers\u00e3o para as participantes em um espa\u00e7o seguro para as express\u00f5es mais \u00edntimas.<\/p>\n<p>A segunda parte do projeto ocorre em cada institui\u00e7\u00e3o sob a orienta\u00e7\u00e3o do Instituto Tocar, por meio de duas oficinas pr\u00e1ticas. Uma em abril e outra em junho.<\/p>\n<p>Em abril, a oficina gratuita acontecer\u00e1 no dia 09,\u00a0 ter\u00e7a-feira, no Centro Longeviver tamb\u00e9m parceiro do Coletivo.\u00a0 Haver\u00e1 atividades terap\u00eauticas integrativas para promover o cuidado e o autocuidado das mulheres.<\/p>\n<p>As representantes do Coletivo que participaram da oficina de forma\u00e7\u00e3o no come\u00e7o de mar\u00e7o tamb\u00e9m estar\u00e3o presentes praticando o que aprenderam. Elas ajudar\u00e3o a multiplicar atividades como escuta ativa e afetiva e o toque para presen\u00e7a e aproxima\u00e7\u00e3o. Al\u00e9m disso, haver\u00e1 exerc\u00edcios de medita\u00e7\u00e3o coordenados pelo Instituto Tocar.<\/p>\n<p>As Pr\u00e1ticas Integrativas e Complementares em Sa\u00fade (PICS) fazem parte de uma pol\u00edtica p\u00fablica com mesmo nome que pertence ao Sistema \u00danico de Sa\u00fade (SUS). Elas abrangem diversas terapias que auxiliam o equil\u00edbrio f\u00edsico e emocional das pessoas e est\u00e3o dispon\u00edveis nas Unidades B\u00e1sicas de Sa\u00fade (UBS) em todo o pa\u00eds.<\/p>\n<p>As PICS contribuem para o processo de transforma\u00e7\u00e3o e supera\u00e7\u00e3o das dificuldades enfrentadas por mulheres que t\u00eam o desafio de cuidar um familiar doente diariamente, assim como dos filhos e da casa ou se encontram em situa\u00e7\u00e3o de vulnerabilidade social.<\/p>\n<p>O segundo encontro pr\u00e1tico da forma\u00e7\u00e3o do projeto Conectar Mulheres\u00a0 acontecer\u00e1 em junho para o Coletivo Filhas da M\u00e3e com pr\u00e1ticas de cuidados e autocuidado. Nessa etapa ocorrer\u00e1 orienta\u00e7\u00e3o \u00e0s ONGs, institui\u00e7\u00f5es e associa\u00e7\u00f5es que participam do projeto melhorando o suporte e acolhimento \u00e0s mulheres assistidas.<\/p>\n<p>A proposta \u00e9 consolidar a forma\u00e7\u00e3o e orientar os movimentos sociais a oferecer suporte cada vez mais qualificado \u00e0s mulheres. A realiza\u00e7\u00e3o dessa etapa ter\u00e1 como foco o combate \u00e0 viol\u00eancia contra mulheres atrav\u00e9s de a\u00e7\u00f5es educativas, integrativas e afetivas.<\/p>\n<p>O Coletivo Filhas da M\u00e3e, que h\u00e1 quatro anos acolhe cuidadoras familiares de pessoas com dem\u00eancias, entre elas o Alzheimer, convida as mulheres do grupo a participarem da oficina gratuita.<\/p>\n<p>As inscri\u00e7\u00f5es s\u00e3o gratuitas e poder\u00e3o ser feitas at\u00e9 segunda-feira, dia 08\/04 atrav\u00e9s de mensagem pelo e-mail <a href=\"mailto:coletivofilhasdamae@gmail.com\">coletivofilhasdamae@gmail.com<\/a> ou pelo Instagram @lecalofego.<\/p>\n<p>PS: O <a href=\"https:\/\/longeviverdf.com.br\/\">Centro Longeviver<\/a> est\u00e1 situado na Quadra 601, 2\u00ba. Andar, no Ed. Provid\u00eancia, Asa Sul, em Bras\u00edlia.<\/p>\n<p>PS 2: Esta semana aconteceu o lan\u00e7amento do Relat\u00f3rio\u00a0 sobre Pol\u00edticas e Sistemas Integrais de Cuidados a Longo Prazo para Pessoas Idosas\u00a0 pela Comiss\u00e3o Econ\u00f4mica para Am\u00e9rica Latina (CEPAL). <a href=\"https:\/\/www.cepal.org\/es\/publicaciones\/68790-politicas-sistemas-integrales-cuidados-largo-plazo-personas-mayores-analisis\">Vers\u00e3o em espanhol aqui<\/a><\/p>\n","protected":false},"excerpt":{"rendered":"<p>Cosette Castro e Leandra Lofego Bras\u00edlia \u2013 A partir de domingo, dia 07, recome\u00e7amos as atividades de cuidado coletivo e autocuidado no Coletivo Filhas da M\u00e3e com a volta \u00e0s caminhadas nos parques de Bras\u00edlia. A primeira caminhada de abril vai acontecer no Parque Olhos D\u2019\u00c1gua (Quadra 413\/414, Asa Norte), a partir das 8h15. Ap\u00f3s a caminhada haver\u00e1 lanche compartilhado [&hellip;]<\/p>\n","protected":false},"author":126,"featured_media":0,"comment_status":"open","ping_status":"open","sticky":false,"template":"","format":"standard","meta":{"footnotes":""},"categories":[11],"tags":[1077,1136,924,119,455,1138,1135,1134,1137,1139],"class_list":["post-2268","post","type-post","status-publish","format-standard","hentry","category-cuidado-e-autocuidado","tag-centro-longeviver","tag-cepal","tag-cuidado-coletivo","tag-cuidado-e-autocuidado","tag-instituto-tocar","tag-oficina-de-cuidado-coletivo-e-autocuidado","tag-pics","tag-praticas-integrativas-e-complementares-de-saude","tag-projeto-conectar-mulheres","tag-relatorio-sobre-politicas-e-sistemas-integrais-de-cuidados-a-longo-prazo-para-pessoas-idosas"],"_links":{"self":[{"href":"https:\/\/blogs.correiobraziliense.com.br\/coletivo-filhas-da-mae\/wp-json\/wp\/v2\/posts\/2268","targetHints":{"allow":["GET"]}}],"collection":[{"href":"https:\/\/blogs.correiobraziliense.com.br\/coletivo-filhas-da-mae\/wp-json\/wp\/v2\/posts"}],"about":[{"href":"https:\/\/blogs.correiobraziliense.com.br\/coletivo-filhas-da-mae\/wp-json\/wp\/v2\/types\/post"}],"author":[{"embeddable":true,"href":"https:\/\/blogs.correiobraziliense.com.br\/coletivo-filhas-da-mae\/wp-json\/wp\/v2\/users\/126"}],"replies":[{"embeddable":true,"href":"https:\/\/blogs.correiobraziliense.com.br\/coletivo-filhas-da-mae\/wp-json\/wp\/v2\/comments?post=2268"}],"version-history":[{"count":4,"href":"https:\/\/blogs.correiobraziliense.com.br\/coletivo-filhas-da-mae\/wp-json\/wp\/v2\/posts\/2268\/revisions"}],"predecessor-version":[{"id":2506,"href":"https:\/\/blogs.correiobraziliense.com.br\/coletivo-filhas-da-mae\/wp-json\/wp\/v2\/posts\/2268\/revisions\/2506"}],"wp:attachment":[{"href":"https:\/\/blogs.correiobraziliense.com.br\/coletivo-filhas-da-mae\/wp-json\/wp\/v2\/media?parent=2268"}],"wp:term":[{"taxonomy":"category","embeddable":true,"href":"https:\/\/blogs.correiobraziliense.com.br\/coletivo-filhas-da-mae\/wp-json\/wp\/v2\/categories?post=2268"},{"taxonomy":"post_tag","embeddable":true,"href":"https:\/\/blogs.correiobraziliense.com.br\/coletivo-filhas-da-mae\/wp-json\/wp\/v2\/tags?post=2268"}],"curies":[{"name":"wp","href":"https:\/\/api.w.org\/{rel}","templated":true}]}}