{"id":2176,"date":"2024-02-23T07:30:57","date_gmt":"2024-02-23T10:30:57","guid":{"rendered":"https:\/\/blogs.correiobraziliense.com.br\/coletivo-filhas-da-mae\/?p=2176"},"modified":"2024-02-22T23:23:43","modified_gmt":"2024-02-23T02:23:43","slug":"informacao-ajuda-a-prevenir-doencas","status":"publish","type":"post","link":"https:\/\/blogs.correiobraziliense.com.br\/coletivo-filhas-da-mae\/2024\/02\/23\/informacao-ajuda-a-prevenir-doencas\/","title":{"rendered":"Informa\u00e7\u00e3o Ajuda a Prevenir Doen\u00e7as"},"content":{"rendered":"<p>Cosette Castro<\/p>\n<p>Bras\u00edlia &#8211;\u00a0Na mesma semana em que a deputada federal\u00a0 \u00c9rika Hilton (PSOL\/SP) se tornou a primeira mulher negra e trans a liderar uma bancada partid\u00e1ria na C\u00e2mara Federal, algo in\u00e9dito na hist\u00f3ria do Brasil, seguimos na campanha nacional do Fevereiro ROXO e LARANJA.<\/p>\n<p>Essa campanha nacional de conscientiza\u00e7\u00e3o chama a aten\u00e7\u00e3o de diferentes doen\u00e7as desde 2014.<\/p>\n<p>O ROXO simboliza as cores de tr\u00eas enfermidades: o Alzheimer, o tipo mais comum de dem\u00eancia, o L\u00fapus e a Fibromialgia. Doen\u00e7as que atingem principalmente as mulheres.<\/p>\n<p><strong>Alzheimer<\/strong>\u00a0\u2013\u00a0 \u00c9 uma doen\u00e7a neurodegenerativa progressiva e sem cura, mas com tratamento, o que ajuda na qualidade de vida dos pacientes que j\u00e1 foram diagnosticados. As pessoas doentes apresentam perda progressiva da mem\u00f3ria, perda cognitiva, locomotora e de linguagem. A cada nova fase do Alzheimer, aumenta o n\u00edvel de depend\u00eancia de outras pessoas, familiares e profissionais. As mulheres representam o maior n\u00famero de casos chegando a 75% das ocorr\u00eancias.<\/p>\n<p>No Brasil, 48% dos casos de dem\u00eancias, entre elas o Alzheimer, poderiam ser evitados seguindo as suguest\u00f5es a seguir.<\/p>\n<p>A preven\u00e7\u00e3o passa pela ado\u00e7\u00e3o de h\u00e1bitos de vida saud\u00e1veis que precisam ser praticados ao longo da vida. Al\u00e9m disso, \u00e9 preciso fazer exames anuais e controlar doen\u00e7as como hipertens\u00e3o, diabetes e obesidade, com pr\u00e1tica de atividade f\u00edsica regular, alimenta\u00e7\u00e3o saud\u00e1vel,\u00a0 evitando o tabagismo e o \u00e1lcool. \u00c9 preciso ainda estimular a mem\u00f3ria atrav\u00e9s da leitura de livros, aprendendo novas tarefas e realizando novos projetos de vida.<\/p>\n<p>Tamb\u00e9m \u00e9 preciso fazer exames e tratar perdas auditivas, estimular o conv\u00edvio social, evitar o sofrimento mental e a depress\u00e3o buscando ajuda profissional\u00a0 (psic\u00f3logo, psicanalista e, se necess\u00e1rio medica\u00e7\u00e3o, psiquiatra), assim como se cuidar\u00a0 de poss\u00edveis quedas e ferimentos na cabe\u00e7a. Em caso de acidente, \u00e9 preciso buscar ajuda imediata.<\/p>\n<p><strong>L\u00fapus<\/strong>\u00a0\u2013 Considerada uma doen\u00e7a inflamat\u00f3ria autoimune, o L\u00fapus ocorre quando o pr\u00f3prio sistema imunol\u00f3gico ataca tecidos saud\u00e1veis do corpo por engano. O nome cient\u00edfico \u00e9 L\u00fapus Eritematoso Sist\u00eamico (LES) e pode afetar diversos \u00f3rg\u00e3os e tecidos do corpo, como pele, articula\u00e7\u00f5es, rins e c\u00e9rebro. Em casos mais graves, se n\u00e3o for tratado adequadamente, pode levar \u00e0 morte.<\/p>\n<p>Os estudos apontam\u00a0 que as doen\u00e7as autoimunes podem acontecer devido a uma combina\u00e7\u00e3o de fatores hormonais, infecciosos, gen\u00e9ticos e ambientais. O L\u00fapus atinge desproporcionalmente mais mulheres que homens: nove entre 10 casos ocorrem em mulheres jovens ou adultas,\u00a0 entre 20 e 45 anos.<\/p>\n<p><strong>Fibromialgia<\/strong>\u00a0\u2013 Cerca de 3% da popula\u00e7\u00e3o brasileira, em sua maioria mulheres\u00a0 adultas sofrem de Fibromialgia, segundo dados da Sociedade Brasileira de Reumatologia (SBR). A principal caracter\u00edstica da doen\u00e7a \u00e9 o aparecimento de\u00a0 dor muscular cr\u00f4nica e generalizada, acompanhadas de sintomas como fadiga, altera\u00e7\u00f5es de sono, mem\u00f3ria e humor. As mulheres com fibromialgia passam o tempo todo com dores.<\/p>\n<p>A medicina ainda n\u00e3o compreende bem como a doen\u00e7a atua no corpo humano. Mas, sem tratamento, ela pode evoluir para a incapacidade f\u00edsica e a limita\u00e7\u00e3o funcional. O tratamento\u00a0 envolve o uso de medicamentos e a pr\u00e1tica de terapias como fisioterapia e acupuntura que podem melhorar a qualidade de vida das pacientes.<\/p>\n<p>O laranja representa a conscientiza\u00e7\u00e3o sobre a Leucemia, um tipo de c\u00e2ncer no sangue, e\u00a0 sobre a import\u00e2ncia da doa\u00e7\u00e3o de medula \u00f3ssea.<\/p>\n<p><strong>Leucemia<\/strong> &#8211; A origem deste c\u00e2ncer est\u00e1 na medula \u00f3ssea que provoca um crescimento r\u00e1pido e anormal das c\u00e9lulas do sangue, os leuc\u00f3citos,\u00a0 respons\u00e1veis pela defesa do organismo. O diagn\u00f3stico da doen\u00e7a \u00e9 realizado por meio de exames como o hemograma. Ou por exames de medula \u00f3ssea, como o mielograma, a imunofenotipagem e\u00a0 o cari\u00f3tipo.\u00a0Os sintomas da doen\u00e7a s\u00e3o cansa\u00e7o, queda de imunidade, hematomas, sangramentos espont\u00e2neos, anemia, febre e fadiga. Em caso de sentir alguns desses sintomas, procure o especialista. A leucemia tem uma incid\u00eancia um pouco maior em homens do que entre mulheres.<\/p>\n<p>No Coletivo Filhas da M\u00e3e, rede de apoio \u00e0 cuidadoras familiares de pessoas com dem\u00eancias,\u00a0 consideramos informa\u00e7\u00e3o um direito humano fundamental. A preven\u00e7\u00e3o da sa\u00fade tamb\u00e9m.<\/p>\n","protected":false},"excerpt":{"rendered":"<p>Cosette Castro Bras\u00edlia &#8211;\u00a0Na mesma semana em que a deputada federal\u00a0 \u00c9rika Hilton (PSOL\/SP) se tornou a primeira mulher negra e trans a liderar uma bancada partid\u00e1ria na C\u00e2mara Federal, algo in\u00e9dito na hist\u00f3ria do Brasil, seguimos na campanha nacional do Fevereiro ROXO e LARANJA. Essa campanha nacional de conscientiza\u00e7\u00e3o chama a aten\u00e7\u00e3o de diferentes doen\u00e7as desde 2014. O ROXO [&hellip;]<\/p>\n","protected":false},"author":126,"featured_media":0,"comment_status":"open","ping_status":"open","sticky":false,"template":"","format":"standard","meta":{"footnotes":""},"categories":[1069],"tags":[8,7,1070,707,702,703,701,4],"class_list":["post-2176","post","type-post","status-publish","format-standard","hentry","category-fevereiro-roxo-e-laranja","tag-alzheimer","tag-demencias","tag-erika-hilton","tag-fevereiro-roxo-e-laranja","tag-fibromialgia","tag-leucemia","tag-lupus","tag-mulheres"],"_links":{"self":[{"href":"https:\/\/blogs.correiobraziliense.com.br\/coletivo-filhas-da-mae\/wp-json\/wp\/v2\/posts\/2176","targetHints":{"allow":["GET"]}}],"collection":[{"href":"https:\/\/blogs.correiobraziliense.com.br\/coletivo-filhas-da-mae\/wp-json\/wp\/v2\/posts"}],"about":[{"href":"https:\/\/blogs.correiobraziliense.com.br\/coletivo-filhas-da-mae\/wp-json\/wp\/v2\/types\/post"}],"author":[{"embeddable":true,"href":"https:\/\/blogs.correiobraziliense.com.br\/coletivo-filhas-da-mae\/wp-json\/wp\/v2\/users\/126"}],"replies":[{"embeddable":true,"href":"https:\/\/blogs.correiobraziliense.com.br\/coletivo-filhas-da-mae\/wp-json\/wp\/v2\/comments?post=2176"}],"version-history":[{"count":3,"href":"https:\/\/blogs.correiobraziliense.com.br\/coletivo-filhas-da-mae\/wp-json\/wp\/v2\/posts\/2176\/revisions"}],"predecessor-version":[{"id":2181,"href":"https:\/\/blogs.correiobraziliense.com.br\/coletivo-filhas-da-mae\/wp-json\/wp\/v2\/posts\/2176\/revisions\/2181"}],"wp:attachment":[{"href":"https:\/\/blogs.correiobraziliense.com.br\/coletivo-filhas-da-mae\/wp-json\/wp\/v2\/media?parent=2176"}],"wp:term":[{"taxonomy":"category","embeddable":true,"href":"https:\/\/blogs.correiobraziliense.com.br\/coletivo-filhas-da-mae\/wp-json\/wp\/v2\/categories?post=2176"},{"taxonomy":"post_tag","embeddable":true,"href":"https:\/\/blogs.correiobraziliense.com.br\/coletivo-filhas-da-mae\/wp-json\/wp\/v2\/tags?post=2176"}],"curies":[{"name":"wp","href":"https:\/\/api.w.org\/{rel}","templated":true}]}}