{"id":2167,"date":"2024-02-19T12:24:08","date_gmt":"2024-02-19T15:24:08","guid":{"rendered":"https:\/\/blogs.correiobraziliense.com.br\/coletivo-filhas-da-mae\/?p=2167"},"modified":"2024-02-19T13:14:02","modified_gmt":"2024-02-19T16:14:02","slug":"depois-do-carnaval-segue-o-fevereiro-roxo","status":"publish","type":"post","link":"https:\/\/blogs.correiobraziliense.com.br\/coletivo-filhas-da-mae\/2024\/02\/19\/depois-do-carnaval-segue-o-fevereiro-roxo\/","title":{"rendered":"Depois do Carnaval, Segue o Fevereiro Roxo"},"content":{"rendered":"<p dir=\"auto\">Cosette Castro<\/p>\n<p dir=\"auto\">Bras\u00edlia &#8211; No \u00faltimo domingo (18\/02) antes de come\u00e7ar oficialmente o ano,\u00a0 o <a href=\"https:\/\/drive.google.com\/file\/d\/1SPbMrOaBIPXq9DhrAt6YTI3t7-rYmsa0\/view?usp=sharing\">Bloco Filhas da M\u00e3e<\/a> saiu \u00e0s ruas da Capital Federal.<\/p>\n<p dir=\"auto\">Na festa de P\u00f3s-Carnaval <a href=\"https:\/\/drive.google.com\/file\/d\/1SeKz12mqMkX7jlGTVxsXGjWq6JrCz0wE\/view?usp=sharing\">n\u00e3o andamos nem brincamos s\u00f3s<\/a>.\u00a0Desde 2020 estamos juntos com o Bloco do Rivotrio e, desde 2023, passamos a atuar\u00a0 como\u00a0 Coletivo de Blocos da Sa\u00fade Mental do Distrito Federal, que conta tamb\u00e9m com a presen\u00e7a de pessoas e grupos culturais do DF.<\/p>\n<p dir=\"auto\">Damos visibilidade \u00e0 quest\u00f5es de sa\u00fade mental em forma de\u00a0 folia e brincadeira. Ao sair \u00e0s ruas\u00a0 sa\u00edmos de nossa bolha, anunciando em alto e bom tom que &#8220;Ningu\u00e9m Solta M\u00e3o de Ningu\u00e9m&#8221;. E participamos de campanhas que v\u00e3o al\u00e9m das dem\u00eancias, como a luta antimanicomial.<\/p>\n<p dir=\"auto\"><img loading=\"lazy\" decoding=\"async\" class=\"wp-image-2170 aligncenter\" src=\"https:\/\/blogs.correiobraziliense.com.br\/coletivo-filhas-da-mae\/wp-content\/uploads\/sites\/60\/2024\/02\/de-m\u00e3os-dadas.-p\u00f3scarnaval2024-225x300.jpg\" alt=\"\" width=\"245\" height=\"327\" srcset=\"https:\/\/blogs.correiobraziliense.com.br\/coletivo-filhas-da-mae\/wp-content\/uploads\/sites\/60\/2024\/02\/de-m\u00e3os-dadas.-p\u00f3scarnaval2024-225x300.jpg 225w, https:\/\/blogs.correiobraziliense.com.br\/coletivo-filhas-da-mae\/wp-content\/uploads\/sites\/60\/2024\/02\/de-m\u00e3os-dadas.-p\u00f3scarnaval2024-768x1024.jpg 768w, https:\/\/blogs.correiobraziliense.com.br\/coletivo-filhas-da-mae\/wp-content\/uploads\/sites\/60\/2024\/02\/de-m\u00e3os-dadas.-p\u00f3scarnaval2024-800x1067.jpg 800w, https:\/\/blogs.correiobraziliense.com.br\/coletivo-filhas-da-mae\/wp-content\/uploads\/sites\/60\/2024\/02\/de-m\u00e3os-dadas.-p\u00f3scarnaval2024-550x733.jpg 550w, https:\/\/blogs.correiobraziliense.com.br\/coletivo-filhas-da-mae\/wp-content\/uploads\/sites\/60\/2024\/02\/de-m\u00e3os-dadas.-p\u00f3scarnaval2024-230x307.jpg 230w, https:\/\/blogs.correiobraziliense.com.br\/coletivo-filhas-da-mae\/wp-content\/uploads\/sites\/60\/2024\/02\/de-m\u00e3os-dadas.-p\u00f3scarnaval2024.jpg 1200w\" sizes=\"auto, (max-width: 245px) 100vw, 245px\" \/><\/p>\n<p dir=\"auto\">Em um mundo que incentiva as solu\u00e7\u00f5es individuais e a competi\u00e7\u00e3o, realizar atividades em grupo \u00e9 um exerc\u00edcio amoroso. E de muita organiza\u00e7\u00e3o.<\/p>\n<p dir=\"auto\">Atr\u00e1s da festa de P\u00f3s-Carnaval existe um trabalho conjunto que come\u00e7ou em outubro de 2023. Foram reuni\u00f5es presenciais e online para construir um espa\u00e7o de cuidado para quem vai participar da festa.<\/p>\n<p dir=\"auto\">Em 2024, sob a coordena\u00e7\u00e3o do <a href=\"https:\/\/drive.google.com\/file\/d\/1SUUwyPWupQcneQMjlBc46d9im9jnBWWF\/view?usp=sharing\">Bloco do RivoTrio<\/a>, acrescentamos protocolos importantes no P\u00f3s- Carnaval.<\/p>\n<p dir=\"auto\">Um deles diz respeito ao cuidado com o trajeto do cortejo e sua acessibilidade para diferentes pessoas e necessidades. Tamb\u00e9m levamos em conta as chuvas praticamente di\u00e1rias nesta \u00e9poca do ano e o risco de galhos obstruirem a passagem dos foli\u00f5es.<\/p>\n<p dir=\"auto\">O segundo protocolo diz respeito a manejo de crise.<\/p>\n<p dir=\"auto\">Todas as pessoas que participaram da Concentra\u00e7\u00e3o de P\u00f3s-Carnaval receberam um cart\u00e3o com perguntas sobre a sa\u00fade f\u00edsica e mental, medicamentos que\u00a0 utiliza e nome de uma pessoa de contato em caso de n\u00e3o se sentir bem. Esse cart\u00e3o ficou guardado com cada pessoa e pode ser usado em outros momentos da vida di\u00e1ria.<\/p>\n<p dir=\"auto\">A aten\u00e7\u00e3o com o cuidado coletivo e o manejo de crise foi mais ampla.\u00a0 Incluiu a <a href=\"https:\/\/drive.google.com\/file\/d\/1TEADV6p4ipnqk_-YwY0Tk240F0EhWpsB\/view?usp=sharing\">organiza\u00e7\u00e3o de equipes m\u00f3veis<\/a> e uma tenda de acolhimento, sob a coordena\u00e7\u00e3o do Coletivo Bateu, especializado no tema.<\/p>\n<p dir=\"auto\">A tenda foi instalada no final do cortejo, na quadra 208 Norte do Eix\u00e3o. J\u00e1 as equipes\u00a0 m\u00f3veis de volunt\u00e1rios multiprofissionais\u00a0 atuaram durante a Concentra\u00e7\u00e3o e tamb\u00e9m no trajeto do Cortejo.<\/p>\n<p dir=\"auto\">Ainda durante a Concentra\u00e7\u00e3o, contamos com uma equipe m\u00f3vel da Campanha &#8220;Folia Com Respeito&#8221; que distribuiu materiais informativos e adesivos sobre ass\u00e9dio \u00e0s mulheres no Carnaval, lembrando que &#8220;N\u00e3o \u00e9 N\u00e3o&#8221;.<\/p>\n<p dir=\"auto\">H\u00e1 quem pense que Carnaval \u00e9 s\u00f3 festa. Mas muito antes da folia come\u00e7ar houve um cuidado coletivo que, no domingo, come\u00e7ou\u00a0 antes do hor\u00e1rio oficial da brincadeira.<\/p>\n<p dir=\"auto\">Carnaval tamb\u00e9m \u00e9 emo\u00e7\u00e3o.<\/p>\n<p dir=\"auto\">Bastava ver pessoas com dem\u00eancias e suas cuidadoras (familiares e profissionais) <a href=\"https:\/\/drive.google.com\/file\/d\/1T8aOYsLOdc0XukfEdMecctM5mSBY_Z1b\/view?usp=sharing\">brincando de roda<\/a>, se dando a m\u00e3o, se apoiando. Ver crian\u00e7as e adolescentes com defici\u00eancia rindo e dan\u00e7ando conosco. Ou pacientes dos\u00a0Centros de Aten\u00e7\u00e3o Psicossocial (CAPS) participando deste momento de festa e inclus\u00e3o.<\/p>\n<p dir=\"auto\">A emo\u00e7\u00e3o cresce ao acompanhar pessoas de todas as idades se divertindo. Elas s\u00e3o a prova que as barreiras da idade e da diversidade valem a pena ser rompidas.<\/p>\n<p dir=\"auto\">Merecemos ampliar nossas fronteiras todos os dias, apesar dos medos, das crises e dos desafios cotidianos de quem cuida, independente de quem cuida. Isso tamb\u00e9m \u00e9 autocuidado.<\/p>\n<p dir=\"auto\">PS: Hoje o Blog chega mais tarde, depois de um merecido descanso.<\/p>\n<p dir=\"auto\">PS 2: Esta semana voltamos a dar palestras sobre dem\u00eancias dentro da campanha nacional de conscientiza\u00e7\u00e3o sobre Alzheimer, L\u00fapus e Fibromialgia.<\/p>\n","protected":false},"excerpt":{"rendered":"<p>Cosette Castro Bras\u00edlia &#8211; No \u00faltimo domingo (18\/02) antes de come\u00e7ar oficialmente o ano,\u00a0 o Bloco Filhas da M\u00e3e saiu \u00e0s ruas da Capital Federal. Na festa de P\u00f3s-Carnaval n\u00e3o andamos nem brincamos s\u00f3s.\u00a0Desde 2020 estamos juntos com o Bloco do Rivotrio e, desde 2023, passamos a atuar\u00a0 como\u00a0 Coletivo de Blocos da Sa\u00fade Mental do Distrito Federal, que conta [&hellip;]<\/p>\n","protected":false},"author":126,"featured_media":0,"comment_status":"open","ping_status":"open","sticky":false,"template":"","format":"standard","meta":{"footnotes":""},"categories":[1047],"tags":[8,331,731,1059,20,7,1068],"class_list":["post-2167","post","type-post","status-publish","format-standard","hentry","category-carnaval-2024","tag-alzheimer","tag-bloco-do-rivotrio","tag-caps","tag-coletivo-bateu","tag-cuidadoras-familiares","tag-demencias","tag-pos-carnaval-2024"],"_links":{"self":[{"href":"https:\/\/blogs.correiobraziliense.com.br\/coletivo-filhas-da-mae\/wp-json\/wp\/v2\/posts\/2167","targetHints":{"allow":["GET"]}}],"collection":[{"href":"https:\/\/blogs.correiobraziliense.com.br\/coletivo-filhas-da-mae\/wp-json\/wp\/v2\/posts"}],"about":[{"href":"https:\/\/blogs.correiobraziliense.com.br\/coletivo-filhas-da-mae\/wp-json\/wp\/v2\/types\/post"}],"author":[{"embeddable":true,"href":"https:\/\/blogs.correiobraziliense.com.br\/coletivo-filhas-da-mae\/wp-json\/wp\/v2\/users\/126"}],"replies":[{"embeddable":true,"href":"https:\/\/blogs.correiobraziliense.com.br\/coletivo-filhas-da-mae\/wp-json\/wp\/v2\/comments?post=2167"}],"version-history":[{"count":7,"href":"https:\/\/blogs.correiobraziliense.com.br\/coletivo-filhas-da-mae\/wp-json\/wp\/v2\/posts\/2167\/revisions"}],"predecessor-version":[{"id":2175,"href":"https:\/\/blogs.correiobraziliense.com.br\/coletivo-filhas-da-mae\/wp-json\/wp\/v2\/posts\/2167\/revisions\/2175"}],"wp:attachment":[{"href":"https:\/\/blogs.correiobraziliense.com.br\/coletivo-filhas-da-mae\/wp-json\/wp\/v2\/media?parent=2167"}],"wp:term":[{"taxonomy":"category","embeddable":true,"href":"https:\/\/blogs.correiobraziliense.com.br\/coletivo-filhas-da-mae\/wp-json\/wp\/v2\/categories?post=2167"},{"taxonomy":"post_tag","embeddable":true,"href":"https:\/\/blogs.correiobraziliense.com.br\/coletivo-filhas-da-mae\/wp-json\/wp\/v2\/tags?post=2167"}],"curies":[{"name":"wp","href":"https:\/\/api.w.org\/{rel}","templated":true}]}}