{"id":2160,"date":"2024-02-16T07:30:32","date_gmt":"2024-02-16T10:30:32","guid":{"rendered":"https:\/\/blogs.correiobraziliense.com.br\/coletivo-filhas-da-mae\/?p=2160"},"modified":"2024-02-16T10:02:53","modified_gmt":"2024-02-16T13:02:53","slug":"quem-disse-que-o-carnaval-terminou","status":"publish","type":"post","link":"https:\/\/blogs.correiobraziliense.com.br\/coletivo-filhas-da-mae\/2024\/02\/16\/quem-disse-que-o-carnaval-terminou\/","title":{"rendered":"Quem Disse que o Carnaval Terminou?"},"content":{"rendered":"<p>Cosette Castro<\/p>\n<p>Bras\u00edlia \u2013 Quem gosta de brincar ou assistir carnaval teve a oportunidade de se deliciar em 2024. Teve festa para todos os gostos.<\/p>\n<p>Desde os Esquenta Carnavais, nos primeiros dias de fevereiro, \u00a0foi poss\u00edvel assistir uma festa \u00a0multicolor de Norte a Sul do pa\u00eds. Uma festa de alegria, \u00a0inclus\u00e3o, diversidade e \u00a0recupera\u00e7\u00e3o hist\u00f3rica \u00a0de anos de invisibilidade e preconceito.<\/p>\n<p>Carnaval \u00e9 sonho. \u00c9 del\u00edrio que se torna realidade.<\/p>\n<p>\u00c9 \u00a0hist\u00f3ria apagada trazida para avenida,\u00a0 a p\u00e9 ou em grandes carros aleg\u00f3ricos. Como o \u00a0Salgueiro que levou para a Sapuca\u00ed\u00a0 a cosmovis\u00e3o ind\u00edgena \u00a0contando a hist\u00f3ria do c\u00e9u original que formou a terra a partir da mitologia dos Yanomani.\u00a0 A escola contou com a presen\u00e7a de representantes de diferentes comunidades\u00a0 ind\u00edgenas e ainda mostrou a viol\u00eancia que os povos das florestas historicamente \u00a0sofrem. \u00a0(<a href=\"https:\/\/www.instagram.com\/reel\/C3IfaEpOuk-\/?igsh=MXh3bG83YzR3cWhmZg==\">Conhe\u00e7a \u00a0aqui<\/a>\u00a0 mais detalhes sobre o samba enredo do Salgueiro).<\/p>\n<p>H\u00e1 quem pense que carnaval \u00e9 s\u00f3 festa.\u00a0 Al\u00e9m de hist\u00f3ria, \u00e9 tamb\u00e9m\u00a0 incentivo \u00e0 leitura. Foi o que ocorreu com o livro \u201cUm Defeito de Cor\u201d, de Ana Maria Gon\u00e7alves, que teve o estoque esgotado nas livrarias de todo o pa\u00eds ap\u00f3s o desfile da Portela. O tema da escola\u00a0 tratou \u00a0sobre a popula\u00e7\u00e3o negra escravizada. <a href=\"https:\/\/www.youtube.com\/live\/7cP28ek_6dg?si=9CBUV5v5XotrNTo0\">Assista aqui<\/a> \u00a0entrevista com\u00a0 a escritora Ana Maria Gon\u00e7alves.<\/p>\n<p>Carnaval \u00e9 beleza.<\/p>\n<p>Beleza de todos os tipos de corpos, g\u00eaneros e idades exaltados nas avenidas e ruas do Brasil.<\/p>\n<p>H\u00e1 a beleza dos blocos de rua que \u00a0levaram milh\u00f5es de pessoas a pular ou sair em cortejo ao som de ax\u00e9, maracatu, frevo, \u00a0marchinhas e \u00a0samba enredo. E daqueles que preferiram dan\u00e7ar ao som de funk, pop, carimb\u00f3, bumba-meu-boi, reggae e outras misturas musicais.<\/p>\n<p>Tem a\u00a0 beleza das fantasias criativas, coloridas, \u00a0feitas em casa, individuais ou de grupo. Ou nas camisetas customizadas \u00a0com mensagens dos movimentos sociais e nos abadas (tamb\u00e9m customizados) que se multiplicam muito al\u00e9m da Bahia.<\/p>\n<p>No carnaval vale tudo. Fantasias de par\u00f3dia e goza\u00e7\u00e3o, principalmente pol\u00edtica. Cabelo pintado ou peruca. Gliter ou c\u00edlios posti\u00e7os coloridos. Muita cor escandolosa pra chamar aten\u00e7\u00e3o mesmo. Ou um galo gigante quase branco, como o Galo da Madrugada, para falar do envelhecimento no Brasil.<\/p>\n<p>Hoje n\u00e3o vou escrever sobre as \u00a0produ\u00e7\u00f5es cinematogr\u00e1ficas \u00a0dos carros aleg\u00f3ricos das escolas de samba, a cada ano mais incr\u00edveis e tecnol\u00f3gicos. Nem sobre\u00a0 a import\u00e2ncia da bateria, do samba enredo e da tradicional ala das baianas nas escolas de samba.<\/p>\n<p>Somos um pa\u00eds mesclado na pele, na cultura, no folclore, na gastronomia,\u00a0 na m\u00fasica e no gingado. Essa \u00e9 \u00a0uma parte importante da nossa identidade, mesmo que muita gente ainda \u00a0viva em nega\u00e7\u00e3o e no preconceito.<\/p>\n<p>Hoje quero voltar para os blocos de rua nestes dias de P\u00f3s- carnaval.<\/p>\n<p><strong>E se a Cidade Fosse Nossa?<\/strong><\/p>\n<p>Neste domingo P\u00f3s-Carnaval, dia 18 de fevereiro,\u00a0 o Bloco Filhas da M\u00e3e estar\u00e1 mais uma vez\u00a0 nas ruas de Bras\u00edlia junto com o Bloco do RivoTrio, do Coletivo dos Blocos da Sa\u00fade Mental\u00a0 do Distrito Federal e outros parceiros.\u00a0 Mais uma vez vamos ocupar a cidade e extravasar nossa alegria.<\/p>\n<p>Carnaval \u00e9 muito mais que carnaval.\u00a0 \u00c9 tempo de sonho, mas tamb\u00e9m de novas realidades. E se a cidade fosse nossa?\u00a0 instiga o Bloco do RivoTrio.<\/p>\n<p>N\u00f3s, do Bloco Filhas da M\u00e3e,\u00a0 queremos uma cidade acess\u00edvel para todas as pessoas, independente da idade. Queremos\u00a0 preven\u00e7\u00e3o de sa\u00fade f\u00edsica e mental. Queremos\u00a0 uma cidade\u00a0 para todas as pessoas, sem manicomios.<\/p>\n<p>E queremos construir uma Sociedade do Cuidado inclusiva, participativa e alegre. Apesar dos desafios cotidianos.<\/p>\n<p>PS: Fazem parte do Coletivo dos Blocos da Sa\u00fade Mental\/DF, coordenado pelo RivoTrio: o Coletivo Atravessa a Porta, o Coletivo Bateu, a ONG Inverso, o Est\u00fadio Caju\u00edna e o Bloco Filhas da M\u00e3e. Na \u00e1rea cultural participam: Capivareta Repercussiva, Choro no Eixo, Instituto Folha Seca, Maluco Voador, MaluVidas, Martinha do Coco, Mimo Bar, Ratataria Lun\u00e1tica e Tamara Maravilha.<\/p>\n<p>PS: Aguardem not\u00edcias sobre domingo!<\/p>\n<p>&nbsp;<\/p>\n","protected":false},"excerpt":{"rendered":"<p>Cosette Castro Bras\u00edlia \u2013 Quem gosta de brincar ou assistir carnaval teve a oportunidade de se deliciar em 2024. Teve festa para todos os gostos. Desde os Esquenta Carnavais, nos primeiros dias de fevereiro, \u00a0foi poss\u00edvel assistir uma festa \u00a0multicolor de Norte a Sul do pa\u00eds. Uma festa de alegria, \u00a0inclus\u00e3o, diversidade e \u00a0recupera\u00e7\u00e3o hist\u00f3rica \u00a0de anos de invisibilidade e [&hellip;]<\/p>\n","protected":false},"author":126,"featured_media":0,"comment_status":"open","ping_status":"open","sticky":false,"template":"","format":"standard","meta":{"footnotes":""},"categories":[1047],"tags":[8,1051,1058,331,1056,1042,1040,1060,1059,1046,7,1057,1052,1061,1062,1063,1064,1065,827,1054,1049,1066,1055,1050,1067,1053],"class_list":["post-2160","post","type-post","status-publish","format-standard","hentry","category-carnaval-2024","tag-alzheimer","tag-ana-maria-goncalves","tag-atravessa-a-porta","tag-bloco-do-rivotrio","tag-blocos-de-rua","tag-capivareta-repercussiva","tag-carnaval-2024","tag-choro-no-eixo","tag-coletivo-bateu","tag-coletivo-dos-blocos-da-saude-mental-df","tag-demencias","tag-estudio-cajuina","tag-galo-da-madrugada","tag-instituto-folha-seca","tag-maluco-voador","tag-maluvidas","tag-martinha-do-coco","tag-mimo-bar","tag-ong-inverso","tag-portela","tag-pos-carnaval","tag-ratataria-lunatica","tag-salgueiro","tag-sapucai","tag-tamara-maravilha","tag-um-defeito-de-cor"],"_links":{"self":[{"href":"https:\/\/blogs.correiobraziliense.com.br\/coletivo-filhas-da-mae\/wp-json\/wp\/v2\/posts\/2160","targetHints":{"allow":["GET"]}}],"collection":[{"href":"https:\/\/blogs.correiobraziliense.com.br\/coletivo-filhas-da-mae\/wp-json\/wp\/v2\/posts"}],"about":[{"href":"https:\/\/blogs.correiobraziliense.com.br\/coletivo-filhas-da-mae\/wp-json\/wp\/v2\/types\/post"}],"author":[{"embeddable":true,"href":"https:\/\/blogs.correiobraziliense.com.br\/coletivo-filhas-da-mae\/wp-json\/wp\/v2\/users\/126"}],"replies":[{"embeddable":true,"href":"https:\/\/blogs.correiobraziliense.com.br\/coletivo-filhas-da-mae\/wp-json\/wp\/v2\/comments?post=2160"}],"version-history":[{"count":4,"href":"https:\/\/blogs.correiobraziliense.com.br\/coletivo-filhas-da-mae\/wp-json\/wp\/v2\/posts\/2160\/revisions"}],"predecessor-version":[{"id":2166,"href":"https:\/\/blogs.correiobraziliense.com.br\/coletivo-filhas-da-mae\/wp-json\/wp\/v2\/posts\/2160\/revisions\/2166"}],"wp:attachment":[{"href":"https:\/\/blogs.correiobraziliense.com.br\/coletivo-filhas-da-mae\/wp-json\/wp\/v2\/media?parent=2160"}],"wp:term":[{"taxonomy":"category","embeddable":true,"href":"https:\/\/blogs.correiobraziliense.com.br\/coletivo-filhas-da-mae\/wp-json\/wp\/v2\/categories?post=2160"},{"taxonomy":"post_tag","embeddable":true,"href":"https:\/\/blogs.correiobraziliense.com.br\/coletivo-filhas-da-mae\/wp-json\/wp\/v2\/tags?post=2160"}],"curies":[{"name":"wp","href":"https:\/\/api.w.org\/{rel}","templated":true}]}}