{"id":2151,"date":"2024-02-09T09:15:57","date_gmt":"2024-02-09T12:15:57","guid":{"rendered":"https:\/\/blogs.correiobraziliense.com.br\/coletivo-filhas-da-mae\/?p=2151"},"modified":"2024-02-09T09:06:10","modified_gmt":"2024-02-09T12:06:10","slug":"carnaval-em-tempos-de-dengue","status":"publish","type":"post","link":"https:\/\/blogs.correiobraziliense.com.br\/coletivo-filhas-da-mae\/2024\/02\/09\/carnaval-em-tempos-de-dengue\/","title":{"rendered":"Carnaval em Tempos de Dengue"},"content":{"rendered":"<p>Cosette Castro<\/p>\n<p>Bras\u00edlia &#8211; Na v\u00e9spera de come\u00e7ar o carnaval 2024, o Brasil enfrenta mais uma crise de sa\u00fade p\u00fablica. No Distrito Federal (DF) n\u00e3o \u00e9 diferente.<\/p>\n<p>O DF \u00e9, ao lado de Minas Gerais e Paran\u00e1, um dos locais do pa\u00eds com maior incid\u00eancia de v\u00edtimas de dengue. E uma das quatro unidades da federa\u00e7\u00e3o a decretar situa\u00e7\u00e3o de emerg\u00eancia.<\/p>\n<p>A dengue \u00e9 uma doen\u00e7a sazonal que aumenta em tempos de calor e chuva. E \u00e9 preciso muito cuidado nesses dias de festa, brincadeira e alegria.<\/p>\n<p>A partir desta sexta-feira s\u00e3o esperados cerca de 1,7 milh\u00e3o de pessoas de todas as idades nas ruas do Distrito Federal. E, apesar do feriad\u00e3o, cada um de n\u00f3s pode fazer a sua parte para se proteger, proteger a vizinhan\u00e7a e reduzir o n\u00famero de casos.<\/p>\n<p>Em termos de vacina\u00e7\u00e3o p\u00fablica, haver\u00e1 36 unidades abertas durante o Carnaval. Na primeira\u00a0 etapa da campanha, a Secretaria de Sa\u00fade\u00a0 do Distrito Federal vai vacinar apenas crian\u00e7as entre 10 e 14 anos.<\/p>\n<p>Segundo a Secretaria de Sa\u00fade, a\u00a0 imuniza\u00e7\u00e3o contra a dengue n\u00e3o deve ser aplicada nos seguintes casos:<br \/>\n&#8211; pessoas com imunodefici\u00eancia cong\u00eanita ou adquirida,<br \/>\n&#8211; pessoas que est\u00e3o em terapias imunossupressoras,<br \/>\n&#8211; pessoas com infec\u00e7\u00e3o por V\u00edrus da Imunodefici\u00eancia Humana (HIV) sintom\u00e1tica ou com evid\u00eancia de fun\u00e7\u00e3o imunol\u00f3gica comprometida,<br \/>\n&#8211; pessoas com hipersensibilidade \u00e0s subst\u00e2ncias listadas na bula.<\/p>\n<p>A vacina tamb\u00e9m n\u00e3o \u00e9 indicada ainda a mulheres gr\u00e1vidas ou em per\u00edodo de amamenta\u00e7\u00e3o.<\/p>\n<p>A preven\u00e7\u00e3o coletiva da sa\u00fade come\u00e7a dentro de casa.<\/p>\n<p>O Minist\u00e9rio da Sa\u00fade recomenda  remover a \u00e1gua parada de recipientes que podem ser criadouros do Aedes Aegypti, desobstruir calhas, lajes e ralos, al\u00e9m de vedar reservat\u00f3rios e caixas d \u2018 \u00e1gua. Se for poss\u00edvel, utilize telas nas janelas.<\/p>\n<p>O mosquito da dengue circula em diferentes lugares podendo se localizar inclusive nos vasinhos de plantas que as pessoas regam, mas n\u00e3o renovam a \u00e1gua. O lixo domiciliar \u00e9 outro fator de cuidado para evitar que acumule \u00e1gua e se transforme em criadouros de insetos.<\/p>\n<p>Para as pessoas que forem pular Carnaval outros cuidados devem ser observados.<\/p>\n<p>Em 2024,\u00a0 al\u00e9m de bon\u00e9, protetor solar, \u00e1gua, caixinha de rem\u00e9dios, caso voc\u00ea fa\u00e7a uso de algum, e preservativo, inclua um repelente aprovado pela\u00a0 Ag\u00eancia Nacional de Vigil\u00e2ncia Sanit\u00e1ria (Anvisa) no seu kit prote\u00e7\u00e3o.<\/p>\n<p>Vale lembrar que o tempo de prote\u00e7\u00e3o dos repelentes s\u00e3o variados.<\/p>\n<p>Alguns\u00a0 repelentes precisam reaplica\u00e7\u00e3o ap\u00f3s duas horas e outros ap\u00f3s seis horas. Por isso, leia r\u00f3tulo para saber qual a forma e frequ\u00eancia de uso adequadas. Todo cuidado \u00e9 pouco.<\/p>\n<p>Caso voc\u00ea sinta alguns dos sintomas de dengue, a Secretaria de Sa\u00fade\u00a0 orienta\u00a0 procurar atendimento o mais r\u00e1pido poss\u00edvel. Os sintomas mais comuns s\u00e3o: febre alta, erup\u00e7\u00f5es cut\u00e2neas, dores musculares e articulares.<\/p>\n<p>A indica\u00e7\u00e3o \u00e9 procurar as tendas de atendimento ou as Unidades B\u00e1sicas de Sa\u00fade (UBS).<\/p>\n<p>Os profissionais far\u00e3o a an\u00e1lise, a triagem, verifica\u00e7\u00e3o de qual tratamento precisa ser aplicado. Se for necess\u00e1rio, o paciente ser\u00e1 encaminhado para outra unidade de sa\u00fade.<\/p>\n<p>A situa\u00e7\u00e3o dos hospitais no Distrito Federal n\u00e3o est\u00e1 f\u00e1cil. As filas de espera est\u00e3o demorando at\u00e9 10h para o atendimento,\u00a0 o que aumenta o risco dos pacientes. E desespera as fam\u00edlias.<\/p>\n<p>A promessa do governador Ibaneis Rocha \u00e9 que mais nove tendas de atendimento ser\u00e3o disponibilizadas para a popula\u00e7\u00e3o a partir da pr\u00f3xima semana. Esperamos que as filas sejam reduzidas rapidamente e a qualidade do atendimento melhore. Fam\u00edlias e pacientes merecem.<\/p>\n<p>PS: Ajude a divulgar a campanha contra o ass\u00e9dio \u00e0s mulheres no carnaval. N\u00c3O \u00c9 N\u00c3O em qualquer lugar e momento. E beijo &#8220;roubado&#8221; n\u00e3o \u00e9 brincadeira. \u00c9 ass\u00e9dio.<\/p>\n<p>PS 2: Marque na agenda: O Bloco Filhas da M\u00e3e sair\u00e1 no p\u00f3s-carnaval, domingo,\u00a0 dia 18\/02, junto com o Coletivo dos Blocos da Sa\u00fade Mental, coordenado pelo Bloco do Rivotrio. Aguardem!<!--\/data\/user\/0\/com.samsung.android.app.notes\/files\/clipdata\/clipdata_bodytext_240209_090417_482.sdocx--><\/p>\n","protected":false},"excerpt":{"rendered":"<p>Cosette Castro Bras\u00edlia &#8211; Na v\u00e9spera de come\u00e7ar o carnaval 2024, o Brasil enfrenta mais uma crise de sa\u00fade p\u00fablica. No Distrito Federal (DF) n\u00e3o \u00e9 diferente. O DF \u00e9, ao lado de Minas Gerais e Paran\u00e1, um dos locais do pa\u00eds com maior incid\u00eancia de v\u00edtimas de dengue. E uma das quatro unidades da federa\u00e7\u00e3o a decretar situa\u00e7\u00e3o de [&hellip;]<\/p>\n","protected":false},"author":126,"featured_media":0,"comment_status":"open","ping_status":"open","sticky":false,"template":"","format":"standard","meta":{"footnotes":""},"categories":[1],"tags":[],"class_list":["post-2151","post","type-post","status-publish","format-standard","hentry","category-sem-categoria"],"_links":{"self":[{"href":"https:\/\/blogs.correiobraziliense.com.br\/coletivo-filhas-da-mae\/wp-json\/wp\/v2\/posts\/2151","targetHints":{"allow":["GET"]}}],"collection":[{"href":"https:\/\/blogs.correiobraziliense.com.br\/coletivo-filhas-da-mae\/wp-json\/wp\/v2\/posts"}],"about":[{"href":"https:\/\/blogs.correiobraziliense.com.br\/coletivo-filhas-da-mae\/wp-json\/wp\/v2\/types\/post"}],"author":[{"embeddable":true,"href":"https:\/\/blogs.correiobraziliense.com.br\/coletivo-filhas-da-mae\/wp-json\/wp\/v2\/users\/126"}],"replies":[{"embeddable":true,"href":"https:\/\/blogs.correiobraziliense.com.br\/coletivo-filhas-da-mae\/wp-json\/wp\/v2\/comments?post=2151"}],"version-history":[{"count":1,"href":"https:\/\/blogs.correiobraziliense.com.br\/coletivo-filhas-da-mae\/wp-json\/wp\/v2\/posts\/2151\/revisions"}],"predecessor-version":[{"id":2152,"href":"https:\/\/blogs.correiobraziliense.com.br\/coletivo-filhas-da-mae\/wp-json\/wp\/v2\/posts\/2151\/revisions\/2152"}],"wp:attachment":[{"href":"https:\/\/blogs.correiobraziliense.com.br\/coletivo-filhas-da-mae\/wp-json\/wp\/v2\/media?parent=2151"}],"wp:term":[{"taxonomy":"category","embeddable":true,"href":"https:\/\/blogs.correiobraziliense.com.br\/coletivo-filhas-da-mae\/wp-json\/wp\/v2\/categories?post=2151"},{"taxonomy":"post_tag","embeddable":true,"href":"https:\/\/blogs.correiobraziliense.com.br\/coletivo-filhas-da-mae\/wp-json\/wp\/v2\/tags?post=2151"}],"curies":[{"name":"wp","href":"https:\/\/api.w.org\/{rel}","templated":true}]}}