{"id":2143,"date":"2024-02-05T09:38:34","date_gmt":"2024-02-05T12:38:34","guid":{"rendered":"https:\/\/blogs.correiobraziliense.com.br\/coletivo-filhas-da-mae\/?p=2143"},"modified":"2024-02-05T13:06:43","modified_gmt":"2024-02-05T16:06:43","slug":"brincar-estimula-a-saude","status":"publish","type":"post","link":"https:\/\/blogs.correiobraziliense.com.br\/coletivo-filhas-da-mae\/2024\/02\/05\/brincar-estimula-a-saude\/","title":{"rendered":"Brincar Estimula a Sa\u00fade"},"content":{"rendered":"<p>Cosette Castro<\/p>\n<p>Bras\u00edlia &#8211; No primeiro fim de semana de fevereiro as ruas do Brasil foram tomadas por Blocos de Carnaval e foli\u00f5es.<\/p>\n<p>\u00c9 tempo de Esquenta Carnaval, festas de Blocos de todos os tipos e tamanhos que antecedem a maior festa popular do pa\u00eds.<\/p>\n<p>Na Capital Federal o per\u00edodo de Esquenta Carnaval tamb\u00e9m j\u00e1 come\u00e7ou. Foli\u00f5es de todas as idades mostraram que est\u00e3o prontos para se fantasiar, brincar, dan\u00e7ar e se divertir nos pr\u00f3ximos dias.<\/p>\n<p>No s\u00e1bado, 03\/02, o Bloco Filhas da M\u00e3e foi para a rua e ocupou a Quadra 507 da Asa Sul, em parceria com a Colabora. Ali est\u00e1 localizado o informal Beco da Inclus\u00e3o e da Diversidade, um espa\u00e7o l\u00fadico e gratuito para pessoas de todas as idades brincarem juntas. (<a href=\"https:\/\/photos.app.goo.gl\/zq5HDzmHtn7XfMr87\">Veja aqui<\/a> as fotos e v\u00eddeos)<\/p>\n<p>O Bloco de Carnaval foi o primeiro projeto do Coletivo Filhas da M\u00e3e que iniciou suas atividades em dezembro de 2019 a partir da pergunta: &#8220;quem cuida de quem cuida?&#8221;. Desde ent\u00e3o as atividades do grupo est\u00e3o\u00a0voltadas para dar visibilidade \u00e0s cuidadoras familiares, incentivar o envelhecimento saud\u00e1vel e ativo e para informar sobre dem\u00eancias, entre elas o Alzheimer.<\/p>\n<p>O Esquenta Carnaval \u00e9 um espa\u00e7o para fam\u00edliares de pessoas com dem\u00eancia, amigas, vizinhas e apoiadoras participarem da mais tradicional festa popular do Brasil evitando grupos muitos grandes ou com demasiado ru\u00eddo.<\/p>\n<p>\u00c9 tamb\u00e9m um espa\u00e7o para brincar, dan\u00e7ar, estar na rua por algum tempo ao lado de crian\u00e7as, jovens, adultos e pessoas 60+ colocando na pr\u00e1tica os benef\u00edcios da sociabilidade e do conv\u00edvio entre diferentes gera\u00e7\u00f5es.<\/p>\n<p>A concentra\u00e7\u00e3o come\u00e7ou \u00e0s 13h com Oficina de Tiaras de Carnaval e Oficina de Estandarte.<\/p>\n<p><img loading=\"lazy\" decoding=\"async\" class=\" wp-image-2145 aligncenter\" src=\"https:\/\/blogs.correiobraziliense.com.br\/coletivo-filhas-da-mae\/wp-content\/uploads\/sites\/60\/2024\/02\/oficina-tiaras-2024-225x300.jpg\" alt=\"\" width=\"265\" height=\"354\" srcset=\"https:\/\/blogs.correiobraziliense.com.br\/coletivo-filhas-da-mae\/wp-content\/uploads\/sites\/60\/2024\/02\/oficina-tiaras-2024-225x300.jpg 225w, https:\/\/blogs.correiobraziliense.com.br\/coletivo-filhas-da-mae\/wp-content\/uploads\/sites\/60\/2024\/02\/oficina-tiaras-2024-230x307.jpg 230w, https:\/\/blogs.correiobraziliense.com.br\/coletivo-filhas-da-mae\/wp-content\/uploads\/sites\/60\/2024\/02\/oficina-tiaras-2024.jpg 463w\" sizes=\"auto, (max-width: 265px) 100vw, 265px\" \/><\/p>\n<p>O Esquenta Carnaval teve a participa\u00e7\u00e3o das mulheres do Cl\u00e3 das \u00c1guas,\u00a0 \u00a0contou com a presen\u00e7a da Deputada Federal <a href=\"https:\/\/www.instagram.com\/reel\/C27m7UqszMd\/?igsh=c214a2ZodWR5c2ho\">\u00c9rika Kokay<\/a> (PT\/DF) que tem apoiado a\u00e7\u00f5es sobre envelhecimento saud\u00e1vel e ativo,\u00a0 inclus\u00e3o social e sobre a visibilidade das mulheres cuidadoras. Tamb\u00e9m estiveram presentes participantes do Fashion Inclusivo.<\/p>\n<p>Houve espa\u00e7o ainda para as pessoas conhecerem e cantarem a <a href=\"https:\/\/video-downloads.googleusercontent.com\/ADGPM2lLvonOHRx4VaQgylo8ZHeTrDmMpqtHbhWNxgfb1_NQUfUXqQF-LwInZi8zLOHjN8j6DQ01y0wolgEd22dSUMtWm-6gVm2YDU3wNCjEr7J5BsWS56gck-j3sy7hS47U9UZPwI_lLMHFINy_DeDMfmcXjfCpnBYXvhqDHv9kCTU0gDrfQGYmmQbRvFl_IJCkOx4SII2zh1Zh-2MblYz2cLm_AZ-yy3wC83JlHZCE9zri5beJEGyoYxxGUiePv9q69Xplrg484HN_iS_XvXhIn2XTiquP0cx8e212xWiK2Md2CpOvp23T7_SKPoxPZ9pQqrUA6J2QHBuVvPD7Sqvj7HYplcjYJs0hjkL4R-8dPThmEACe5TQB6BDE5JhwvMm3OT16iIu9pNE0sbkx-qboE-X05oox9VLII89c7pfR28fSijoFBesWhIMLQ29ggLWe8z6s53CjEVuNvj2_sqkEPvm4eeOFAzH2ofnhTXq10LdmBOf-1sjM2aH9kAu270RsbTUHTec2P_mCtAAvOdd6tcQ7hSzOxzzVSI_v6xArEJ-E9c-XElpK8dqMhf83E4b66qc3YA7grdbz8nDoSQ1JTDZ1RNAhwjv9z02FGq1sAlWyUcfSq7BXUCvUwbwheT4C10DAzce1BRzHE86sLodwgOZk2PHhoiOIrJN4-yBSolP_coNer17k8zep92DzaBs2dcnhF03fyHa71HtcoZc-c4AJco1uyCMyUIm-G-nOKwXQqS-gDg0M4hnyinGsKiuAFOAP6dAsuXhuffksq7846Zudg66QPQixR2C-uUFURnun5hSyOsGCO5CMMO_q8sxF_Hzwr6mm58qBvCnUvhD0Ag6_adqPs3ZB_NqlwloE19lwgYGdfNybCfiZKNm6xMkP1YBDUWOhQgg7zwcCmv3QcU-9zJ-_Nmy-U-KJWjFRURt4QOCTwrKuHuz2BbJt9ue2mVv-U12QFtZUPr6pQeZWmNbeyLJ-FSLb4nLALYBOJuUbL4qE5iUWnldHdp2e-P0Myj01dQNGBdi2W3t5wdjvR3xVSyW96HeuwPK8lfVJ0C-SCVAS21hweDPtq58Gfhyf97aRadLWbP53eS1UbvZhf5AzhVWyW5WzMGu_1kpwVAZwhwID3v-PD-TG1l4EmDay4k6F-JjQ?authuser=0\">Marchinha de Carnaval<\/a> &#8220;Ningu\u00e9m Solta a M\u00e3o de Ningu\u00e9m&#8221;\u00a0 do Bloco Filhas da M\u00e3e. E a festa esquentou com a chegada da Capivareta Repercursiva. Criada em 2018, a bateria do Coletivo art\u00edstico Calango Careta \u00e9 uma banda de fanfarra formada por instrumentos de percuss\u00e3o e sopros que alegra a cidade.<\/p>\n<p><img loading=\"lazy\" decoding=\"async\" class=\" wp-image-2146 aligncenter\" src=\"https:\/\/blogs.correiobraziliense.com.br\/coletivo-filhas-da-mae\/wp-content\/uploads\/sites\/60\/2024\/02\/capivareta-2-300x225.jpg\" alt=\"\" width=\"384\" height=\"288\" srcset=\"https:\/\/blogs.correiobraziliense.com.br\/coletivo-filhas-da-mae\/wp-content\/uploads\/sites\/60\/2024\/02\/capivareta-2-300x225.jpg 300w, https:\/\/blogs.correiobraziliense.com.br\/coletivo-filhas-da-mae\/wp-content\/uploads\/sites\/60\/2024\/02\/capivareta-2-768x576.jpg 768w, https:\/\/blogs.correiobraziliense.com.br\/coletivo-filhas-da-mae\/wp-content\/uploads\/sites\/60\/2024\/02\/capivareta-2-1024x768.jpg 1024w, https:\/\/blogs.correiobraziliense.com.br\/coletivo-filhas-da-mae\/wp-content\/uploads\/sites\/60\/2024\/02\/capivareta-2-1440x1080.jpg 1440w, https:\/\/blogs.correiobraziliense.com.br\/coletivo-filhas-da-mae\/wp-content\/uploads\/sites\/60\/2024\/02\/capivareta-2-800x600.jpg 800w, https:\/\/blogs.correiobraziliense.com.br\/coletivo-filhas-da-mae\/wp-content\/uploads\/sites\/60\/2024\/02\/capivareta-2-550x413.jpg 550w, https:\/\/blogs.correiobraziliense.com.br\/coletivo-filhas-da-mae\/wp-content\/uploads\/sites\/60\/2024\/02\/capivareta-2-230x173.jpg 230w\" sizes=\"auto, (max-width: 384px) 100vw, 384px\" \/><\/p>\n<p>O Bloco do Coletivo Filhas da M\u00e3e voltar\u00e1 \u00e0s ruas no domingo, dia 18 de fevereiro. Desta na Asa Norte junto com o Coletivo dos Blocos da Sa\u00fade Mental do Distrito Federal em cortejo coordenado pelo Bloco Rivotrio.\u00a0Aguardem!<\/p>\n","protected":false},"excerpt":{"rendered":"<p>Cosette Castro Bras\u00edlia &#8211; No primeiro fim de semana de fevereiro as ruas do Brasil foram tomadas por Blocos de Carnaval e foli\u00f5es. \u00c9 tempo de Esquenta Carnaval, festas de Blocos de todos os tipos e tamanhos que antecedem a maior festa popular do pa\u00eds. Na Capital Federal o per\u00edodo de Esquenta Carnaval tamb\u00e9m j\u00e1 come\u00e7ou. Foli\u00f5es de todas as [&hellip;]<\/p>\n","protected":false},"author":126,"featured_media":0,"comment_status":"open","ping_status":"open","sticky":false,"template":"","format":"standard","meta":{"footnotes":""},"categories":[729],"tags":[8,129,331,1045,1042,1044,767,1010,1046,20,499,1041],"class_list":["post-2143","post","type-post","status-publish","format-standard","hentry","category-carnaval","tag-alzheimer","tag-bloco-de-carnaval-filhas-da-mae","tag-bloco-do-rivotrio","tag-calango-careta","tag-capivareta-repercussiva","tag-cla-das-aguas","tag-colabora","tag-coletivo-dos-blocos-da-saude-mental","tag-coletivo-dos-blocos-da-saude-mental-df","tag-cuidadoras-familiares","tag-demencia","tag-esquenta-carnaval-2024"],"_links":{"self":[{"href":"https:\/\/blogs.correiobraziliense.com.br\/coletivo-filhas-da-mae\/wp-json\/wp\/v2\/posts\/2143","targetHints":{"allow":["GET"]}}],"collection":[{"href":"https:\/\/blogs.correiobraziliense.com.br\/coletivo-filhas-da-mae\/wp-json\/wp\/v2\/posts"}],"about":[{"href":"https:\/\/blogs.correiobraziliense.com.br\/coletivo-filhas-da-mae\/wp-json\/wp\/v2\/types\/post"}],"author":[{"embeddable":true,"href":"https:\/\/blogs.correiobraziliense.com.br\/coletivo-filhas-da-mae\/wp-json\/wp\/v2\/users\/126"}],"replies":[{"embeddable":true,"href":"https:\/\/blogs.correiobraziliense.com.br\/coletivo-filhas-da-mae\/wp-json\/wp\/v2\/comments?post=2143"}],"version-history":[{"count":4,"href":"https:\/\/blogs.correiobraziliense.com.br\/coletivo-filhas-da-mae\/wp-json\/wp\/v2\/posts\/2143\/revisions"}],"predecessor-version":[{"id":2150,"href":"https:\/\/blogs.correiobraziliense.com.br\/coletivo-filhas-da-mae\/wp-json\/wp\/v2\/posts\/2143\/revisions\/2150"}],"wp:attachment":[{"href":"https:\/\/blogs.correiobraziliense.com.br\/coletivo-filhas-da-mae\/wp-json\/wp\/v2\/media?parent=2143"}],"wp:term":[{"taxonomy":"category","embeddable":true,"href":"https:\/\/blogs.correiobraziliense.com.br\/coletivo-filhas-da-mae\/wp-json\/wp\/v2\/categories?post=2143"},{"taxonomy":"post_tag","embeddable":true,"href":"https:\/\/blogs.correiobraziliense.com.br\/coletivo-filhas-da-mae\/wp-json\/wp\/v2\/tags?post=2143"}],"curies":[{"name":"wp","href":"https:\/\/api.w.org\/{rel}","templated":true}]}}