{"id":2134,"date":"2024-02-02T09:00:21","date_gmt":"2024-02-02T12:00:21","guid":{"rendered":"https:\/\/blogs.correiobraziliense.com.br\/coletivo-filhas-da-mae\/?p=2134"},"modified":"2024-02-02T09:16:37","modified_gmt":"2024-02-02T12:16:37","slug":"filhas-da-mae-estao-chegando","status":"publish","type":"post","link":"https:\/\/blogs.correiobraziliense.com.br\/coletivo-filhas-da-mae\/2024\/02\/02\/filhas-da-mae-estao-chegando\/","title":{"rendered":"Filhas da M\u00e3e Est\u00e3o Chegando"},"content":{"rendered":"<p>Cosette Castro<\/p>\n<p>Bras\u00edlia &#8211; O carnaval \u00e9 uma festa pag\u00e3 que diverte milh\u00f5es de pessoas.<\/p>\n<p>Por algumas horas, os problemas e desafios cotidianos podem ser colocados em suspenso. \u00c9 um espa\u00e7o para a brincadeira, para rir de si mesma e para celebrar a vida.<\/p>\n<p>No Brasil o carnaval come\u00e7a antes do feriado oficial. Inicia com os encontros pr\u00e9-carnaval. Eles ocorrem no per\u00edodo da tarde e se espalham pela rua em uma criativa ocupa\u00e7\u00e3o urbana dos territ\u00f3rios.<\/p>\n<p>Nos encontros de Esquenta Carnaval \u00e9 poss\u00edvel brincar sozinha, com amigas e amigos. Ou levar a fam\u00edlia para participar de Blocos, como o Filhas da M\u00e3e que sai \u00e0s ruas desde 2020.<\/p>\n<p>O Esquenta Carnaval do Filhas da M\u00e3e, por exemplo, garante a possibilidade de que pessoas de diferentes idades e condi\u00e7\u00f5es de sa\u00fade possam participar dos festejos. E que as cuidadoras familiares e profissionais tamb\u00e9m possam se divertir.<\/p>\n<p>Carnaval \u00e9 visibilidade, individual ou coletiva. \u00c9 momento de brilhar. Tamb\u00e9m pode ser em um momento para parodiar pol\u00edticos. Ou de levar pra rua causas sociais, dando visibilidade a temas que nem sempre a \u00a0popula\u00e7\u00e3o conhece.<\/p>\n<p>\u00c9 o que faz o Bloco Filhas da M\u00e3e em Bras\u00edlia ao realizar o ESQUENTA CARNAVAL 2024\u00a0 na Asa Sul que, em 2024, vai acontecer neste s\u00e1bado, 03\/02, (Quadra 507 da W3 Sul), no Beco da Inclus\u00e3o, em parceria com a Colabora e outros amigos.<\/p>\n<p><img loading=\"lazy\" decoding=\"async\" class=\" wp-image-2137 aligncenter\" src=\"https:\/\/blogs.correiobraziliense.com.br\/coletivo-filhas-da-mae\/wp-content\/uploads\/sites\/60\/2024\/02\/Esquenta-Carnaval-2024-240x300.jpg\" alt=\"\" width=\"285\" height=\"356\" srcset=\"https:\/\/blogs.correiobraziliense.com.br\/coletivo-filhas-da-mae\/wp-content\/uploads\/sites\/60\/2024\/02\/Esquenta-Carnaval-2024-240x300.jpg 240w, https:\/\/blogs.correiobraziliense.com.br\/coletivo-filhas-da-mae\/wp-content\/uploads\/sites\/60\/2024\/02\/Esquenta-Carnaval-2024-768x960.jpg 768w, https:\/\/blogs.correiobraziliense.com.br\/coletivo-filhas-da-mae\/wp-content\/uploads\/sites\/60\/2024\/02\/Esquenta-Carnaval-2024-819x1024.jpg 819w, https:\/\/blogs.correiobraziliense.com.br\/coletivo-filhas-da-mae\/wp-content\/uploads\/sites\/60\/2024\/02\/Esquenta-Carnaval-2024-800x1000.jpg 800w, https:\/\/blogs.correiobraziliense.com.br\/coletivo-filhas-da-mae\/wp-content\/uploads\/sites\/60\/2024\/02\/Esquenta-Carnaval-2024-550x688.jpg 550w, https:\/\/blogs.correiobraziliense.com.br\/coletivo-filhas-da-mae\/wp-content\/uploads\/sites\/60\/2024\/02\/Esquenta-Carnaval-2024-230x288.jpg 230w, https:\/\/blogs.correiobraziliense.com.br\/coletivo-filhas-da-mae\/wp-content\/uploads\/sites\/60\/2024\/02\/Esquenta-Carnaval-2024.jpg 1080w\" sizes=\"auto, (max-width: 285px) 100vw, 285px\" \/><\/p>\n<p><strong>Esquenta Carnaval \u00e9 tudo de bom<\/strong><\/p>\n<p>O Bloco das Filhas da M\u00e3e \u00e9 o primeiro bloco do Brasil a levar pra rua um tema dif\u00edcil como as dem\u00eancias, entre elas o Alzheimer. O Bloco tamb\u00e9m chama aten\u00e7\u00e3o para a invisibilidade das mulheres cuidadoras. Com direito a marchinha, festa e folia.<\/p>\n<p>O que mais faz o Bloco Filhas da M\u00e3e?<\/p>\n<p>&#8211; Estimula a sa\u00fade mental atrav\u00e9s da festa e da brincadeira<br \/>\n&#8211; Estimula o exerc\u00edcio f\u00edsico atrav\u00e9s da dan\u00e7a<br \/>\n&#8211; Estimula o encontro e a sociabilidade<br \/>\n&#8211; Estimula a criatividade (crie a sua fanfasia)<br \/>\n&#8211; Estimula a alegria e o riso<\/p>\n<p>No pr\u00f3ximo s\u00e1bado venha participar das atividades do ESQUENTA CARNAVAL 2024.<\/p>\n<p><strong>Programa\u00e7\u00e3o<\/strong><br \/>\n13h Oficina de Tiaras e Oficina de Estandarte e Pancartas<br \/>\n14h30 Apresenta\u00e7\u00e3o do projeto Fashion Inclusivo<br \/>\n14h50 Chegada do Cl\u00e3 das \u00c1guas<br \/>\n15h30 Fanfarra da Capivareta\u00a0Repercussiva<\/p>\n<p>&nbsp;<\/p>\n","protected":false},"excerpt":{"rendered":"<p>Cosette Castro Bras\u00edlia &#8211; O carnaval \u00e9 uma festa pag\u00e3 que diverte milh\u00f5es de pessoas. Por algumas horas, os problemas e desafios cotidianos podem ser colocados em suspenso. \u00c9 um espa\u00e7o para a brincadeira, para rir de si mesma e para celebrar a vida. No Brasil o carnaval come\u00e7a antes do feriado oficial. Inicia com os encontros pr\u00e9-carnaval. Eles ocorrem [&hellip;]<\/p>\n","protected":false},"author":126,"featured_media":0,"comment_status":"open","ping_status":"open","sticky":false,"template":"","format":"standard","meta":{"footnotes":""},"categories":[729],"tags":[8,696,1042,1040,767,25,21,499,1041,1043],"class_list":["post-2134","post","type-post","status-publish","format-standard","hentry","category-carnaval","tag-alzheimer","tag-bloco-filhas-da-mae","tag-capivareta-repercussiva","tag-carnaval-2024","tag-colabora","tag-cuidadoras-informais","tag-cuidadores-familiares","tag-demencia","tag-esquenta-carnaval-2024","tag-fanfarra"],"_links":{"self":[{"href":"https:\/\/blogs.correiobraziliense.com.br\/coletivo-filhas-da-mae\/wp-json\/wp\/v2\/posts\/2134","targetHints":{"allow":["GET"]}}],"collection":[{"href":"https:\/\/blogs.correiobraziliense.com.br\/coletivo-filhas-da-mae\/wp-json\/wp\/v2\/posts"}],"about":[{"href":"https:\/\/blogs.correiobraziliense.com.br\/coletivo-filhas-da-mae\/wp-json\/wp\/v2\/types\/post"}],"author":[{"embeddable":true,"href":"https:\/\/blogs.correiobraziliense.com.br\/coletivo-filhas-da-mae\/wp-json\/wp\/v2\/users\/126"}],"replies":[{"embeddable":true,"href":"https:\/\/blogs.correiobraziliense.com.br\/coletivo-filhas-da-mae\/wp-json\/wp\/v2\/comments?post=2134"}],"version-history":[{"count":5,"href":"https:\/\/blogs.correiobraziliense.com.br\/coletivo-filhas-da-mae\/wp-json\/wp\/v2\/posts\/2134\/revisions"}],"predecessor-version":[{"id":2140,"href":"https:\/\/blogs.correiobraziliense.com.br\/coletivo-filhas-da-mae\/wp-json\/wp\/v2\/posts\/2134\/revisions\/2140"}],"wp:attachment":[{"href":"https:\/\/blogs.correiobraziliense.com.br\/coletivo-filhas-da-mae\/wp-json\/wp\/v2\/media?parent=2134"}],"wp:term":[{"taxonomy":"category","embeddable":true,"href":"https:\/\/blogs.correiobraziliense.com.br\/coletivo-filhas-da-mae\/wp-json\/wp\/v2\/categories?post=2134"},{"taxonomy":"post_tag","embeddable":true,"href":"https:\/\/blogs.correiobraziliense.com.br\/coletivo-filhas-da-mae\/wp-json\/wp\/v2\/tags?post=2134"}],"curies":[{"name":"wp","href":"https:\/\/api.w.org\/{rel}","templated":true}]}}