{"id":2105,"date":"2024-01-22T07:30:06","date_gmt":"2024-01-22T10:30:06","guid":{"rendered":"https:\/\/blogs.correiobraziliense.com.br\/coletivo-filhas-da-mae\/?p=2105"},"modified":"2024-01-21T22:43:06","modified_gmt":"2024-01-22T01:43:06","slug":"voce-aceita-envelhecer","status":"publish","type":"post","link":"https:\/\/blogs.correiobraziliense.com.br\/coletivo-filhas-da-mae\/2024\/01\/22\/voce-aceita-envelhecer\/","title":{"rendered":"Voc\u00ea Aceita Envelhecer?"},"content":{"rendered":"<p>Cosette Castro &amp;\u00a0Aline Laginestra<\/p>\n<p>Bras\u00edlia &#8211; Vivemos em um pa\u00eds que teima em se considerar jovem, apesar do Instituto Brasileiro de Geografia e Estat\u00edstica (IBGE, 2023) ter apontado que existe 32,5 milh\u00f5es de pessoas idosas no Brasil. E este n\u00famero vai aumentar significativamente nos pr\u00f3ximos anos.<\/p>\n<p>Para refletir sobre longevidade e preven\u00e7\u00e3o de dem\u00eancias, a convidada desta edi\u00e7\u00e3o \u00e9 a geriatra\u00a0Aline Laginestra, da Secretaria de Sa\u00fade do Distrito Federal, que tamb\u00e9m \u00e9 professora e escritora.<\/p>\n<p>Aline Laginestra\u00a0 &#8211; &#8220;No \u00e2mbito do envelhecimento, encontramos vida, experi\u00eancias, relacionamentos e fatos memor\u00e1veis que nos constroem ao longo de d\u00e9cadas. Assim como os anos povoam nossa mente, lapidamos o corpo cujas marcas s\u00e3o constru\u00eddas pelos tempos vividos.<\/p>\n<p>Pelo \u00faltimo censo do IBGE publicado em 2023, 15% da popula\u00e7\u00e3o \u00e9 formada por pessoas idosas no pa\u00eds. Teremos, no futuro, recorde de pessoas 60+, com expectativa de vida acima dos 75 anos, mesmo com tantas diferen\u00e7as econ\u00f4micas, culturais e de acesso \u00e0 sa\u00fade. Sim, meus caros, chegamos \u00e0 longevidade.<\/p>\n<p>\u00c9 maravilhoso envelhecer, por\u00e9m com as fat\u00eddicas impress\u00f5es do tempo que branqueiam os cabelos, assinalam a face, lentificam a marcha, vem a predisposi\u00e7\u00e3o para muitos problemas, dentre eles, as dem\u00eancias. As doen\u00e7as que afetam a cogni\u00e7\u00e3o, fun\u00e7\u00e3o intelectiva do c\u00e9rebro, cresceram mundialmente. Ao passo que apresentaram seu \u00e1pice e, atualmente, j\u00e1 est\u00e3o em queda em pa\u00edses desenvolvidos, em pa\u00edses como Brasil, a condi\u00e7\u00e3o \u00e9 bem diferente.<\/p>\n<p>Nossas estat\u00edsticas come\u00e7aram a desnudar o processo, dando visibilidade \u00e0s dem\u00eancias. O Relat\u00f3rio Nacional sobre a Dem\u00eancia no Brasil (ReNaDe), de 2023, demonstrou que h\u00e1 aproximadamente 2 milh\u00f5es de pessoas com dem\u00eancia em nosso pa\u00eds, sendo apenas 20% devidamente diagnosticados. Em sua maioria s\u00e3o dependentes do SUS e carentes de cuidados.<\/p>\n<p>Os dados mostram que, pelos menos, 73% dos custos s\u00e3o pagos pelas fam\u00edlias e que as pessoas cuidadoras, notadamente, mulheres, est\u00e3o sobrecarregadas e exauridas em suas fun\u00e7\u00f5es.<\/p>\n<p>A dem\u00eancia custa muito ao mundo. E custar\u00e1 mais ainda aos pa\u00edses em desenvolvimento, principalmente pelas lacunas de enfrentamento, tanto no que tange ao rastreio, como ao diagn\u00f3stico mais preciso, tratamento, cuidados, olhar humanizado e acolhimento \u00e0s fam\u00edlias.<\/p>\n<p>Ningu\u00e9m adoece s\u00f3. Existe uma rede (familiar,\u00a0 amigos, vizinhos e comunidade) envolvida, ampliando o sofrimento e aumentando a complexidade em todas as esferas da vida.<\/p>\n<p>Estamos vivos e estamos envelhecendo. O envelhecimento <em>per si<\/em> \u00e9 um fator de risco isolado para todos os transtornos cognitivos.<\/p>\n<p>Frente aos documentos elaborados e nosso desestimulante cen\u00e1rio nacional, o que \u00e9 poss\u00edvel fazer?<\/p>\n<p>Em primeiro lugar, n\u00e3o adoe\u00e7a! &#8216;Mas Dra., n\u00e3o \u00e9 gen\u00e9tica?&#8217; Sim, temos a gen\u00e9tica, mas fatores de risco modific\u00e1veis v\u00e3o manter sua reserva cognitiva a fim de reduzir o impacto das doen\u00e7as ou at\u00e9 mesmo impedir sua manifesta\u00e7\u00e3o. (J\u00e1 ouviu falar na express\u00e3o: \u201cmuita lenha pra queimar\u201d?).<\/p>\n<p>Estes fatores, s\u00e3o relacionadas \u00e0s nossas op\u00e7\u00f5es de vida e possibilidades como escolaridade, sedentarismo, v\u00edcios, falta de exerc\u00edcios, ganho de peso e n\u00e3o tratamento de problemas como depress\u00e3o, ansiedade e redu\u00e7\u00e3o auditiva. At\u00e9 mesmo o isolamento afeta!<\/p>\n<p>Ap\u00f3s premissa b\u00e1sica de adotar condutas para o n\u00e3o adoecimento, precisamos de investimento em pesquisas para diagn\u00f3stico mais certeiro, acess\u00edvel e n\u00e3o invasivo. Mas, saibam, que nem tudo, ou melhor, muita coisa, n\u00e3o \u00e9 Alzheimer!<\/p>\n<p>\u00c9 importante ter acesso a servi\u00e7os de sa\u00fade em que possamos ter direito a um rastreio, at\u00e9 mesmo, de causas comuns. Acompanhamento m\u00e9dico bem-feito e especializado tamb\u00e9m \u00e9 crucial. Precisamos investir em nosso SUS, no preparo de profissionais mais interessados e humanos, bem como em educa\u00e7\u00e3o em sa\u00fade!<\/p>\n<p>A equipe multiprofissional n\u00e3o \u00e9 somente para pessoas idosas. Ela deve abarcar toda fam\u00edlia. Precisamos de pol\u00edticas p\u00fablicas que incentivem, apoiem e divulguem\u00a0 esclarecimentos sobre o processo de envelhecimento.\u00a0 Conhecimento \u00e9 tudo e inclui todas as \u00e1reas da vida. Abarca todo meio social.<\/p>\n<p>Precisamos ainda planejar o futuro.\u00a0 Pense como quer envelhecer e entenda o processo. J\u00e1 ouviu falar em envelhesc\u00eancia ou gerontolesc\u00eancia? Trata-se do processo de envelhecimento e precisa ser organizado, inclusive financeiramente.<\/p>\n<p>Envelhecer \u00e9 bom, acredite! Certas benesses, adquirimos somente quando vamos ficando velhas e velhos!<\/p>\n<p>Imaginem a del\u00edcia de sermos av\u00f3s, de ter disponibilidade para o lazer, desenvolvendo habilidades que nunca imaginamos e, ainda, gozando de boa sa\u00fade? Tudo isso ao olhar da maturidade, ao olhar do tempo de quem j\u00e1 sabe o que \u00e9 importante e fez suas escolhas. Palavra de Geriatra!&#8221;<\/p>\n<p>No Coletivo Filhas da M\u00e3e apoiamos o envelhecimento saud\u00e1vel e ativo e a preven\u00e7\u00e3o da sa\u00fade. Levamos em conta que as rugas, as marcas que carregamos s\u00e3o parte da nossa hist\u00f3ria e experi\u00eancias. Apagar nossas marcas \u00e9 apagar um pouco de n\u00f3s.<\/p>\n<p>&nbsp;<\/p>\n","protected":false},"excerpt":{"rendered":"<p>Cosette Castro &amp;\u00a0Aline Laginestra Bras\u00edlia &#8211; Vivemos em um pa\u00eds que teima em se considerar jovem, apesar do Instituto Brasileiro de Geografia e Estat\u00edstica (IBGE, 2023) ter apontado que existe 32,5 milh\u00f5es de pessoas idosas no Brasil. E este n\u00famero vai aumentar significativamente nos pr\u00f3ximos anos. Para refletir sobre longevidade e preven\u00e7\u00e3o de dem\u00eancias, a convidada desta edi\u00e7\u00e3o \u00e9 a [&hellip;]<\/p>\n","protected":false},"author":126,"featured_media":0,"comment_status":"open","ping_status":"open","sticky":false,"template":"","format":"standard","meta":{"footnotes":""},"categories":[775],"tags":[1031,8,499,5,1032,996,995],"class_list":["post-2105","post","type-post","status-publish","format-standard","hentry","category-demencias-2","tag-aline-laginestra","tag-alzheimer","tag-demencia","tag-envelhecimento","tag-pessoa-idosa","tag-relatorio-nacional-sobre-demencias-no-brasil","tag-renade"],"_links":{"self":[{"href":"https:\/\/blogs.correiobraziliense.com.br\/coletivo-filhas-da-mae\/wp-json\/wp\/v2\/posts\/2105","targetHints":{"allow":["GET"]}}],"collection":[{"href":"https:\/\/blogs.correiobraziliense.com.br\/coletivo-filhas-da-mae\/wp-json\/wp\/v2\/posts"}],"about":[{"href":"https:\/\/blogs.correiobraziliense.com.br\/coletivo-filhas-da-mae\/wp-json\/wp\/v2\/types\/post"}],"author":[{"embeddable":true,"href":"https:\/\/blogs.correiobraziliense.com.br\/coletivo-filhas-da-mae\/wp-json\/wp\/v2\/users\/126"}],"replies":[{"embeddable":true,"href":"https:\/\/blogs.correiobraziliense.com.br\/coletivo-filhas-da-mae\/wp-json\/wp\/v2\/comments?post=2105"}],"version-history":[{"count":5,"href":"https:\/\/blogs.correiobraziliense.com.br\/coletivo-filhas-da-mae\/wp-json\/wp\/v2\/posts\/2105\/revisions"}],"predecessor-version":[{"id":2110,"href":"https:\/\/blogs.correiobraziliense.com.br\/coletivo-filhas-da-mae\/wp-json\/wp\/v2\/posts\/2105\/revisions\/2110"}],"wp:attachment":[{"href":"https:\/\/blogs.correiobraziliense.com.br\/coletivo-filhas-da-mae\/wp-json\/wp\/v2\/media?parent=2105"}],"wp:term":[{"taxonomy":"category","embeddable":true,"href":"https:\/\/blogs.correiobraziliense.com.br\/coletivo-filhas-da-mae\/wp-json\/wp\/v2\/categories?post=2105"},{"taxonomy":"post_tag","embeddable":true,"href":"https:\/\/blogs.correiobraziliense.com.br\/coletivo-filhas-da-mae\/wp-json\/wp\/v2\/tags?post=2105"}],"curies":[{"name":"wp","href":"https:\/\/api.w.org\/{rel}","templated":true}]}}