{"id":2094,"date":"2024-01-19T07:57:12","date_gmt":"2024-01-19T10:57:12","guid":{"rendered":"https:\/\/blogs.correiobraziliense.com.br\/coletivo-filhas-da-mae\/?p=2094"},"modified":"2024-01-19T09:40:02","modified_gmt":"2024-01-19T12:40:02","slug":"denise-fraga-as-demencias-e-outras-narrativas-reais","status":"publish","type":"post","link":"https:\/\/blogs.correiobraziliense.com.br\/coletivo-filhas-da-mae\/2024\/01\/19\/denise-fraga-as-demencias-e-outras-narrativas-reais\/","title":{"rendered":"Denise Fraga, as Dem\u00eancias e Outras Narrativas Reais"},"content":{"rendered":"<p>Cosette Castro<\/p>\n<p>Bras\u00edlia &#8211; Eu n\u00e3o tenho o costume de tietar, mas fui fazer fila para assistir o primeiro dia da pe\u00e7a &#8220;Eu de Voc\u00ea&#8221; que estreou quinta-feira na Capital Federal.<\/p>\n<p>O mon\u00f3logo de Denise Fraga, baseado em narrativas reais de 35 pessoas, \u00e9 dirigido por Luiz Villa\u00e7a, diretor de cinema e de teatro, de s\u00e9ries para TV e document\u00e1rios. A obra, que estreou em 2019, chega pela segunda vez na Capital Federal totalmente gratuita para a popula\u00e7\u00e3o.<\/p>\n<p>H\u00e1 dois requisitos importantes para assistir ao espet\u00e1culo que ficar\u00e1 em cartaz at\u00e9 o dia 28 de janeiro na Caixa Cultural.<\/p>\n<p>O primeiro \u00e9 enfrentar a longa fila que, segundo testemunhas, come\u00e7ou a se formar por volta de 15h da quinta-feira, com direito a cadeira de praia, lanchinho, \u00e1gua e livro debaixo do bra\u00e7o. Tudo isso para assistir uma obra marcada para iniciar \u00e0s 20h.<\/p>\n<p>O segundo requisito \u00e9 a pontualidade. A pe\u00e7a come\u00e7a exatamente \u00e0s 20h e as portas s\u00e3o abertas 10 minutos antes para dar tempo ao p\u00fablico encontrar os lugares marcados. Quer tentar entrar depois desse hor\u00e1rio? N\u00e3o tem negocia\u00e7\u00e3o.<\/p>\n<p>Denise Fraga dispensa apresenta\u00e7\u00e3o. \u00c9 uma atriz consagrada e querida pelo p\u00fablico. E n\u00e3o apenas porque ficou conhecida na Globo, mas pela bela carreira que construiu na televis\u00e3o, no cinema e no teatro.<\/p>\n<p><img loading=\"lazy\" decoding=\"async\" class=\"alignnone size-medium wp-image-2102 aligncenter\" src=\"https:\/\/blogs.correiobraziliense.com.br\/coletivo-filhas-da-mae\/wp-content\/uploads\/sites\/60\/2024\/01\/Denise-Fraga-207x300.jpg\" alt=\"\" width=\"207\" height=\"300\" srcset=\"https:\/\/blogs.correiobraziliense.com.br\/coletivo-filhas-da-mae\/wp-content\/uploads\/sites\/60\/2024\/01\/Denise-Fraga-207x300.jpg 207w, https:\/\/blogs.correiobraziliense.com.br\/coletivo-filhas-da-mae\/wp-content\/uploads\/sites\/60\/2024\/01\/Denise-Fraga-768x1114.jpg 768w, https:\/\/blogs.correiobraziliense.com.br\/coletivo-filhas-da-mae\/wp-content\/uploads\/sites\/60\/2024\/01\/Denise-Fraga-706x1024.jpg 706w, https:\/\/blogs.correiobraziliense.com.br\/coletivo-filhas-da-mae\/wp-content\/uploads\/sites\/60\/2024\/01\/Denise-Fraga-800x1160.jpg 800w, https:\/\/blogs.correiobraziliense.com.br\/coletivo-filhas-da-mae\/wp-content\/uploads\/sites\/60\/2024\/01\/Denise-Fraga-550x798.jpg 550w, https:\/\/blogs.correiobraziliense.com.br\/coletivo-filhas-da-mae\/wp-content\/uploads\/sites\/60\/2024\/01\/Denise-Fraga-230x334.jpg 230w, https:\/\/blogs.correiobraziliense.com.br\/coletivo-filhas-da-mae\/wp-content\/uploads\/sites\/60\/2024\/01\/Denise-Fraga.jpg 919w\" sizes=\"auto, (max-width: 207px) 100vw, 207px\" \/><\/p>\n<p>O texto \u00e9 baseado em relatos da vida real de pessoas an\u00f4nimas e conhecidas. Pequenas hist\u00f3rias que mostram dores, medos, desamores, abandonos e outras experi\u00eancias da inf\u00e2ncia e da vida adulta.\u00a0Essas dores individuais, quando levadas ao teatro ganham, atrav\u00e9s da arte, uma dimens\u00e3o coletiva. E muito mais for\u00e7a, com potencial de gerar empatia e solidariedade no p\u00fablico.<\/p>\n<p>Denise Fraga est\u00e1 do nosso lado. Literalmente. Ela brinca, canta, dan\u00e7a, conversa com o p\u00fablico, sempre contando hist\u00f3rias reais costuradas com a ajuda de poetas, escritores, m\u00fasicos e da banda de mulheres que a acompanha. E o p\u00fablico adora, mesmo quando se trata de relatos duros, dif\u00edceis de escutar.<\/p>\n<p>Nem sempre \u00e9 f\u00e1cil se olhar no espelho. Ver no outro a pr\u00f3pria dor. Se colocar no lugar do outro e tentar sentir uma dor que n\u00e3o vivemos. Ou simplesmente acolher. Esse \u00e9 o convite de &#8220;Eu de Voc\u00ea&#8221;.<\/p>\n<p>Hist\u00f3rias como a que mostra a tristeza de ver uma m\u00e3e perder a mem\u00f3ria, mas que ainda consegue se conectar atrav\u00e9s da m\u00fasica. E da filha tentando a conex\u00e3o, como fazem diariamente as filhas cuidadoras de pessoas com dem\u00eancia, entre elas o Alzheimer, pelo Brasil afora. Ainda mais quando descobrem que a m\u00fasica \u00e9 a \u00faltima mem\u00f3ria que se perde.<\/p>\n<p>H\u00e1 muitas outras hist\u00f3rias nos 90 minutos de espet\u00e1culo. O tempo passa rapidamente sem que o p\u00fablico se d\u00ea conta. Enquanto isso, Denise nos oferece pequenas p\u00edlulas de vida como um convite \u00e0 reflex\u00e3o.<\/p>\n<p>Em meio a dor, h\u00e1 muita risada. E um p\u00fablico apaixonado, que se deixa seduzir pelas brincadeiras da atriz mesmo quando ela fala s\u00e9rio.<\/p>\n<p>O espet\u00e1culo tem alta qualidade. E n\u00e3o por acaso foi aplaudido de p\u00e9.<\/p>\n<p>PS: Cada pessoa tem direito a dois ingressos. Como os lugares s\u00e3o numerados vale a pena aproveitar para assistir as exposi\u00e7\u00f5es, tamb\u00e9m gratuitas, que est\u00e3o acontecendo na Caixa Cultural.<br \/>\nPS 2: A sess\u00e3o de 21 de janeiro contar\u00e1 com libras e audiodescri\u00e7\u00e3o.<\/p>\n","protected":false},"excerpt":{"rendered":"<p>Cosette Castro Bras\u00edlia &#8211; Eu n\u00e3o tenho o costume de tietar, mas fui fazer fila para assistir o primeiro dia da pe\u00e7a &#8220;Eu de Voc\u00ea&#8221; que estreou quinta-feira na Capital Federal. O mon\u00f3logo de Denise Fraga, baseado em narrativas reais de 35 pessoas, \u00e9 dirigido por Luiz Villa\u00e7a, diretor de cinema e de teatro, de s\u00e9ries para TV e document\u00e1rios. [&hellip;]<\/p>\n","protected":false},"author":126,"featured_media":0,"comment_status":"open","ping_status":"open","sticky":false,"template":"","format":"standard","meta":{"footnotes":""},"categories":[10],"tags":[8,1029,20,499,1028,1030],"class_list":["post-2094","post","type-post","status-publish","format-standard","hentry","category-cuidadoras-familiares","tag-alzheimer","tag-caixa-cultural","tag-cuidadoras-familiares","tag-demencia","tag-denise-fraga","tag-eu-de-voce"],"_links":{"self":[{"href":"https:\/\/blogs.correiobraziliense.com.br\/coletivo-filhas-da-mae\/wp-json\/wp\/v2\/posts\/2094","targetHints":{"allow":["GET"]}}],"collection":[{"href":"https:\/\/blogs.correiobraziliense.com.br\/coletivo-filhas-da-mae\/wp-json\/wp\/v2\/posts"}],"about":[{"href":"https:\/\/blogs.correiobraziliense.com.br\/coletivo-filhas-da-mae\/wp-json\/wp\/v2\/types\/post"}],"author":[{"embeddable":true,"href":"https:\/\/blogs.correiobraziliense.com.br\/coletivo-filhas-da-mae\/wp-json\/wp\/v2\/users\/126"}],"replies":[{"embeddable":true,"href":"https:\/\/blogs.correiobraziliense.com.br\/coletivo-filhas-da-mae\/wp-json\/wp\/v2\/comments?post=2094"}],"version-history":[{"count":8,"href":"https:\/\/blogs.correiobraziliense.com.br\/coletivo-filhas-da-mae\/wp-json\/wp\/v2\/posts\/2094\/revisions"}],"predecessor-version":[{"id":2104,"href":"https:\/\/blogs.correiobraziliense.com.br\/coletivo-filhas-da-mae\/wp-json\/wp\/v2\/posts\/2094\/revisions\/2104"}],"wp:attachment":[{"href":"https:\/\/blogs.correiobraziliense.com.br\/coletivo-filhas-da-mae\/wp-json\/wp\/v2\/media?parent=2094"}],"wp:term":[{"taxonomy":"category","embeddable":true,"href":"https:\/\/blogs.correiobraziliense.com.br\/coletivo-filhas-da-mae\/wp-json\/wp\/v2\/categories?post=2094"},{"taxonomy":"post_tag","embeddable":true,"href":"https:\/\/blogs.correiobraziliense.com.br\/coletivo-filhas-da-mae\/wp-json\/wp\/v2\/tags?post=2094"}],"curies":[{"name":"wp","href":"https:\/\/api.w.org\/{rel}","templated":true}]}}