{"id":2055,"date":"2024-01-01T10:27:24","date_gmt":"2024-01-01T13:27:24","guid":{"rendered":"https:\/\/blogs.correiobraziliense.com.br\/coletivo-filhas-da-mae\/?p=2055"},"modified":"2024-01-01T15:42:30","modified_gmt":"2024-01-01T18:42:30","slug":"desejos-para-2024","status":"publish","type":"post","link":"https:\/\/blogs.correiobraziliense.com.br\/coletivo-filhas-da-mae\/2024\/01\/01\/desejos-para-2024\/","title":{"rendered":"Desejos Para 2024"},"content":{"rendered":"<p>Cosette Castro<\/p>\n<p>Bras\u00edlia &#8211; Para muitos, o primeiro dia do ano \u00e9 um dia de pregui\u00e7a. De n\u00e3o fazer nada. E at\u00e9 de imaginar que o tempo, por algumas horas, parou de existir. \u00c9 um dia quase como domingo. De descanso.<\/p>\n<p>Mas n\u00e3o \u00e9 assim para todo mundo. Para cuidadoras familiares, por exemplo, pode ser o dia que ser\u00e1 necess\u00e1rio trabalhar mais, porque nem sempre a cuidadora contratada aparece. Pode ser que sequer haja or\u00e7amento para pagar uma cuidadora particular.<\/p>\n<p>Pode acontecer que\u00a0 n\u00e3o haja fam\u00edlia na mesma cidade. Que ningu\u00e9m da fam\u00edlia tenha aparecido. Ou que ningu\u00e9m\u00a0 lembre de perguntar se a pessoa que cuida gostaria de come\u00e7ar o ano descansando um pouco.<\/p>\n<p>Assim como as cuidadoras familiares, h\u00e1 outras pessoas invis\u00edveis que garantem a organiza\u00e7\u00e3o e infraestrutura cotidiana da casa, do bairro, da comunidade. Eles s\u00e3o pessoas como os lixeiros, porteiros, s\u00edndicos, empregadas dom\u00e9sticas, cuidadoras plantonistas de hospitais. Ou o\u00a0 pessoal de tele-entrega. Entregadores garantem que o rem\u00e9dio que esquecemos de comprar chegue em casa a tempo.<\/p>\n<p>Dia primeiro de janeiro deveria ser um dia de congelar as obriga\u00e7\u00f5es. Deveria, mas n\u00e3o \u00e9. Ainda assim n\u00e3o impede que renovemos a esperan\u00e7a em dias melhores, com mais sa\u00fade, dinheiro, projetos, amores e amizades. Um dia para que os sonhos, novos ou antigos, comecem a se realizar.<\/p>\n<p>No Coletivo Filhas da M\u00e3e olhamos o futuro sem esquecer o passado recente. Por isso, neste primeiro do ano, escolhemos algumas fotos para\u00a0 compartilhar nossos desejos de um feliz 2024 com voc\u00ea. Ao seu lado.<\/p>\n<p>1. Desejamos muita m\u00fasica para voc\u00ea. A m\u00fasica \u00e9 a \u00faltima mem\u00f3ria que se perde<\/p>\n<p><img loading=\"lazy\" decoding=\"async\" class=\"alignnone size-medium wp-image-1828\" src=\"https:\/\/blogs.correiobraziliense.com.br\/coletivo-filhas-da-mae\/wp-content\/uploads\/sites\/60\/2023\/09\/cafecomchorinho-300x215.jpg\" alt=\"\" width=\"300\" height=\"215\" srcset=\"https:\/\/blogs.correiobraziliense.com.br\/coletivo-filhas-da-mae\/wp-content\/uploads\/sites\/60\/2023\/09\/cafecomchorinho-300x215.jpg 300w, https:\/\/blogs.correiobraziliense.com.br\/coletivo-filhas-da-mae\/wp-content\/uploads\/sites\/60\/2023\/09\/cafecomchorinho-768x551.jpg 768w, https:\/\/blogs.correiobraziliense.com.br\/coletivo-filhas-da-mae\/wp-content\/uploads\/sites\/60\/2023\/09\/cafecomchorinho-1024x735.jpg 1024w, https:\/\/blogs.correiobraziliense.com.br\/coletivo-filhas-da-mae\/wp-content\/uploads\/sites\/60\/2023\/09\/cafecomchorinho-800x574.jpg 800w, https:\/\/blogs.correiobraziliense.com.br\/coletivo-filhas-da-mae\/wp-content\/uploads\/sites\/60\/2023\/09\/cafecomchorinho-550x395.jpg 550w, https:\/\/blogs.correiobraziliense.com.br\/coletivo-filhas-da-mae\/wp-content\/uploads\/sites\/60\/2023\/09\/cafecomchorinho-230x165.jpg 230w, https:\/\/blogs.correiobraziliense.com.br\/coletivo-filhas-da-mae\/wp-content\/uploads\/sites\/60\/2023\/09\/cafecomchorinho.jpg 1080w\" sizes=\"auto, (max-width: 300px) 100vw, 300px\" \/><\/p>\n<p>Parceiro Caf\u00e9 com Chorinho, Parque Olhos D\u00b4\u00c1gua, Bras\u00edlia<\/p>\n<p>2. Desejamos que voc\u00ea possa contribuir para a constru\u00e7\u00e3o de uma Sociedade do Cuidado todos os dias<\/p>\n<p><img loading=\"lazy\" decoding=\"async\" class=\"alignnone size-medium wp-image-2059\" src=\"https:\/\/blogs.correiobraziliense.com.br\/coletivo-filhas-da-mae\/wp-content\/uploads\/sites\/60\/2024\/01\/painel2023-300x175.jpg\" alt=\"\" width=\"300\" height=\"175\" srcset=\"https:\/\/blogs.correiobraziliense.com.br\/coletivo-filhas-da-mae\/wp-content\/uploads\/sites\/60\/2024\/01\/painel2023-300x175.jpg 300w, https:\/\/blogs.correiobraziliense.com.br\/coletivo-filhas-da-mae\/wp-content\/uploads\/sites\/60\/2024\/01\/painel2023-768x448.jpg 768w, https:\/\/blogs.correiobraziliense.com.br\/coletivo-filhas-da-mae\/wp-content\/uploads\/sites\/60\/2024\/01\/painel2023-1024x597.jpg 1024w, https:\/\/blogs.correiobraziliense.com.br\/coletivo-filhas-da-mae\/wp-content\/uploads\/sites\/60\/2024\/01\/painel2023-800x467.jpg 800w, https:\/\/blogs.correiobraziliense.com.br\/coletivo-filhas-da-mae\/wp-content\/uploads\/sites\/60\/2024\/01\/painel2023-550x321.jpg 550w, https:\/\/blogs.correiobraziliense.com.br\/coletivo-filhas-da-mae\/wp-content\/uploads\/sites\/60\/2024\/01\/painel2023-230x134.jpg 230w, https:\/\/blogs.correiobraziliense.com.br\/coletivo-filhas-da-mae\/wp-content\/uploads\/sites\/60\/2024\/01\/painel2023.jpg 1080w\" sizes=\"auto, (max-width: 300px) 100vw, 300px\" \/><\/p>\n<p>Parceria com o Coletivo Borda Lutas. Sugest\u00f5es da popula\u00e7\u00e3o<\/p>\n<p>&nbsp;<\/p>\n<p>3. Desejamos muita arte na sua vida. A arte cura<\/p>\n<p><img loading=\"lazy\" decoding=\"async\" class=\"alignnone size-medium wp-image-2058\" src=\"https:\/\/blogs.correiobraziliense.com.br\/coletivo-filhas-da-mae\/wp-content\/uploads\/sites\/60\/2024\/01\/artenarua-300x157.jpg\" alt=\"\" width=\"300\" height=\"157\" srcset=\"https:\/\/blogs.correiobraziliense.com.br\/coletivo-filhas-da-mae\/wp-content\/uploads\/sites\/60\/2024\/01\/artenarua-300x157.jpg 300w, https:\/\/blogs.correiobraziliense.com.br\/coletivo-filhas-da-mae\/wp-content\/uploads\/sites\/60\/2024\/01\/artenarua-768x402.jpg 768w, https:\/\/blogs.correiobraziliense.com.br\/coletivo-filhas-da-mae\/wp-content\/uploads\/sites\/60\/2024\/01\/artenarua-1024x536.jpg 1024w, https:\/\/blogs.correiobraziliense.com.br\/coletivo-filhas-da-mae\/wp-content\/uploads\/sites\/60\/2024\/01\/artenarua-800x419.jpg 800w, https:\/\/blogs.correiobraziliense.com.br\/coletivo-filhas-da-mae\/wp-content\/uploads\/sites\/60\/2024\/01\/artenarua-550x288.jpg 550w, https:\/\/blogs.correiobraziliense.com.br\/coletivo-filhas-da-mae\/wp-content\/uploads\/sites\/60\/2024\/01\/artenarua-230x120.jpg 230w, https:\/\/blogs.correiobraziliense.com.br\/coletivo-filhas-da-mae\/wp-content\/uploads\/sites\/60\/2024\/01\/artenarua.jpg 1079w\" sizes=\"auto, (max-width: 300px) 100vw, 300px\" \/><\/p>\n<p>Arte de rua realizada para o\u00a0 Setembro Roxo 2023 em Bras\u00edlia. Local: Beco da Inclus\u00e3o, Quadra 507 Sul<\/p>\n<p>4. E convidamos voc\u00ea a caminhar conosco em 2024<\/p>\n<p><img loading=\"lazy\" decoding=\"async\" class=\"alignnone size-medium wp-image-2060\" src=\"https:\/\/blogs.correiobraziliense.com.br\/coletivo-filhas-da-mae\/wp-content\/uploads\/sites\/60\/2024\/01\/caminhadaviolenciacontramulher-300x157.jpg\" alt=\"\" width=\"300\" height=\"157\" srcset=\"https:\/\/blogs.correiobraziliense.com.br\/coletivo-filhas-da-mae\/wp-content\/uploads\/sites\/60\/2024\/01\/caminhadaviolenciacontramulher-300x157.jpg 300w, https:\/\/blogs.correiobraziliense.com.br\/coletivo-filhas-da-mae\/wp-content\/uploads\/sites\/60\/2024\/01\/caminhadaviolenciacontramulher-768x401.jpg 768w, https:\/\/blogs.correiobraziliense.com.br\/coletivo-filhas-da-mae\/wp-content\/uploads\/sites\/60\/2024\/01\/caminhadaviolenciacontramulher-1024x535.jpg 1024w, https:\/\/blogs.correiobraziliense.com.br\/coletivo-filhas-da-mae\/wp-content\/uploads\/sites\/60\/2024\/01\/caminhadaviolenciacontramulher-800x418.jpg 800w, https:\/\/blogs.correiobraziliense.com.br\/coletivo-filhas-da-mae\/wp-content\/uploads\/sites\/60\/2024\/01\/caminhadaviolenciacontramulher-550x287.jpg 550w, https:\/\/blogs.correiobraziliense.com.br\/coletivo-filhas-da-mae\/wp-content\/uploads\/sites\/60\/2024\/01\/caminhadaviolenciacontramulher-230x120.jpg 230w, https:\/\/blogs.correiobraziliense.com.br\/coletivo-filhas-da-mae\/wp-content\/uploads\/sites\/60\/2024\/01\/caminhadaviolenciacontramulher.jpg 1080w\" sizes=\"auto, (max-width: 300px) 100vw, 300px\" \/><\/p>\n<p>Caminhada solid\u00e1ria de combate a viol\u00eancia contra as mulheres, Parque das Gar\u00e7as, Bras\u00edlia<\/p>\n<p>E voc\u00ea o que deseja para 2024?<\/p>\n","protected":false},"excerpt":{"rendered":"<p>Cosette Castro Bras\u00edlia &#8211; Para muitos, o primeiro dia do ano \u00e9 um dia de pregui\u00e7a. De n\u00e3o fazer nada. E at\u00e9 de imaginar que o tempo, por algumas horas, parou de existir. \u00c9 um dia quase como domingo. De descanso. Mas n\u00e3o \u00e9 assim para todo mundo. Para cuidadoras familiares, por exemplo, pode ser o dia que ser\u00e1 necess\u00e1rio [&hellip;]<\/p>\n","protected":false},"author":126,"featured_media":0,"comment_status":"open","ping_status":"open","sticky":false,"template":"","format":"standard","meta":{"footnotes":""},"categories":[1],"tags":[],"class_list":["post-2055","post","type-post","status-publish","format-standard","hentry","category-sem-categoria"],"_links":{"self":[{"href":"https:\/\/blogs.correiobraziliense.com.br\/coletivo-filhas-da-mae\/wp-json\/wp\/v2\/posts\/2055","targetHints":{"allow":["GET"]}}],"collection":[{"href":"https:\/\/blogs.correiobraziliense.com.br\/coletivo-filhas-da-mae\/wp-json\/wp\/v2\/posts"}],"about":[{"href":"https:\/\/blogs.correiobraziliense.com.br\/coletivo-filhas-da-mae\/wp-json\/wp\/v2\/types\/post"}],"author":[{"embeddable":true,"href":"https:\/\/blogs.correiobraziliense.com.br\/coletivo-filhas-da-mae\/wp-json\/wp\/v2\/users\/126"}],"replies":[{"embeddable":true,"href":"https:\/\/blogs.correiobraziliense.com.br\/coletivo-filhas-da-mae\/wp-json\/wp\/v2\/comments?post=2055"}],"version-history":[{"count":3,"href":"https:\/\/blogs.correiobraziliense.com.br\/coletivo-filhas-da-mae\/wp-json\/wp\/v2\/posts\/2055\/revisions"}],"predecessor-version":[{"id":2064,"href":"https:\/\/blogs.correiobraziliense.com.br\/coletivo-filhas-da-mae\/wp-json\/wp\/v2\/posts\/2055\/revisions\/2064"}],"wp:attachment":[{"href":"https:\/\/blogs.correiobraziliense.com.br\/coletivo-filhas-da-mae\/wp-json\/wp\/v2\/media?parent=2055"}],"wp:term":[{"taxonomy":"category","embeddable":true,"href":"https:\/\/blogs.correiobraziliense.com.br\/coletivo-filhas-da-mae\/wp-json\/wp\/v2\/categories?post=2055"},{"taxonomy":"post_tag","embeddable":true,"href":"https:\/\/blogs.correiobraziliense.com.br\/coletivo-filhas-da-mae\/wp-json\/wp\/v2\/tags?post=2055"}],"curies":[{"name":"wp","href":"https:\/\/api.w.org\/{rel}","templated":true}]}}