{"id":2046,"date":"2023-12-29T11:36:52","date_gmt":"2023-12-29T14:36:52","guid":{"rendered":"https:\/\/blogs.correiobraziliense.com.br\/coletivo-filhas-da-mae\/?p=2046"},"modified":"2023-12-29T13:21:54","modified_gmt":"2023-12-29T16:21:54","slug":"nao-andamos-sos","status":"publish","type":"post","link":"https:\/\/blogs.correiobraziliense.com.br\/coletivo-filhas-da-mae\/2023\/12\/29\/nao-andamos-sos\/","title":{"rendered":"N\u00e3o Andamos S\u00f3s"},"content":{"rendered":"<p>Cosette Castro<\/p>\n<p>Bras\u00edlia &#8211;\u00a02023 foi um ano de muito trabalho e projetos no Coletivo.\u00a0Para al\u00e9m do mantra &#8220;cuidado e autocuidado&#8221;,\u00a0 conjugamos os verbos acolher e esperan\u00e7ar. E refor\u00e7amos o nosso trabalho em rede.<\/p>\n<p>Nossas a\u00e7\u00f5es e reflex\u00f5es\u00a0 sobre\u00a0 cuidado e autocuidado, sobre a urg\u00eancia de cuidar de quem cuida, sobre envelhecimento saud\u00e1vel e ativo e sobre dem\u00eancias se expandiram, como \u00e9 poss\u00edvel observar nos projetos realizados.<\/p>\n<p><strong>Pol\u00edticas P\u00fablicas<\/strong>\u00a0 &#8211; Em defesa da cria\u00e7\u00e3o de uma pol\u00edtica nacional de cuidados, do envelhecimento saud\u00e1vel e ativo e da cria\u00e7\u00e3o de pol\u00edticas p\u00fablicas para dem\u00eancias, participamos de encontros, semin\u00e1rios, simp\u00f3sios, f\u00f3runs, em diferentes locais, como na\u00a0UnB, SESC-DF, Febraz, Defensoria P\u00fablica e na OPAS. E de audi\u00eancias p\u00fablicas na C\u00e2mara Legislativa do Distrito Federal (CLDF), na C\u00e2mara dos Deputados e no Senado.<\/p>\n<p><strong>Guia de A\u00e7\u00f5es e Servi\u00e7os P\u00fablicos<\/strong> &#8211; Dando continuidade \u00e0 parceria realizada com o Instituto de Pesquisa e Estat\u00edstica do Distrito Federal ( IPE-DF), publicamos o <a href=\"https:\/\/www.ipe.df.gov.br\/wp-content\/uploads\/2023\/03\/2023.07.20_Guia-Acoes-Servicos-Pessoas-Idosas.pdf\">Guia de A\u00e7\u00f5es e Servi\u00e7os P\u00fablicos para Pessoas Idosas com Dem\u00eancias e para Cuidadoras e Cuidadores no Distrito Federal<\/a>. O projeto foi poss\u00edvel com apoio do gabinete do deputado Gabriel Magno presidente da Comiss\u00e3o de Educa\u00e7\u00e3o, Sa\u00fade e Cultura.<\/p>\n<p><strong>Confer\u00eancias<\/strong> &#8211; Organizamos a Pr\u00e9-Confer\u00eancia Livre sobre Sa\u00fade Mental e Envelhecimento em formato h\u00edbrido que reuniu 320 pessoas no Distrito Federal em parceria com o F\u00f3rum Distrital da Sociedade Civil em Defesa da Pessoa Idosa e com a UnB no final de fevereiro. <a href=\"https:\/\/drive.google.com\/file\/d\/1AxOuNUQm70DV4-dhYWUIc5eHdNAitxE1\/view?usp=sharing\">Relat\u00f3rio aqui<\/a>.<\/p>\n<p><strong>Outras Confer\u00eancias<\/strong> &#8211; junto com F\u00f3rum, UnB e SESC-DF, co-organizamos a Confer\u00eancia Livre sobre Envelhecimento. Participamos com propostas da Pr\u00e9-Confer\u00eancia Nacional sobre Dem\u00eancias, da Pr\u00e9-Confer\u00eancia Nacional sobre as Mulheres e da Pr\u00e9-Confer\u00eancia Nacional sobre Envelhecimento.<\/p>\n<p><strong>Pol\u00edtica Nacional de Cuidado<\/strong> &#8211; Enviamos as <a href=\"https:\/\/docs.google.com\/document\/d\/107hUrGtmzL0CyzHLI6eOArZixTQYWl-c\/edit?usp=sharing&amp;ouid=116000504106464652242&amp;rtpof=true&amp;sd=true\">propostas do Coletivo Filhas da M\u00e3e<\/a> \u00e0 consulta p\u00fablica sobre a Pol\u00edtica Nacional de Cuidado, assim como participamos de reuni\u00f5es online\u00a0 junto a grupos de cuidadoras de todo pa\u00eds com sugest\u00f5es para a nova pol\u00edtica, inclusive sobre o <a href=\"https:\/\/docs.google.com\/document\/d\/1O7MMAeBuj8re-QHr7ddHm11HTkFdQoCQ\/edit?usp=sharing&amp;ouid=116000504106464652242&amp;rtpof=true&amp;sd=true\">mundo digital.<\/a><\/p>\n<p><strong>Sociedade do Cuidado<\/strong> &#8211; Propomos sair da Sociedade da Viol\u00eancia para construir uma Sociedade do Cuidado que: 1. Tire as mulheres cuidadoras de todas as idades da invisibilidade; 2.Valorize e contemple as pessoas idosas; 3. Realize projetos de preven\u00e7\u00e3o de sa\u00fade voltados para a popula\u00e7\u00e3o; 4. Promova o diagn\u00f3stico precoce das dem\u00eancias; 5. Torne obrigat\u00f3rio no SUS os exames de imagem e a avalia\u00e7\u00e3o neuropsicol\u00f3gica a partir dos 50 anos.<\/p>\n<p><strong>Viol\u00eancia contra Pessoas Idosas<\/strong> &#8211; Em 2023 mais uma vez fizemos <a href=\"https:\/\/drive.google.com\/file\/d\/1U1EUkhYW-Iln0d_tNrrgtFbGq45v5ScV\/view?usp=sharing\">proje\u00e7\u00f5es em pr\u00e9dios p\u00fablicos<\/a> federais e distritais chamando a aten\u00e7\u00e3o sobre a viol\u00eancia contra as pessoas idosas, em especial as mulheres. Parceria com o F\u00f3rum Distrital da Sociedade Civil em Defesa da Pessoa Idosa.<\/p>\n<p><strong>Bloco de Carnaval<\/strong> &#8211; o\u00a0 Bloco de Carnaval Filhas da M\u00e3e saiu \u00e0s ruas de Bras\u00edlia com o Coletivo dos Blocos da Sa\u00fade Mental do DF, uma parceria com o Rivotrio. Antes, realizamos oficinas de <a href=\"https:\/\/drive.google.com\/file\/d\/1ql7-fdhVJo5S3utKHA1RXBQtft1ebZgD\/view?usp=sharing\">samba no p\u00e9,<\/a> <a href=\"https:\/\/drive.google.com\/file\/d\/1WyImKQmljtPigp05MNXZjqm4mmPABm-S\/view?usp=sharing\">estandartes<\/a>, tiaras e camisetas costumizadas oferecendo um espa\u00e7o de encontro, arte e divers\u00e3o para mulheres que cuidam e para ex-cuidadoras. Tamb\u00e9m fizemos encontro\u00a0de <a href=\"https:\/\/drive.google.com\/file\/d\/1tYJqevzKjcQj2j29rAx6EkTuA7MeyWwE\/view?usp=sharing\">Esquenta Carnaval<\/a> na Asa Sul, <a href=\"https:\/\/drive.google.com\/file\/d\/13fpl5FGjp81MFMkjrefJVe0jcnJy0DL9\/view?usp=sharing\">regravamos nossa marchinha<\/a>, brincamos e desfilamos na Asa Norte.<\/p>\n<p>Defendemos o direito ao riso, \u00e0 brincadeira e \u00e0 alegria das pessoas que cuidam. E divulgamos quest\u00f5es relacionadas ao cuidado e autocuidado, ao envelhecimento e \u00e0s dem\u00eancias para outros p\u00fablicos. Tamb\u00e9m defendemos o direito a ocupar \u00e0s ruas da cidade com pessoas de todas as idades.<\/p>\n<p><strong>Grupo WhatsApp<\/strong> &#8211; Diariamente oferecemos dicas de cuidado e <a href=\"https:\/\/drive.google.com\/file\/d\/1XbIpkPtEh--9XpM6zEevdTuWbSUX1VEz\/view?usp=sharing\">autocuidado<\/a> e ajudamos a tirar d\u00favidas sobre dem\u00eancias. O grupo conta com a participa\u00e7\u00e3o das pessoas que cuidam, de ex-cuidadoras familiares e profissionais da sa\u00fade. Este ano criamos uma Comunidade que re\u00fane outros grupos do Coletivo, como o Caminhantes.<\/p>\n<p><strong>Grupo Caminhantes<\/strong> &#8211; Desde abril estimulamos a preven\u00e7\u00e3o da sa\u00fade de quem cuida. As <a href=\"https:\/\/drive.google.com\/file\/d\/1wDPY3o9m3eHqc8vwrHeHvShEcchugPl_\/view?usp=sharing\">caminhadas<\/a> ocorrem nas manh\u00e3s de domingo nos Parques do Distrito Federal e tamb\u00e9m em parceria com grupos de trilhas (GCB, CDC).<\/p>\n<p><strong>Caminhada da Mem\u00f3ria<\/strong> &#8211; Realizamos a <a href=\"https:\/\/drive.google.com\/file\/d\/1ISrXItXLNRQpc8ECQqzmftS8sixcGy2V\/view?usp=sharing\">Caminhada de 2023<\/a> com circuito urbano na W3 Sul, em Bras\u00edlia, em <a href=\"https:\/\/drive.google.com\/file\/d\/1BL6x3OTaED-yROkoDaGoX6AlnS4tfg-h\/view?usp=sharing\">parceria<\/a> com movimentos sociais e empresas locais. Cerca de 300 pessoas participaram das atividades que contou tamb\u00e9m com pr\u00e1ticas integrativas de sa\u00fade durante toda manh\u00e3 ( massagem, automassagem,\u00a0 TRE, dan\u00e7a circular).<\/p>\n<p><strong>Setembro Roxo<\/strong> &#8211;\u00a0 Durante o m\u00eas de setembro realizamos atividades de <a href=\"https:\/\/drive.google.com\/file\/d\/1t0B3qdvje4X2q13MAr_pWk-scX17cogL\/view?usp=sharing\">conscientiza\u00e7\u00e3o sobre dem\u00eancias.<\/a>\u00a0Distribu\u00edmos folhetos sobre preven\u00e7\u00e3o de sa\u00fade e sobre os sintomas das dem\u00eancias nos parques e atividades presenciais do Coletivo. Tamb\u00e9m realizamos atividades culturais, como oficinas de leitura\u00a0 e escrita criativa na Biblioteca Demonstrativa de Bras\u00edlia e palestras em unidades do SESC-DF e convidamos as pessoas a escreverem como desejam uma Sociedade do Cuidado em um<a href=\"https:\/\/drive.google.com\/file\/d\/1CyJS6SmxM_y4iQJR5v6f_HIvDTEzEPdU\/view?usp=sharing\"> grande painel bordado.<\/a><\/p>\n<p><strong>Programa de Entrevistas Terceiras Inten\u00e7\u00f5es<\/strong>&#8211; O Programa mensal recebeu especialistas durante 09 meses. No primeiro semestre a apresenta\u00e7\u00e3o esteve a cargo da fonoaudi\u00f3loga Juliana Lira e, a partir do segundo semestre, da jornalista M\u00f4nica Carvalho. Mais de 1.500 pessoas acompanharam as edi\u00e7\u00f5es ao vivo.<\/p>\n<p><strong>Roda de Conversa Online<\/strong> &#8211; Na primeira quinta-feira de cada m\u00eas, durante duas horas a fonoaudi\u00f3loga Manoela Dias coordenou a reuni\u00e3o online onde tirou d\u00favidas e acolheu cuidadoras familiares.<\/p>\n<p><strong>Redes Sociais Digitais<\/strong> &#8211; Estamos presentes no X (ex- Twitter), Instagram, Facebook e no Canal no YouTube. E o nosso Blog chegou em dezembro a sua edi\u00e7\u00e3o 307.<\/p>\n<p><strong>Pr\u00eamios<\/strong> &#8211; Em 2023, fomos reconhecidas duas vezes. Ganhamos o pr\u00eamio Marielle Franco de Direitos Humanos da CLDF e\u00a0 pela contribui\u00e7\u00e3o \u00e0 cultura e ao Carnaval do Distrito Federal.<\/p>\n<p><strong>Formaliza\u00e7\u00e3o<\/strong>\u00a0&#8211; Em dezembro aprovamos <a href=\"https:\/\/docs.google.com\/document\/d\/1MmSpscEaxIX62jEHue-FTrtAQRSdLRjG\/edit?usp=sharing&amp;ouid=116000504106464652242&amp;rtpof=true&amp;sd=true\">Estatuto<\/a> e elegemos nova coordena\u00e7\u00e3o do Coletivo Filhas da M\u00e3e. Estamos organizando a formaliza\u00e7\u00e3o do Coletivo.<\/p>\n<p>Em 2024 teremos mais projetos com a certeza de que n\u00e3o andamos s\u00f3s. Seguimos em frente, solidariamente, com muitas parceiras e parceiros. Gratid\u00e3o a todas pessoas que andaram conosco em 2023.<\/p>\n","protected":false},"excerpt":{"rendered":"<p>Cosette Castro Bras\u00edlia &#8211;\u00a02023 foi um ano de muito trabalho e projetos no Coletivo.\u00a0Para al\u00e9m do mantra &#8220;cuidado e autocuidado&#8221;,\u00a0 conjugamos os verbos acolher e esperan\u00e7ar. E refor\u00e7amos o nosso trabalho em rede. Nossas a\u00e7\u00f5es e reflex\u00f5es\u00a0 sobre\u00a0 cuidado e autocuidado, sobre a urg\u00eancia de cuidar de quem cuida, sobre envelhecimento saud\u00e1vel e ativo e sobre dem\u00eancias se expandiram, como [&hellip;]<\/p>\n","protected":false},"author":126,"featured_media":0,"comment_status":"open","ping_status":"open","sticky":false,"template":"","format":"standard","meta":{"footnotes":""},"categories":[1009],"tags":[8,3,1012,558,310,1010,2,20,21,7,832,5,294,848,1011,876,761,893,941,300,12,553,1013,552,543],"class_list":["post-2046","post","type-post","status-publish","format-standard","hentry","category-restrospectiva","tag-alzheimer","tag-autocuidado","tag-biblioteca-demonstrativa-de-brasilia","tag-caminhantes-do-cerrado","tag-cldf","tag-coletivo-dos-blocos-da-saude-mental","tag-cuidado","tag-cuidadoras-familiares","tag-cuidadores-familiares","tag-demencias","tag-deputado-gabriel-magno","tag-envelhecimento","tag-forum-em-defesa-da-pessoa-idosa-df","tag-grupo-caminhadas-brasilia-gcb","tag-guia-de-acoes-e-servicos-publicos-para-pessoas-idosas-com-demencias-e-para-cuidadoras-e-cuidadores-no-distrito-federal","tag-ipe-df","tag-iv-premio-marielle-franco-de-direitos-humanos","tag-marielle-franco","tag-opas","tag-pessoas-idosas","tag-politicas-publicas-de-cuidado","tag-programa-terceiras-intencoes","tag-rivotrio","tag-sesc-df","tag-unb"],"_links":{"self":[{"href":"https:\/\/blogs.correiobraziliense.com.br\/coletivo-filhas-da-mae\/wp-json\/wp\/v2\/posts\/2046","targetHints":{"allow":["GET"]}}],"collection":[{"href":"https:\/\/blogs.correiobraziliense.com.br\/coletivo-filhas-da-mae\/wp-json\/wp\/v2\/posts"}],"about":[{"href":"https:\/\/blogs.correiobraziliense.com.br\/coletivo-filhas-da-mae\/wp-json\/wp\/v2\/types\/post"}],"author":[{"embeddable":true,"href":"https:\/\/blogs.correiobraziliense.com.br\/coletivo-filhas-da-mae\/wp-json\/wp\/v2\/users\/126"}],"replies":[{"embeddable":true,"href":"https:\/\/blogs.correiobraziliense.com.br\/coletivo-filhas-da-mae\/wp-json\/wp\/v2\/comments?post=2046"}],"version-history":[{"count":8,"href":"https:\/\/blogs.correiobraziliense.com.br\/coletivo-filhas-da-mae\/wp-json\/wp\/v2\/posts\/2046\/revisions"}],"predecessor-version":[{"id":2054,"href":"https:\/\/blogs.correiobraziliense.com.br\/coletivo-filhas-da-mae\/wp-json\/wp\/v2\/posts\/2046\/revisions\/2054"}],"wp:attachment":[{"href":"https:\/\/blogs.correiobraziliense.com.br\/coletivo-filhas-da-mae\/wp-json\/wp\/v2\/media?parent=2046"}],"wp:term":[{"taxonomy":"category","embeddable":true,"href":"https:\/\/blogs.correiobraziliense.com.br\/coletivo-filhas-da-mae\/wp-json\/wp\/v2\/categories?post=2046"},{"taxonomy":"post_tag","embeddable":true,"href":"https:\/\/blogs.correiobraziliense.com.br\/coletivo-filhas-da-mae\/wp-json\/wp\/v2\/tags?post=2046"}],"curies":[{"name":"wp","href":"https:\/\/api.w.org\/{rel}","templated":true}]}}