{"id":1985,"date":"2023-12-01T08:30:13","date_gmt":"2023-12-01T11:30:13","guid":{"rendered":"https:\/\/blogs.correiobraziliense.com.br\/coletivo-filhas-da-mae\/?p=1985"},"modified":"2023-12-08T08:03:06","modified_gmt":"2023-12-08T11:03:06","slug":"cuidado-para-toda-vida-inclusive-na-velhice","status":"publish","type":"post","link":"https:\/\/blogs.correiobraziliense.com.br\/coletivo-filhas-da-mae\/2023\/12\/01\/cuidado-para-toda-vida-inclusive-na-velhice\/","title":{"rendered":"Cuidado Para Toda Vida, Inclusive na Velhice"},"content":{"rendered":"<p>Ana Castro &amp; Cosette Castro<\/p>\n<p>Bras\u00edlia &#8211; Esta semana participamos da\u00a0Audi\u00eancia P\u00fablica na C\u00e2mara Federal sobre os &#8220;Avan\u00e7os e Perspectivas para o Estatuto da Pessoa Idosa&#8221;.<\/p>\n<p>Cosette representou o Coletivo na mesa sobre Pol\u00edtica Nacional para o Cuidado Integral. A sua fala reflete algumas propostas do Coletivo sobre o tema.<\/p>\n<p>Cosette Castro &#8211; &#8220;Consideramos o cuidado, o direito a ser cuidada e ao autocuidado como direitos humanos. At\u00e9 brincamos que o mantra do Coletivo Filhas da M\u00e3e \u00e9\u00a0 cuidado e autocuidado.<\/p>\n<p>Consideramos o envelhecimento saud\u00e1vel e ativo como um direito humano para vida digna. E o direito \u00e0 informa\u00e7\u00e3o como um direito humano a ser exercido todos os dias.<\/p>\n<p>Sem informa\u00e7\u00e3o e campanhas permanentes continuaremos sem que a popula\u00e7\u00e3o conhe\u00e7a, por exemplo, o Estatuto da Pessoa Idosa. Ou que ele seja totalmente implementado.<\/p>\n<p>Sugerimos que o Estatuto seja ensinado nas escolas e\u00a0 precisamos campanhas nacionais para a popula\u00e7\u00e3o.<\/p>\n<p>\u00c9 preciso informar sobre a pol\u00edtica nacional de cuidado integral para a pessoa idosa e a futura pol\u00edtica nacional de cuidado. Assim poderemos estimular a co-responsabilidade do cuidado, combater o preconceito por idade e estimular as rela\u00e7\u00f5es entre diferentes gera\u00e7\u00f5es.<\/p>\n<p>Sugerimos a cria\u00e7\u00e3o nas universidades de uma disciplina obrigat\u00f3ria em todos os cursos de gradua\u00e7\u00e3o levando em conta a transversalidade do tema envelhecimento.<\/p>\n<p>Uma disciplina que contemple o cuidado\u00a0 e autocuidado como direito humano, o envelhecimento saud\u00e1vel e ativo, as rela\u00e7\u00f5es intergeracionais e o\u00a0 Estatuto da Pessoa Idosa. Tamb\u00e9m precisamos multiplicar o conhecimento sobre dem\u00eancias e outras doen\u00e7as sem cura,\u00a0 sobre cuidados paliativos e finitude.<\/p>\n<p>Sugerimos a forma\u00e7\u00e3o\u00a0 permanente\u00a0 e cont\u00ednua dos servidores p\u00fablicos para que aprendam a exercitar o cuidado integral das pessoas idosas, respeitando a diversidade do envelhecimento.<\/p>\n<p>Precisamos urgentemente sair da Sociedade da Viol\u00eancia para\u00a0 construir a Sociedade do Cuidado. Sair das\u00a0viol\u00eancias cotidianas, da neglig\u00eancia, do abandono e do etarismo contra pessoas 60+.<\/p>\n<p>Recentemente um juiz de direito negou prote\u00e7\u00e3o a uma mulher idosa que havia sofrido viol\u00eancia dom\u00e9stica pela Lei Maria da Penha.\u00a0A justificativa \u00e9 que ela \u00e9 uma pessoa idosa.<\/p>\n<p>Esse juiz tirou o direito dessa senhora ser uma mulher porque ela envelheceu. Esse apagamento \u00e9 mais um exemplo das viol\u00eancias que as mulheres idosas sofrem cotidianamente em casa e em institui\u00e7\u00f5es p\u00fablicas que deveriam proteg\u00ea-las.<\/p>\n<p>No que diz respeito \u00e0s cuidadoras familiares, gostar\u00edamos de lembrar que elas est\u00e3o adoecendo f\u00edsica e mentalmente, est\u00e3o endividadas e empobrecendo cada vez mais. E est\u00e3o envelhecendo sem nenhuma visibilidade e com pouca prote\u00e7\u00e3o social.<\/p>\n<p>Cuidadoras familiares, independente de quem cuidam,\u00a0 t\u00eam direito a uma remunera\u00e7\u00e3o mensal. O cuidado \u00e9 um trabalho invis\u00edvel. E elas t\u00eam direito \u00e0 aposentadoria, levando em conta os anos do cuidado familiar. Nos casos de dem\u00eancia, por exemplo, uma pessoa doente pode necessitar cuidados por 20 anos ou mais.<\/p>\n<p>Sobre cuidado\u00a0integral, lembramos a transversalidade do envelhecimento. Sugerimos a articula\u00e7\u00e3o das pol\u00edticas existentes no Estatuto, como as\u00a0de sa\u00fade, previd\u00eancia, assist\u00eancia social, alimenta\u00e7\u00e3o transporte, educa\u00e7\u00e3o, cultura, tecnologia, etc.<\/p>\n<p>Aqui h\u00e1 outro preconceito contra pessoas idosas: o discurso que apenas pessoas 60+ t\u00eam dificuldades tecnol\u00f3gicas.<\/p>\n<p>Somos um pa\u00eds com 30% de analfabetos funcionais (que n\u00e3o entendem o que l\u00eaem)\u00a0 e outros 5,6% de analfabetos totais. Temos um grande n\u00famero de analfabetos e semi-analfabetos digitais.<\/p>\n<p>Quase toda popula\u00e7\u00e3o t\u00eam celulares, mas somos um pa\u00eds que usa aparelhos pr\u00e9-pagos e t\u00eam\u00a0 internet prec\u00e1ria. Isso ocorre em todas as idades. Sugerimos uma grande campanha de alfabetiza\u00e7\u00e3o e inclus\u00e3o digital.<\/p>\n<p>Sugerimos o est\u00edmulo urgente \u00e0 intergeracionalidade com a constru\u00e7\u00e3o de creches e escolas p\u00fablicas perto de centros dia e Institui\u00e7\u00f5es de Longa Perman\u00eancia para Pessoas Idosas (ILPIs) p\u00fablicas, possibilitando a conviv\u00eancia e projetos entre diferentes gera\u00e7\u00f5es.<\/p>\n<p>E sugerimos a realiza\u00e7\u00e3o de um\u00a0Censo Nacional sobre Cuidado, seja ele Remunerado ou N\u00e3o Remunerado. A proposta \u00e9 colocar (e manter) a quest\u00e3o do cuidado no centro do debate nacional.<\/p>\n<p>Al\u00e9m das quest\u00f5es de ra\u00e7a, g\u00eanero, classe social e local de moradia, \u00e9 urgente incluir cruzamentos com o n\u00famero de chefes de fam\u00edlia entre quem cuida e o n\u00famero de m\u00e3es e av\u00f3s solo. E avaliar categorias fundamentais como sa\u00fade f\u00edsica e mental \/adoecimento, endividamento e envelhecimento de quem cuida.&#8221;<\/p>\n<p>PS: Hoje \u00e9 o dia internacional de luta contra a AIDS, instituido h\u00e1 35 anos pela Organiza\u00e7\u00e3o das Na\u00e7\u00f5es Unidas (ONU) e pela Organiza\u00e7\u00e3o Mundial da Sa\u00fade (OMS). No Brasil, mais de um milh\u00e3o de pessoas convivem com a doen\u00e7a. Mas quase 200 mil ainda n\u00e3o se tratam, especialmente mulheres.<\/p>\n<p>PS 3: Nesta sexta-feira a ONG Eternamente Sou vai realizar o 6o. Semin\u00e1rio Velhices LGBT, com o tema Velhices Poss\u00edveis. O Semin\u00e1rio estar\u00e1 dispon\u00edvel no Instagram ou pelo Canal do YouTube da Eternamente Sou.<\/p>\n<p>PS 2: Estamos preparando a festa de quatro anos do Coletivo\u00a0 para o dia 16\/12. No mesmo dia, faremos a assembleia de formaliza\u00e7\u00e3o, a partir das 14h. <a href=\"https:\/\/drive.google.com\/file\/d\/1DsuWfcbSqDSvrOj6PuVncz-8vO5QavuG\/view?usp=sharing\">Edital com local retificado aqui<\/a>. Esperamos voc\u00eas!<\/p>\n","protected":false},"excerpt":{"rendered":"<p>Ana Castro &amp; Cosette Castro Bras\u00edlia &#8211; Esta semana participamos da\u00a0Audi\u00eancia P\u00fablica na C\u00e2mara Federal sobre os &#8220;Avan\u00e7os e Perspectivas para o Estatuto da Pessoa Idosa&#8221;. Cosette representou o Coletivo na mesa sobre Pol\u00edtica Nacional para o Cuidado Integral. A sua fala reflete algumas propostas do Coletivo sobre o tema. Cosette Castro &#8211; &#8220;Consideramos o cuidado, o direito a ser [&hellip;]<\/p>\n","protected":false},"author":126,"featured_media":0,"comment_status":"open","ping_status":"open","sticky":false,"template":"","format":"standard","meta":{"footnotes":""},"categories":[9,1],"tags":[3,897,2,119,20,986,7,14,5,724,107,988,4,632,937,987],"class_list":["post-1985","post","type-post","status-publish","format-standard","hentry","category-envelhecimento","category-sem-categoria","tag-autocuidado","tag-camara-dos-deputados","tag-cuidado","tag-cuidado-e-autocuidado","tag-cuidadoras-familiares","tag-cuidadoras-sem-remuneracao","tag-demencias","tag-direitos-humanos","tag-envelhecimento","tag-estatuto-da-pessoa-idosa","tag-etarismo","tag-eternamente-sou","tag-mulheres","tag-mulheres-idosas","tag-politica-nacional-de-cuidados-integrais-para-pessoas-com-alzheimer-e-outras-demencias","tag-pollitica-nacional-de-cuidados-integrais-para-pessoas-idosas"],"_links":{"self":[{"href":"https:\/\/blogs.correiobraziliense.com.br\/coletivo-filhas-da-mae\/wp-json\/wp\/v2\/posts\/1985","targetHints":{"allow":["GET"]}}],"collection":[{"href":"https:\/\/blogs.correiobraziliense.com.br\/coletivo-filhas-da-mae\/wp-json\/wp\/v2\/posts"}],"about":[{"href":"https:\/\/blogs.correiobraziliense.com.br\/coletivo-filhas-da-mae\/wp-json\/wp\/v2\/types\/post"}],"author":[{"embeddable":true,"href":"https:\/\/blogs.correiobraziliense.com.br\/coletivo-filhas-da-mae\/wp-json\/wp\/v2\/users\/126"}],"replies":[{"embeddable":true,"href":"https:\/\/blogs.correiobraziliense.com.br\/coletivo-filhas-da-mae\/wp-json\/wp\/v2\/comments?post=1985"}],"version-history":[{"count":6,"href":"https:\/\/blogs.correiobraziliense.com.br\/coletivo-filhas-da-mae\/wp-json\/wp\/v2\/posts\/1985\/revisions"}],"predecessor-version":[{"id":2001,"href":"https:\/\/blogs.correiobraziliense.com.br\/coletivo-filhas-da-mae\/wp-json\/wp\/v2\/posts\/1985\/revisions\/2001"}],"wp:attachment":[{"href":"https:\/\/blogs.correiobraziliense.com.br\/coletivo-filhas-da-mae\/wp-json\/wp\/v2\/media?parent=1985"}],"wp:term":[{"taxonomy":"category","embeddable":true,"href":"https:\/\/blogs.correiobraziliense.com.br\/coletivo-filhas-da-mae\/wp-json\/wp\/v2\/categories?post=1985"},{"taxonomy":"post_tag","embeddable":true,"href":"https:\/\/blogs.correiobraziliense.com.br\/coletivo-filhas-da-mae\/wp-json\/wp\/v2\/tags?post=1985"}],"curies":[{"name":"wp","href":"https:\/\/api.w.org\/{rel}","templated":true}]}}