{"id":1980,"date":"2023-11-27T07:10:11","date_gmt":"2023-11-27T10:10:11","guid":{"rendered":"https:\/\/blogs.correiobraziliense.com.br\/coletivo-filhas-da-mae\/?p=1980"},"modified":"2023-12-01T14:34:39","modified_gmt":"2023-12-01T17:34:39","slug":"todos-deveriamos-ter-um-amigo-alienigena","status":"publish","type":"post","link":"https:\/\/blogs.correiobraziliense.com.br\/coletivo-filhas-da-mae\/2023\/11\/27\/todos-deveriamos-ter-um-amigo-alienigena\/","title":{"rendered":"Todos Dever\u00edamos Ter um Amigo Alien\u00edgena"},"content":{"rendered":"<p>Ana Castro &amp; Cosette Castro<\/p>\n<p>Bras\u00edlia &#8211; Hoje vamos comentar o filme &#8220;Nosso Amigo Extraordin\u00e1rio&#8221;. Como falar de dem\u00eancia e solid\u00e3o entre pessoas acima de 60 anos sem cair no drama, na tristeza do esquecimento ou na caricatura de uma com\u00e9dia?<\/p>\n<p>Este \u00e9 o desafio acolhido por\u00a0Marc Turtletaub, diretor do filme &#8220;Nosso Amigo Extraordin\u00e1rio&#8221; (2023).\u00a0 A hist\u00f3ria re\u00fane tr\u00eas pessoas acima de\u00a0 60 anos que vivem sozinhas. Elas se encontram\u00a0 em torno de um amigo comum: um pequeno alien\u00edgena.<\/p>\n<p>Marc Turtletaub consegue mostrar equil\u00edbrio em uma obra que passou praticamente despercebida quando entrou em cartaz h\u00e1 poucos meses na Capital Federal.<\/p>\n<p>O filme de 1h30, atualmente dispon\u00edvel no Netflix, mostra a sensibilidade do diretor ao tratar de temas dif\u00edceis. (Assista o <a href=\"https:\/\/youtu.be\/01HmaYPAQME?si=V1zPl-azAvWUlQQb\">trailer aqui<\/a>)<\/p>\n<p>N\u00e3o \u00e9 f\u00e1cil lidar com a solid\u00e3o no envelhecimento. Nem falar sobre ela. Muito menos com o adoecimento na velhice. Ainda mais se a enfermidade\u00a0 vai aos poucos sequestrando a mem\u00f3ria e a autonomia.<\/p>\n<p>A obra nos apresenta o ativismo social de tr\u00eas pessoas idosas em uma pequena cidade na regi\u00e3o oeste da Pensilv\u00e2nia (EUA). Assim como apresenta aos poucos a hist\u00f3ria dos personagens.<\/p>\n<p>\u00c9 atrav\u00e9s da participa\u00e7\u00e3o nas reuni\u00f5es da C\u00e2mara Municipal que os vizinhos\u00a0Milton Robinson (Ben Kingsley),\u00a0Sandy (Harriet Sansom Harris) e Joice (Jane Curtin) se conhecem e compartilham a preocupa\u00e7\u00e3o com o bem-viver na cidade. E tamb\u00e9m se interessam pela vida uns dos outros.<\/p>\n<p>No filme o\u00a0 personagem de Ben Kingsley apresenta os primeiros sinais de dem\u00eancia. Um deles \u00e9 guardar objetos em locais inadequados, como uma lata de feij\u00e3o no arm\u00e1rio do banheiro. Ou o jornal no congelador. Ele tamb\u00e9m come\u00e7a a repetir as mesmas peti\u00e7\u00f5es nas sess\u00f5es da C\u00e2mara.<\/p>\n<p>Milton Robinson \u00e9 um bom homem. Tem a companhia da sua solid\u00e3o e das suas flores. E, eventualmente, da filha. Ele equilibra o cotidiano e uma r\u00edgida rotina entre o jardim, os programas de televis\u00e3o e as atividades cidad\u00e3s.<\/p>\n<p>Ele sabe que est\u00e1 se perdendo. Mas n\u00e3o quer admitir nem para si mesmo nem para a filha. N\u00e3o quer ter sua liberdade cerceada, nem causar problemas.<\/p>\n<p>Sua vizinha Sandy (Harriet Sansom Harris) \u00e9 uma vi\u00fava que reconhece os sintomas da dem\u00eancia. Ela resolve visitar o Sr. Robson. J\u00e1 a terceira vizinha,\u00a0Joice (Jane Curtin) quer saber o que os outros dois est\u00e3o fazendo.<\/p>\n<p>H\u00e1 uma met\u00e1fora na visita do alien\u00edgena no filme. Ele n\u00e3o fala, n\u00e3o chama aten\u00e7\u00e3o e tem metade do tamanho dos adultos. \u00c9 quase como uma crian\u00e7a que ainda n\u00e3o aprendeu a falar, mas se comunica pelos olhos.<\/p>\n<p>A rela\u00e7\u00e3o que se estabelece \u00e9 quase filial. Jules (nome dado ao visitante) \u00e9 &#8220;adotado&#8221; e protegido\u00a0 por Milton, Sandy e Joyce. Cada um a sua maneira. Ele \u00e9 o filho que n\u00e3o faz contato, a filha que n\u00e3o visita e os filhos que n\u00e3o nasceram.<\/p>\n<p>Apesar da presen\u00e7a funcional da filha de Milton, n\u00e3o h\u00e1 fam\u00edlias no filme. A fam\u00edlia vai se constituindo no decorrer da hist\u00f3ria. E comprova, atrav\u00e9s da fic\u00e7\u00e3o que as rela\u00e7\u00f5es de\u00a0 amizade podem ser mais amorosas e presentes que os la\u00e7os sangu\u00edneos. Principalmente em tempos de novos arranjos familiares e longevidade.<\/p>\n<p>N\u00e3o d\u00e1 pra comparar o roteiro de\u00a0 &#8221; Nosso Amigo Extraordin\u00e1rio&#8221; com a hist\u00f3ria de &#8220;ET&#8221;, embora algumas pessoas tenham ca\u00eddo nessa tenta\u00e7\u00e3o f\u00e1cil.<\/p>\n<p>E nem o diretor tem essa pretens\u00e3o. O filme\u00a0 &#8220;ET &#8221; de Steven Spielberg completou 40 anos em 2022 e a rela\u00e7\u00e3o se estabelecia com crian\u00e7as cujo pai havia ido embora.<\/p>\n<p>Em 2023 o alien\u00edgena de &#8220;Nosso Amigo Extraordin\u00e1rio&#8221; ganha uma fam\u00edlia humana de pessoas idosas que passam a se ajudar e cuidar mutuamente.<\/p>\n<p>A leveza do filme reside em contar delicadamente pequenos momentos da hist\u00f3ria de cada personagem, a rela\u00e7\u00e3o de cada um com o novo amigo e a rede de prote\u00e7\u00e3o m\u00fatua que estabelecem.<\/p>\n<p>A leveza \u00e9 uma constante, apesar da fragilidade que perpassa todo o filme. \u00c9 como um dente cariado esperando para ser levado ao dentista.<\/p>\n<p>O filme mostra a import\u00e2ncia de cultivar amigas e amigos presenciais. Sem preconceito. Eles nos possibilitam o conv\u00edvio di\u00e1rio com a diversidade e o diferente.<\/p>\n<p>Em tempos de tantas horas dedicadas ao mundo virtual e \u00e0 Internet, todos dever\u00edamos ter um amigo extraordin\u00e1rio. E lembrar que, em geral, o essencial est\u00e1 nas coisas e situa\u00e7\u00f5es mais simples.<\/p>\n<p>PS: No domingo, 26\/11, realizamos a Caminhada Solid\u00e1ria pela Elimina\u00e7\u00e3o da Viol\u00eancia Contra as Mulheres em parceria com grupos de trilhas do DF.\u00a0 (<a href=\"https:\/\/photos.app.goo.gl\/qojAm4DeYfbECJdYA\">Veja aqui as fotos e v\u00eddeos<\/a>). Foi um momento de preven\u00e7\u00e3o da sa\u00fade f\u00edsica e emocional, de encontros e reencontros, conviv\u00eancia com a natureza e pr\u00e1tica de cuidado coletivo em defesa das mulheres. Nos queremos vivas, seguras, saud\u00e1veis,\u00a0 ativas e livres.<\/p>\n<p>PS 2: Parab\u00e9ns \u00e0 UnB pela iniciativa de realizar, a partir de 2024, processo seletivo exclusivo\u00a0 para pessoas idosas voltarem a estudar em cursos de gradua\u00e7\u00e3o.<\/p>\n<p>PS 3: <strong>Reserve a agenda<\/strong>! No dia 16\/12, s\u00e1bado, 12h, no 2o. andar do Ed. Provid\u00eancia, na 601 Sul em Bras\u00edlia realizaremos a confraterniza\u00e7\u00e3o de 04 anos e tamb\u00e9m a assembleia de formaliza\u00e7\u00e3o do Coletivo Filhas da M\u00e3e.<\/p>\n","protected":false},"excerpt":{"rendered":"<p>Ana Castro &amp; Cosette Castro Bras\u00edlia &#8211; Hoje vamos comentar o filme &#8220;Nosso Amigo Extraordin\u00e1rio&#8221;. Como falar de dem\u00eancia e solid\u00e3o entre pessoas acima de 60 anos sem cair no drama, na tristeza do esquecimento ou na caricatura de uma com\u00e9dia? Este \u00e9 o desafio acolhido por\u00a0Marc Turtletaub, diretor do filme &#8220;Nosso Amigo Extraordin\u00e1rio&#8221; (2023).\u00a0 A hist\u00f3ria re\u00fane tr\u00eas pessoas [&hellip;]<\/p>\n","protected":false},"author":126,"featured_media":0,"comment_status":"open","ping_status":"open","sticky":false,"template":"","format":"standard","meta":{"footnotes":""},"categories":[9],"tags":[983,499,5,982,984,217,981,71,985],"class_list":["post-1980","post","type-post","status-publish","format-standard","hentry","category-envelhecimento","tag-ben-kingsley","tag-demencia","tag-envelhecimento","tag-et","tag-marc-turtletaub","tag-netflix","tag-nosso-amigo-extraordinario","tag-solidao","tag-steven-spielberg"],"_links":{"self":[{"href":"https:\/\/blogs.correiobraziliense.com.br\/coletivo-filhas-da-mae\/wp-json\/wp\/v2\/posts\/1980","targetHints":{"allow":["GET"]}}],"collection":[{"href":"https:\/\/blogs.correiobraziliense.com.br\/coletivo-filhas-da-mae\/wp-json\/wp\/v2\/posts"}],"about":[{"href":"https:\/\/blogs.correiobraziliense.com.br\/coletivo-filhas-da-mae\/wp-json\/wp\/v2\/types\/post"}],"author":[{"embeddable":true,"href":"https:\/\/blogs.correiobraziliense.com.br\/coletivo-filhas-da-mae\/wp-json\/wp\/v2\/users\/126"}],"replies":[{"embeddable":true,"href":"https:\/\/blogs.correiobraziliense.com.br\/coletivo-filhas-da-mae\/wp-json\/wp\/v2\/comments?post=1980"}],"version-history":[{"count":4,"href":"https:\/\/blogs.correiobraziliense.com.br\/coletivo-filhas-da-mae\/wp-json\/wp\/v2\/posts\/1980\/revisions"}],"predecessor-version":[{"id":1990,"href":"https:\/\/blogs.correiobraziliense.com.br\/coletivo-filhas-da-mae\/wp-json\/wp\/v2\/posts\/1980\/revisions\/1990"}],"wp:attachment":[{"href":"https:\/\/blogs.correiobraziliense.com.br\/coletivo-filhas-da-mae\/wp-json\/wp\/v2\/media?parent=1980"}],"wp:term":[{"taxonomy":"category","embeddable":true,"href":"https:\/\/blogs.correiobraziliense.com.br\/coletivo-filhas-da-mae\/wp-json\/wp\/v2\/categories?post=1980"},{"taxonomy":"post_tag","embeddable":true,"href":"https:\/\/blogs.correiobraziliense.com.br\/coletivo-filhas-da-mae\/wp-json\/wp\/v2\/tags?post=1980"}],"curies":[{"name":"wp","href":"https:\/\/api.w.org\/{rel}","templated":true}]}}