{"id":1937,"date":"2023-10-30T10:15:37","date_gmt":"2023-10-30T13:15:37","guid":{"rendered":"https:\/\/blogs.correiobraziliense.com.br\/coletivo-filhas-da-mae\/?p=1937"},"modified":"2023-10-30T18:43:32","modified_gmt":"2023-10-30T21:43:32","slug":"queremos-cuidado-inclusive-nas-estatisticas","status":"publish","type":"post","link":"https:\/\/blogs.correiobraziliense.com.br\/coletivo-filhas-da-mae\/2023\/10\/30\/queremos-cuidado-inclusive-nas-estatisticas\/","title":{"rendered":"Queremos Cuidado, Inclusive nas Estat\u00edsticas"},"content":{"rendered":"<p>Bras\u00edlia &#8211; Esse foi um fim de semana agitado que come\u00e7ou na sexta-feira quando o Instituto Brasileiro de Geografia e Estat\u00edstica (IBGE) divulgou as informa\u00e7\u00f5es coletadas sobre pessoas idosas no Brasil.<\/p>\n<p>Os dados mostraram um recorte parcial da popula\u00e7\u00e3o idosa ao n\u00e3o computar as pessoas na faixa de 60-64 anos neste grupo populacional. Elas representam cerca de 10 milh\u00f5es de pessoas no Brasil.<\/p>\n<p>O Estatuto da Pessoa Idosa, que acaba de completar 20 anos, disp\u00f5e que \u00e9 pessoa idosa aquela que completou 60 anos ou mais. E precisa ser obedecido.<\/p>\n<p>J\u00e1 os indicadores internacionais para fins de an\u00e1lise comparativa entre pa\u00edses trabalham com a faixa de 65 anos ou mais. Ainda assim, n\u00e3o \u00e9 motivo de apagamento daqueles que t\u00eam 60 a 64 anos no Brasil que, inclusive, podem ser prejudicados na hora de defini\u00e7\u00e3o de or\u00e7amento e pol\u00edticas p\u00fablicas.<\/p>\n<p>Os grupos de pesquisa e coletivos sobre envelhecimento saud\u00e1vel e ativo e sobre longevidade no pa\u00eds mostraram sua perplexidade e indigna\u00e7\u00e3o de diferentes formas.<\/p>\n<p>Enviaram mensagens ao IBGE, escreveram nota conjuntas, deram entrevistas e mobilizaram diferentes Conselhos Nacionais, como o da Sa\u00fade e o dos Direitos das Pessoas Idosas. Al\u00e9m disso, conversaram com pol\u00edticos que historicamente tratam da quest\u00e3o da pessoa idosa. O IBGE deve come\u00e7ar a refazer a inclus\u00e3o dos dados ainda esta semana.<\/p>\n<p>A an\u00e1lise do IBGE, no entanto, teve um ponto positivo. Mostrou a r\u00e1pida resposta dos grupos ligados ao tema do envelhecimento saud\u00e1vel e ativo e da longevidade de Norte ao Sul do pa\u00eds. N\u00e3o ficamos caladas e calados. Colocamos na pr\u00e1tica o slogan\u00a0&#8220;Nada de N\u00f3s Sem N\u00f3s&#8221;. Somos um pa\u00eds em r\u00e1pido processo de envelhecimento e pessoas idosas n\u00e3o podem ser deixadas de lado, independente se t\u00eam 60, 90 anos ou 100 anos.<\/p>\n<p><strong>Sobre a Pol\u00edtica Nacional de Cuidados<\/strong><\/p>\n<p>No s\u00e1bado, foi anunciada a abertura de consulta p\u00fablica para a Pol\u00edtica Nacional de Cuidados, que come\u00e7a nesta segunda-feira, 30\/10.<\/p>\n<p>O <a href=\"https:\/\/www.gov.br\/mds\/pt-br\/noticias-e-conteudos\/desenvolvimento-social\/noticias-desenvolvimento-social\/grupo-de-trabalho-interministerial-aprova-marco-conceitual-da-politica-nacional-de-cuidados\">an\u00fancio<\/a> foi feito um dia antes do Dia Internacional dos Cuidados (29\/10), data institu\u00edda pela Organiza\u00e7\u00e3o das Na\u00e7\u00f5es Unidas ( ONU) em 2023 para dar visibilidade ao trabalho gratuito de cuidado realizados pelas mulheres no mundo inteiro, inclusive no Brasil.<\/p>\n<p>Desde sua cria\u00e7\u00e3o o Coletivo Filhas da M\u00e3e vem estimulando reflex\u00f5es para passarmos de uma Sociedade da Viol\u00eancia para uma Sociedade do Cuidado. E tem v\u00e1rias propostas para contribuir com o Grupo Interministerial (GI). O GI, por sua vez, teve como primeira tarefa fazer o levantamento dos servi\u00e7os e a\u00e7\u00f5es existentes sobre cuidados nos diferentes minist\u00e9rios e secretarias e desenhar o marco conceitual para a pol\u00edtica nacional.<\/p>\n<p>S\u00e3o\u00a0 passos importantes. Mostra como o governo federal est\u00e1 fazendo o dever de casa e trabalhando conjuntamente. N\u00e3o se trata apenas da a\u00e7\u00e3o isolada de um ou dois minist\u00e9rios.\u00a0 E tamb\u00e9m como est\u00e1 aberto para receber as propostas da sociedade civil.<\/p>\n<p><a href=\"https:\/\/docs.google.com\/document\/d\/14at2xNJ88VUoIWjqX8gy1kC2c4XzF-Dk\/edit?usp=sharing&amp;ouid=116000504106464652242&amp;rtpof=true&amp;sd=true\">Conhe\u00e7a aqui as propostas<\/a> do Coletivo Filhas da M\u00e3e para criarmos uma Sociedade do Cuidado para todas as pessoas, respeitando g\u00eanero, ra\u00e7a, classe social, fragilidades, diferentes corpos e as idades, inclusive as pessoas\u00a0 com 60 anos ou mais. Uma Sociedade do Cuidado que contemple um sistema e pol\u00edticas integradas de cuidados.<\/p>\n<p>Aguardamos sua sugest\u00e3o e coment\u00e1rios sobre as propostas do Coletivo Filhas da M\u00e3e.<\/p>\n<p>Para participar da consulta p\u00fablica, entre\u00a0no\u00a0<a href=\"https:\/\/www.gov.br\/participamaisbrasil\/\">link\u00a0aqui.<\/a><\/p>\n<p>PS: Na ter\u00e7a-feira, dia 31\/10, acontecer\u00e1 ao vivo, das 19 \u00e0s 20h,\u00a0 a edi\u00e7\u00e3o de outubro do Programa Terceiras Inten\u00e7\u00f5es. Este m\u00eas o convidado \u00e9 o professor Vicente Faleiros, que acaba de receber o Pr\u00eamio Zilda Arns de Direitos da Pessoa Idosa pela C\u00e2mara dos Deputados.\u00a0 Para assistir e enviar perguntas ou coment\u00e1rios, <a href=\"https:\/\/www.youtube.com\/live\/YOJYiHzGlPA?si=5HeqBlbaG3SJEOpE\">acesse o link do Programa aqui\u00a0.<\/a><\/p>\n","protected":false},"excerpt":{"rendered":"<p>Bras\u00edlia &#8211; Esse foi um fim de semana agitado que come\u00e7ou na sexta-feira quando o Instituto Brasileiro de Geografia e Estat\u00edstica (IBGE) divulgou as informa\u00e7\u00f5es coletadas sobre pessoas idosas no Brasil. Os dados mostraram um recorte parcial da popula\u00e7\u00e3o idosa ao n\u00e3o computar as pessoas na faixa de 60-64 anos neste grupo populacional. Elas representam cerca de 10 milh\u00f5es de [&hellip;]<\/p>\n","protected":false},"author":126,"featured_media":0,"comment_status":"open","ping_status":"open","sticky":false,"template":"","format":"standard","meta":{"footnotes":""},"categories":[35],"tags":[2,948,947,376,287,213,553,905,345],"class_list":["post-1937","post","type-post","status-publish","format-standard","hentry","category-cuidado","tag-cuidado","tag-dia-internacional-do-cuidado","tag-grupo-interministerial","tag-ibge","tag-onu","tag-politica-nacional-de-cuidado","tag-programa-terceiras-intencoes","tag-sociedade-do-cuidado","tag-vicente-faleiros"],"_links":{"self":[{"href":"https:\/\/blogs.correiobraziliense.com.br\/coletivo-filhas-da-mae\/wp-json\/wp\/v2\/posts\/1937","targetHints":{"allow":["GET"]}}],"collection":[{"href":"https:\/\/blogs.correiobraziliense.com.br\/coletivo-filhas-da-mae\/wp-json\/wp\/v2\/posts"}],"about":[{"href":"https:\/\/blogs.correiobraziliense.com.br\/coletivo-filhas-da-mae\/wp-json\/wp\/v2\/types\/post"}],"author":[{"embeddable":true,"href":"https:\/\/blogs.correiobraziliense.com.br\/coletivo-filhas-da-mae\/wp-json\/wp\/v2\/users\/126"}],"replies":[{"embeddable":true,"href":"https:\/\/blogs.correiobraziliense.com.br\/coletivo-filhas-da-mae\/wp-json\/wp\/v2\/comments?post=1937"}],"version-history":[{"count":7,"href":"https:\/\/blogs.correiobraziliense.com.br\/coletivo-filhas-da-mae\/wp-json\/wp\/v2\/posts\/1937\/revisions"}],"predecessor-version":[{"id":1944,"href":"https:\/\/blogs.correiobraziliense.com.br\/coletivo-filhas-da-mae\/wp-json\/wp\/v2\/posts\/1937\/revisions\/1944"}],"wp:attachment":[{"href":"https:\/\/blogs.correiobraziliense.com.br\/coletivo-filhas-da-mae\/wp-json\/wp\/v2\/media?parent=1937"}],"wp:term":[{"taxonomy":"category","embeddable":true,"href":"https:\/\/blogs.correiobraziliense.com.br\/coletivo-filhas-da-mae\/wp-json\/wp\/v2\/categories?post=1937"},{"taxonomy":"post_tag","embeddable":true,"href":"https:\/\/blogs.correiobraziliense.com.br\/coletivo-filhas-da-mae\/wp-json\/wp\/v2\/tags?post=1937"}],"curies":[{"name":"wp","href":"https:\/\/api.w.org\/{rel}","templated":true}]}}