{"id":1930,"date":"2023-10-23T09:48:31","date_gmt":"2023-10-23T12:48:31","guid":{"rendered":"https:\/\/blogs.correiobraziliense.com.br\/coletivo-filhas-da-mae\/?p=1930"},"modified":"2023-10-23T09:48:31","modified_gmt":"2023-10-23T12:48:31","slug":"queremos-envelhecimento-ativo","status":"publish","type":"post","link":"https:\/\/blogs.correiobraziliense.com.br\/coletivo-filhas-da-mae\/2023\/10\/23\/queremos-envelhecimento-ativo\/","title":{"rendered":"Queremos Envelhecimento Ativo"},"content":{"rendered":"<p>AnaCastro &amp; Cosette Castro<\/p>\n<p>Bras\u00edlia &#8211; No m\u00eas da pessoa idosa e em que o Estatuto da Pessoa Idosa completa 20 anos, temos muito trabalho pela frente.<\/p>\n<p>Ainda mais em um pa\u00eds, como o Brasil, em acelerado processo de envelhecimento. Estamos entre os tr\u00eas pa\u00edses que envelhecem mais rapidamente do mundo, ao lado de China e Taiwan.<\/p>\n<p>Como se fosse pouco, temos 1.227 cidades no pa\u00eds cujo n\u00famero de pessoas idosas j\u00e1 ultrapassou o n\u00famero de crian\u00e7as e adolescentes. Entre elas est\u00e3o Santos (SP), Rio de Janeiro (RJ) e Porto Alegre (RS). Ali\u00e1s, as regi\u00f5es Sudeste e Sul concentram a maior parcela de popula\u00e7\u00e3o 60+ do pa\u00eds.<\/p>\n<p>Temos muitos desafios pela frente para construir um pa\u00eds com pol\u00edticas p\u00fablicas voltadas para o envelhecimento saud\u00e1vel e ativo.<\/p>\n<p>No Brasil, 55% das pessoas idosas s\u00e3o mulheres, mais de 70% das pessoas 60+ usam o SUS e a maioria segue contribuindo para a renda familiar, sustentando filhos e netos (IBGE, 2023).<\/p>\n<p>O empobrecimento das pessoas idosas no Brasil \u00e9 alarmante. At\u00e9 2020, 69% das pessoas 60+ (sobre)viviam com uma renda mensal de at\u00e9 dois sal\u00e1rios m\u00ednimos. Depois da pandemia a situa\u00e7\u00e3o piorou.<\/p>\n<p>Temos um longo caminho para deixar de ser apenas ser um pa\u00eds voltado para a doen\u00e7a e para a medicaliza\u00e7\u00e3o dos corpos.<\/p>\n<p>\u00c9 urgente garantir preven\u00e7\u00e3o de sa\u00fade integral desde a inf\u00e2ncia como um direito humano e dever do Estado. Queremos viver em um pa\u00eds onde esta e as pr\u00f3ximas gera\u00e7\u00f5es tenham direito a um envelhecimento com dignidade.<\/p>\n<p>Temos um longo caminho pela frente para deixar de ser um pa\u00eds preconceituoso, que idolatra a juventude, tentando congelar o tempo. Um Brasil que desdenha sua popula\u00e7\u00e3o idosa, negando hist\u00f3rias de vida e experi\u00eancias profissionais. Um pa\u00eds que relega \u00e0 invisibilidade e ao empobrecimento seus 60+.<\/p>\n<p>Semin\u00e1rios como o que ocorreu na semana passada na sede da Organiza\u00e7\u00e3o Pan-Americana de Sa\u00fade (OPAS), que reuniu gestores da \u00e1rea da sa\u00fadeve do envelhecimento, representantes de Conselhos nacionais, pesquisadores e movimentos sociais renovam nossa esperan\u00e7a. Semin\u00e1rios que discutem conjutamente pol\u00edticas nacionais de cuidado e envelhecimento, tamb\u00e9m.<\/p>\n<p>Paralelo \u00e0s mudan\u00e7as necess\u00e1rias, precisamos da implementa\u00e7\u00e3o do Estatuto da Pessoa Idosa que, mesmo depois de 20 anos, ainda n\u00e3o foi totalmente colocado em pr\u00e1tica. E precisamos atualizar o Estatuto, dada a nova realidade do envelhecimento populacional no Brasil.<\/p>\n<p><strong>Esta semana estamos em festa<\/strong><\/p>\n<p>Comemoramos com alegria a entrega do Pr\u00eamio Zilda Arns 2023 de Direitos Humanos ao professor Vicente Faleiros.\u00a0A cerim\u00f4nia vai acontecer no Sal\u00e3o Nobre da C\u00e2mara dos Deputados na pr\u00f3xima quarta-feira (25), \u00e0s 14h30 horas.<\/p>\n<p>Aos 82 anos, o professor em\u00e9rito da UnB \u00e9 uma refer\u00eancia para diferentes gera\u00e7\u00f5es na pesquisa e luta di\u00e1ria em defesa dos direitos das pessoas idosas. E tamb\u00e9m para n\u00f3s, do Coletivo Filhas da M\u00e3e.<\/p>\n<p>O envelhecimento saud\u00e1vel ativo n\u00e3o \u00e9 apenas uma quest\u00e3o individual. \u00c9 uma quest\u00e3o de coletiva que, finalmente, est\u00e1 entrando na agenda pol\u00edtica.<\/p>\n<p>Esperamos que entre tamb\u00e9m na agenda econ\u00f4mica, com garantia de or\u00e7amento e implementa\u00e7\u00e3o de pol\u00edticas p\u00fablicas em todo o pa\u00eds para os pr\u00f3ximos anos.<\/p>\n","protected":false},"excerpt":{"rendered":"<p>AnaCastro &amp; Cosette Castro Bras\u00edlia &#8211; No m\u00eas da pessoa idosa e em que o Estatuto da Pessoa Idosa completa 20 anos, temos muito trabalho pela frente. Ainda mais em um pa\u00eds, como o Brasil, em acelerado processo de envelhecimento. Estamos entre os tr\u00eas pa\u00edses que envelhecem mais rapidamente do mundo, ao lado de China e Taiwan. Como se fosse [&hellip;]<\/p>\n","protected":false},"author":126,"featured_media":0,"comment_status":"open","ping_status":"open","sticky":false,"template":"","format":"standard","meta":{"footnotes":""},"categories":[9],"tags":[942,5,341],"class_list":["post-1930","post","type-post","status-publish","format-standard","hentry","category-envelhecimento","tag-cidades","tag-envelhecimento","tag-envelhecimento-ativo"],"_links":{"self":[{"href":"https:\/\/blogs.correiobraziliense.com.br\/coletivo-filhas-da-mae\/wp-json\/wp\/v2\/posts\/1930","targetHints":{"allow":["GET"]}}],"collection":[{"href":"https:\/\/blogs.correiobraziliense.com.br\/coletivo-filhas-da-mae\/wp-json\/wp\/v2\/posts"}],"about":[{"href":"https:\/\/blogs.correiobraziliense.com.br\/coletivo-filhas-da-mae\/wp-json\/wp\/v2\/types\/post"}],"author":[{"embeddable":true,"href":"https:\/\/blogs.correiobraziliense.com.br\/coletivo-filhas-da-mae\/wp-json\/wp\/v2\/users\/126"}],"replies":[{"embeddable":true,"href":"https:\/\/blogs.correiobraziliense.com.br\/coletivo-filhas-da-mae\/wp-json\/wp\/v2\/comments?post=1930"}],"version-history":[{"count":1,"href":"https:\/\/blogs.correiobraziliense.com.br\/coletivo-filhas-da-mae\/wp-json\/wp\/v2\/posts\/1930\/revisions"}],"predecessor-version":[{"id":1931,"href":"https:\/\/blogs.correiobraziliense.com.br\/coletivo-filhas-da-mae\/wp-json\/wp\/v2\/posts\/1930\/revisions\/1931"}],"wp:attachment":[{"href":"https:\/\/blogs.correiobraziliense.com.br\/coletivo-filhas-da-mae\/wp-json\/wp\/v2\/media?parent=1930"}],"wp:term":[{"taxonomy":"category","embeddable":true,"href":"https:\/\/blogs.correiobraziliense.com.br\/coletivo-filhas-da-mae\/wp-json\/wp\/v2\/categories?post=1930"},{"taxonomy":"post_tag","embeddable":true,"href":"https:\/\/blogs.correiobraziliense.com.br\/coletivo-filhas-da-mae\/wp-json\/wp\/v2\/tags?post=1930"}],"curies":[{"name":"wp","href":"https:\/\/api.w.org\/{rel}","templated":true}]}}