{"id":1895,"date":"2023-10-02T08:45:42","date_gmt":"2023-10-02T11:45:42","guid":{"rendered":"https:\/\/blogs.correiobraziliense.com.br\/coletivo-filhas-da-mae\/?p=1895"},"modified":"2023-10-02T08:53:56","modified_gmt":"2023-10-02T11:53:56","slug":"todo-dia-e-dia-de-prevencao-e-cuidado","status":"publish","type":"post","link":"https:\/\/blogs.correiobraziliense.com.br\/coletivo-filhas-da-mae\/2023\/10\/02\/todo-dia-e-dia-de-prevencao-e-cuidado\/","title":{"rendered":"Todo Dia \u00e9 Dia de Preven\u00e7\u00e3o e Cuidado"},"content":{"rendered":"<p>Ana Castro, Cosette Castro &amp; Convidado<\/p>\n<p>Bras\u00edlia &#8211;\u00a0Come\u00e7amos outubro com o dia internacional da pessoa idosa e com a comemora\u00e7\u00e3o dos 20 anos do Estatuto da\u00a0 Pessoa Idosa (leia aqui).<\/p>\n<p>Teremos um m\u00eas repleto de atividades, inclusive no Coletivo Filhas da M\u00e3e. Uma agenda voltada para o envelhecimento saud\u00e1vel e ativo.<\/p>\n<p>Na manh\u00e3 desta segunda-feira, dia 02 de outubro, a partir das 9h, no Senado Federal, haver\u00e1 audi\u00eancia p\u00fablica\u00a0 presencial e <a href=\"https:\/\/www.youtube.com\/live\/n28n53xzUsI?si=6_AfLTU4FAUGF9cF\">online<\/a> sobre os 20 anos do Estatuto dos Direitos da Pessoa Idosa. A lei\u00a010.741\/2003, que criou o Estatuto, \u00e9 de autoria do Senador Paulo Paim ( PT\/RS).<\/p>\n<p>Mais uma vez nos unimos a parceiras e apoiadoras para dialogar sobre envelhecimento saud\u00e1vel, sobre preven\u00e7\u00e3o da sa\u00fade e sobre a necessidade de construir\u00a0 uma Sociedade do Cuidado. E seguimos multiplicando informa\u00e7\u00f5es sobre o problema social que as dem\u00eancias, entre elas o Alzheimer, representam.<\/p>\n<p>Hoje trazemos mais um convidado no Blog: o geriatra ga\u00facho Leandro Minozzo, autor do livro &#8220;Como Cuidar de um\u00a0 Familiar com Alzheimer e N\u00e3o Adoecer&#8221;. Assimc como n\u00f3s, Leandro acredita que a sociedade civil tem potencial para mudar o panorama das dem\u00eancias no Brasil.<\/p>\n<p>Leandro Minozzo &#8211;\u00a0 &#8220;As dem\u00eancias, em especial o Alzheimer, representam um avassalador desafio para fam\u00edlias inteiras. No Brasil,\u00a0 vivemos uma crise social pelas dem\u00eancias.<\/p>\n<p>isso ocorre por diferentes motivos.\u00a0 O primeiro \u00e9 o n\u00famero de pessoas acometidas: entre 2 a 2,4 milh\u00f5es de pessoas. Segundo \u00e9 a absurda falta de diagn\u00f3stico.<\/p>\n<p>Estima-se que mais de 70% das pessoas sequer recebeu o diagn\u00f3stico. O terceiro motivo \u00e9 a\u00a0 falta de uma linha de cuidado para atender essas pessoas e familiares que cuidam. Em geral,\u00a0\u00a0familiares que cuidam s\u00e3o invis\u00edveis e se encontram adoecidos.<\/p>\n<p>As datas &#8220;comemorativas&#8221; sobre doen\u00e7as apresentam essa ambival\u00eancia sem\u00e2ntica. Afinal, comemorar o qu\u00ea? Vivemos crise de falta de cuidado.\u00a0 Mas esta \u00e9 uma oportunidade para conscientizar a popula\u00e7\u00e3o e despertar a aten\u00e7\u00e3o dos pol\u00edticos.<\/p>\n<p>Sobre a possibilidade de comemora\u00e7\u00e3o e \u00e0 esperan\u00e7a por dias melhores, estamos em um caminho promissor. H\u00e1 mudan\u00e7a de perspectiva nas pol\u00edticas p\u00fablicas: passos est\u00e3o sendo dados.<\/p>\n<p>J\u00e1 tivemos v\u00e1rias leis sancionadas. A primeira lei em Jundia\u00ed (SP), passando pela aprova\u00e7\u00e3o de leis em outras cidades, como Novo Hamburgo e Porto Alegre (RS),\u00a0 S\u00e3o Paulo (SP). Temos a lei estadual 15820\/ 2020 (RS) e a importante Lei distrital 6.926\/2021 (DF)<\/p>\n<p>H\u00e1 um movimento da sociedade civil (ONGs, coletivos e entidades) provocando o poder p\u00fablico e orientando na elabora\u00e7\u00e3o de leis.<\/p>\n<p>Atualmente, h\u00e1 grande expectativa em rela\u00e7\u00e3o \u00e0 aprova\u00e7\u00e3o do Projeto de Lei (PL) 4.364\/20. Ele \u00e9 de autoria do Senador Paulo Paim e trata da cria\u00e7\u00e3o da Lei Nacional de Cuidado Integral em Alzheimer e outras dem\u00eancias.<\/p>\n<p>O PL j\u00e1 foi aprovado no Senado e se encontra agora na C\u00e2mara dos Deputados, com parecer favor\u00e1vel na Comiss\u00e3o de Constitui\u00e7\u00e3o e Justi\u00e7a (CCJ). H\u00e1 previs\u00e3o\u00a0 de chegar \u00e0 san\u00e7\u00e3o presidencial ainda neste ano.<\/p>\n<p>O texto do PL est\u00e1 de acordo com as diretrizes da Organiza\u00e7\u00e3o Mundial da Sa\u00fade (OMS) e aborda pontos importantes.<\/p>\n<p>Entre eles\u00a0a constru\u00e7\u00e3o participativa de um Plano Nacional de Dem\u00eancias, a aten\u00e7\u00e3o \u00e0s pessoas que cuidam, o uso da Medicina baseada em evid\u00eancias e o foco em preven\u00e7\u00e3o.<\/p>\n<p>Acredito que,\u00a0 em 2024, no pr\u00f3ximo setembro, haver\u00e1 resultados dessas leis, como o come\u00e7o do plano nacional, estudais, distritais e municipais de dem\u00eancia. E para isso \u00e9 fundamental a atua\u00e7\u00e3o da sociedade civil com olhar fraterno e perseveran\u00e7a&#8221;.<\/p>\n<p>N\u00f3s, do Coletivo Filhas da M\u00e3e, seguiremos apoiando Pol\u00edticas P\u00fablicas voltadas para pessoas com dem\u00eancias que incluam a preven\u00e7\u00e3o de sa\u00fade das pessoas que cuidam, familiares e profissionais. Tamb\u00e9m estimulamos a participa\u00e7\u00e3o da sociedade civil nas propostas a serem desenvolvidas e nos processos de monitoramento.<\/p>\n<p>Enquanto isso, na ter\u00e7a-feira, dia 03, estaremos na Ceil\u00e2ndia em uma atividade conjunta com o CREAS, com o CRAS e o Instituto M\u00e3os Amigas (IMA). A a\u00e7\u00e3o \u00e9 voltada para cuidadoras que vivem em situa\u00e7\u00e3o\u00a0 de fragilidade social.<\/p>\n<p>PS: Dia 29 de setembro encerramos as atividades do Setembro Roxo 2023 com a\u00e7\u00f5es informativas sobre dem\u00eancias, entre elas o Alzheimer, e est\u00edmulo \u00e0 sa\u00fade f\u00edsica e mental de quem cuida. Veja as fotos e v\u00eddeos compartilhados aqui.<\/p>\n","protected":false},"excerpt":{"rendered":"<p>Ana Castro, Cosette Castro &amp; Convidado Bras\u00edlia &#8211;\u00a0Come\u00e7amos outubro com o dia internacional da pessoa idosa e com a comemora\u00e7\u00e3o dos 20 anos do Estatuto da\u00a0 Pessoa Idosa (leia aqui). Teremos um m\u00eas repleto de atividades, inclusive no Coletivo Filhas da M\u00e3e. Uma agenda voltada para o envelhecimento saud\u00e1vel e ativo. Na manh\u00e3 desta segunda-feira, dia 02 de outubro, a [&hellip;]<\/p>\n","protected":false},"author":126,"featured_media":0,"comment_status":"open","ping_status":"open","sticky":false,"template":"","format":"standard","meta":{"footnotes":""},"categories":[9],"tags":[8,2,20,21,7,919,5,918,917,225,300,920,295,921,292],"class_list":["post-1895","post","type-post","status-publish","format-standard","hentry","category-envelhecimento","tag-alzheimer","tag-cuidado","tag-cuidadoras-familiares","tag-cuidadores-familiares","tag-demencias","tag-dia-internacional-da-pessoa-idosa","tag-envelhecimento","tag-estatuto-dos-direitos-da-pessoa-idosa","tag-leandro-mizzoni","tag-lei-6926-2021","tag-pessoas-idosas","tag-plano-nacional-de-demencias","tag-politicas-publicas-para-pessoas-idosas","tag-projeto-de-lei-4-364-2020","tag-senador-paulo-paim"],"_links":{"self":[{"href":"https:\/\/blogs.correiobraziliense.com.br\/coletivo-filhas-da-mae\/wp-json\/wp\/v2\/posts\/1895","targetHints":{"allow":["GET"]}}],"collection":[{"href":"https:\/\/blogs.correiobraziliense.com.br\/coletivo-filhas-da-mae\/wp-json\/wp\/v2\/posts"}],"about":[{"href":"https:\/\/blogs.correiobraziliense.com.br\/coletivo-filhas-da-mae\/wp-json\/wp\/v2\/types\/post"}],"author":[{"embeddable":true,"href":"https:\/\/blogs.correiobraziliense.com.br\/coletivo-filhas-da-mae\/wp-json\/wp\/v2\/users\/126"}],"replies":[{"embeddable":true,"href":"https:\/\/blogs.correiobraziliense.com.br\/coletivo-filhas-da-mae\/wp-json\/wp\/v2\/comments?post=1895"}],"version-history":[{"count":4,"href":"https:\/\/blogs.correiobraziliense.com.br\/coletivo-filhas-da-mae\/wp-json\/wp\/v2\/posts\/1895\/revisions"}],"predecessor-version":[{"id":1900,"href":"https:\/\/blogs.correiobraziliense.com.br\/coletivo-filhas-da-mae\/wp-json\/wp\/v2\/posts\/1895\/revisions\/1900"}],"wp:attachment":[{"href":"https:\/\/blogs.correiobraziliense.com.br\/coletivo-filhas-da-mae\/wp-json\/wp\/v2\/media?parent=1895"}],"wp:term":[{"taxonomy":"category","embeddable":true,"href":"https:\/\/blogs.correiobraziliense.com.br\/coletivo-filhas-da-mae\/wp-json\/wp\/v2\/categories?post=1895"},{"taxonomy":"post_tag","embeddable":true,"href":"https:\/\/blogs.correiobraziliense.com.br\/coletivo-filhas-da-mae\/wp-json\/wp\/v2\/tags?post=1895"}],"curies":[{"name":"wp","href":"https:\/\/api.w.org\/{rel}","templated":true}]}}