{"id":1892,"date":"2023-09-29T10:13:25","date_gmt":"2023-09-29T13:13:25","guid":{"rendered":"https:\/\/blogs.correiobraziliense.com.br\/coletivo-filhas-da-mae\/?p=1892"},"modified":"2023-09-29T10:13:25","modified_gmt":"2023-09-29T13:13:25","slug":"sobre-o-viver-e-o-morrer","status":"publish","type":"post","link":"https:\/\/blogs.correiobraziliense.com.br\/coletivo-filhas-da-mae\/2023\/09\/29\/sobre-o-viver-e-o-morrer\/","title":{"rendered":"Sobre o Viver e o Morrer"},"content":{"rendered":"<p>Ana Castro, Cosette Castro &amp; Convidadas<\/p>\n<p>Bras\u00edlia &#8211; No dia do encerramento da campanha do Setembro Roxo, m\u00eas mundial de conscientiza\u00e7\u00e3o sobre dem\u00eancias, entre elas o Alzheimer, abrimos espa\u00e7o no Blog para falar sobre sa\u00fade mental entre pessoas idosas.<\/p>\n<p>Nossas convidadas de hoje s\u00e3o Leandra Lofego, servidora p\u00fablica e participante do Coletivo Filhas da M\u00e3e, e Maria Em\u00edlia Bottini, psic\u00f3loga cl\u00ednica, com doutorado pela UnB. Elas escrevem a quatro m\u00e3os sobre suic\u00eddio no Brasil.<\/p>\n<p>Leandra Lofego e Maria Em\u00edlia Bottini &#8211; &#8220;Vamos fazer uma pausa e respirar? Que tal participar do grupo de caminhada? Temos uma programa\u00e7\u00e3o maravilhosa para este final de semana!&#8221;<\/p>\n<p>Esses s\u00e3o alguns dos chamados que recebemos no Coletivo Filhas da M\u00e3e.<\/p>\n<p>S\u00e3o chamados para ocupar-se de viver, para dar aten\u00e7\u00e3o ao autocuidado entre pessoas ocupadas de cuidar. Ou mesmo, ocupadas do morrer.<\/p>\n<p>Morrer \u00e9 parte do viver, mas, em geral, n\u00e3o temos consci\u00eancia disso. Sequer somos educadas para falar sobre isso. No geral esperamos pela morte. Mas, h\u00e1 os que, perdidos em um mar de dor, se ocupam de antecipar a pr\u00f3pria morte.<\/p>\n<p>O suic\u00eddio, um fen\u00f4meno que envolve v\u00e1rios fatores, \u00e9 um ato deliberado cujo resultado \u00e9 o fim da vida. O fim da esperan\u00e7a.<\/p>\n<p>Diferente do que muitas pessoas imaginam, o suic\u00eddio pode estar presente em qualquer fase do desenvolvimento humano. Mas atinge especialmente pessoas idosas.<\/p>\n<p><a href=\"https:\/\/repositorio.usp.br\/item\/003035872\">Estudo da USP<\/a> ( 2021) mostra que pessoas idosas apresentam um risco de suic\u00eddio 47% maior que o restante da popula\u00e7\u00e3o. Entre este grupo, homens\u00a0 idosos morrem mais que mulheres.<\/p>\n<p>S\u00e3o cerca de 15 homens para 100 mil pessoas e aproximadamente 3 mulheres para a mesma base. Ao longo dos anos, essa taxa vem aumentando para homens e diminuindo para mulheres. Isso nos chama aten\u00e7\u00e3o especial para o homem idoso, para risco que representa e para a fragilidade que tenta esconder.<\/p>\n<p><strong>Longevidade<\/strong><\/p>\n<p>No Brasil, envelhecer \u00e9 uma novidade.<\/p>\n<p>A novidade \u00e9 o crescimento em n\u00fameros absolutos e a possibilidade de viver anos a mais do que gera\u00e7\u00f5es anteriores. No entanto, pessoas idosas, al\u00e9m de sofrerem preconceito por idade (etarismo) enfrentam cada vez mais, e por mais tempo, perdas pessoais.<\/p>\n<p>Elas e eles se sentem solit\u00e1rios e abandonados, particularmente quando n\u00e3o t\u00eam um projeto de vida e n\u00e3o possuem vida social.<\/p>\n<p>Pessoas idosas tamb\u00e9m se deparam com o desafio de se sentirem &#8220;in\u00fateis&#8221; por causa da perda de autonomia e pela presen\u00e7a de doen\u00e7as cr\u00f4nicas. Ou pelo desenvolvimento de transtornos mentais, muitas vezes n\u00e3o reconhecidos e tratados.<\/p>\n<p>Acrescente-se a isso a pouca chance de aposentadoria e os baixos valores, particularmente no caso do INSS. Pessoas 60 mais enfrentam empobrecimento financeiro e a perda da qualidade de vida.<\/p>\n<p>Neste contexto se instala o desamparo e a depress\u00e3o, sitia\u00e7\u00f5es que aumentam o risco do suic\u00eddio no envelhecimento. Eles corroboram com o esvaziamento e perda de sentido da vida, ampliando a consci\u00eancia da finitude de si. Isso pode ser muito dif\u00edcil de lidar e pode levar ao desejo de morrer.<\/p>\n<p>Caso uma pessoa idosa apresente tristeza persistente \u00e9 importante direcionar esfor\u00e7os para ajud\u00e1-la. Um primeiro passo \u00e9 a consulta a especialistas, como psiquiatras e psic\u00f3logas, assim como buscar outras ajudas no sistema de sa\u00fade.<\/p>\n<p>\u00c9 importante acolher a dor da pessoa em sofrimento mental. Isso pode ser feito oferecendo espa\u00e7o para a pessoa idosa expressar sua dor e sofrimento, valorizando suas queixas e ouvindo as hist\u00f3rias que essa pessoa tem para contar.<\/p>\n<p>Temos algumas sugest\u00f5es para estimular a pessoa idosa. Uma delas \u00e9 fazer um di\u00e1rio de suas mem\u00f3rias. Outra \u00e9 realizar caminhadas coletivas, ler textos curtos e jogar com outras pessoas.<\/p>\n<p>Outras sugest\u00f5es incluem visitar pessoas queridas,\u00a0 tomar sol, ouvir m\u00fasica e participar de rituais religiosos e\/ou espirituais. Tudo isso pode ajudar no processo para devolver cor e energia \u00e0 pessoa idosa sem esperan\u00e7a.<\/p>\n<p>Viver \u00e9 desafiador, mas \u00e9 poss\u00edvel encontrar poesia nas pequenas coisas. Fazer amizade com o inesperado. Contemplar a beleza de estar vivo percebendo que a cada segundo tudo pode mudar.<\/p>\n<p>Depois do inverno, a primavera chega com suas cores e flores. \u00c9 um bom momento para ocupar-se do viver.<\/p>\n<p><strong>Fechamento do Setembro Roxo<\/strong><\/p>\n<p>Nesta sexta-feira faremos o encerramento do Setembro Roxo 2023 com um encontro especial \u00e0s 18h, na quadra 507 da W3 Sul. Ser\u00e1 um bom momento para o abra\u00e7o e para o afeto.<\/p>\n<p>Al\u00e9m disso, haver\u00e1 Roda de Choro, cinema no Beco com v\u00eddeo sobre Cuidado e a instala\u00e7\u00e3o de \u00e1udio Pequeno Roteiro da Mem\u00f3ria. Voc\u00ea poder\u00e1 acompanhar a finaliza\u00e7\u00e3o da arte na rua sobre Cuidado, Mem\u00f3ria e Sa\u00fade Mental.<\/p>\n<p>PS: No domingo, dia 1o de outubro, dia internacional da pessoa idosa, \u00e9 tamb\u00e9m o dia de eleger uma pessoa para o Conselho Tutelar de sua Regi\u00e3o. As crian\u00e7as brasileiras merecem cuidado e acompanhamento. <a href=\"https:\/\/eleicao.sejus.df.gov.br\/?consulta=true\">Veja aqui<\/a> o local de vota\u00e7\u00e3o usando o t\u00edtulo eleitoral. Este ano o local de vota\u00e7\u00e3o pode ser diferente.<\/p>\n<p>&nbsp;<\/p>\n","protected":false},"excerpt":{"rendered":"<p>Ana Castro, Cosette Castro &amp; Convidadas Bras\u00edlia &#8211; No dia do encerramento da campanha do Setembro Roxo, m\u00eas mundial de conscientiza\u00e7\u00e3o sobre dem\u00eancias, entre elas o Alzheimer, abrimos espa\u00e7o no Blog para falar sobre sa\u00fade mental entre pessoas idosas. Nossas convidadas de hoje s\u00e3o Leandra Lofego, servidora p\u00fablica e participante do Coletivo Filhas da M\u00e3e, e Maria Em\u00edlia Bottini, psic\u00f3loga [&hellip;]<\/p>\n","protected":false},"author":126,"featured_media":0,"comment_status":"open","ping_status":"open","sticky":false,"template":"","format":"standard","meta":{"footnotes":""},"categories":[137],"tags":[105,3,119,5,107,915,916,300,271,272],"class_list":["post-1892","post","type-post","status-publish","format-standard","hentry","category-saude-mental","tag-ageismo","tag-autocuidado","tag-cuidado-e-autocuidado","tag-envelhecimento","tag-etarismo","tag-leandra-lofego","tag-maria-emilia-bottini","tag-pessoas-idosas","tag-setembro-amarelo","tag-suicidio"],"_links":{"self":[{"href":"https:\/\/blogs.correiobraziliense.com.br\/coletivo-filhas-da-mae\/wp-json\/wp\/v2\/posts\/1892","targetHints":{"allow":["GET"]}}],"collection":[{"href":"https:\/\/blogs.correiobraziliense.com.br\/coletivo-filhas-da-mae\/wp-json\/wp\/v2\/posts"}],"about":[{"href":"https:\/\/blogs.correiobraziliense.com.br\/coletivo-filhas-da-mae\/wp-json\/wp\/v2\/types\/post"}],"author":[{"embeddable":true,"href":"https:\/\/blogs.correiobraziliense.com.br\/coletivo-filhas-da-mae\/wp-json\/wp\/v2\/users\/126"}],"replies":[{"embeddable":true,"href":"https:\/\/blogs.correiobraziliense.com.br\/coletivo-filhas-da-mae\/wp-json\/wp\/v2\/comments?post=1892"}],"version-history":[{"count":1,"href":"https:\/\/blogs.correiobraziliense.com.br\/coletivo-filhas-da-mae\/wp-json\/wp\/v2\/posts\/1892\/revisions"}],"predecessor-version":[{"id":1893,"href":"https:\/\/blogs.correiobraziliense.com.br\/coletivo-filhas-da-mae\/wp-json\/wp\/v2\/posts\/1892\/revisions\/1893"}],"wp:attachment":[{"href":"https:\/\/blogs.correiobraziliense.com.br\/coletivo-filhas-da-mae\/wp-json\/wp\/v2\/media?parent=1892"}],"wp:term":[{"taxonomy":"category","embeddable":true,"href":"https:\/\/blogs.correiobraziliense.com.br\/coletivo-filhas-da-mae\/wp-json\/wp\/v2\/categories?post=1892"},{"taxonomy":"post_tag","embeddable":true,"href":"https:\/\/blogs.correiobraziliense.com.br\/coletivo-filhas-da-mae\/wp-json\/wp\/v2\/tags?post=1892"}],"curies":[{"name":"wp","href":"https:\/\/api.w.org\/{rel}","templated":true}]}}