{"id":1853,"date":"2023-09-15T09:30:59","date_gmt":"2023-09-15T12:30:59","guid":{"rendered":"https:\/\/blogs.correiobraziliense.com.br\/coletivo-filhas-da-mae\/?p=1853"},"modified":"2023-09-18T22:33:16","modified_gmt":"2023-09-19T01:33:16","slug":"a-caminhada-da-memoria-2023-esta-chegando","status":"publish","type":"post","link":"https:\/\/blogs.correiobraziliense.com.br\/coletivo-filhas-da-mae\/2023\/09\/15\/a-caminhada-da-memoria-2023-esta-chegando\/","title":{"rendered":"A Caminhada da Mem\u00f3ria 2023 Est\u00e1 Chegando"},"content":{"rendered":"<p>Ana Castro &amp; Cosette Castro<\/p>\n<p>Bras\u00edlia &#8211; Estamos em pleno Setembro Roxo, m\u00eas mundial de conscientiza\u00e7\u00e3o sobre Alzheimer e outras dem\u00eancias com uma agenda lotada de atividades\u00a0 presenciais e online abertas \u00e0 comunidade.<\/p>\n<p>A cada semana oferecemos atividades voltadas para preven\u00e7\u00e3o da sa\u00fade f\u00edsica e emocional e para o est\u00edmulo cognitivo atrav\u00e9s de eventos culturais e l\u00fadicos para quem cuida.\u00a0 Tamb\u00e9m\u00a0 disponibilizamos informa\u00e7\u00f5es sobre dem\u00eancias. Conhe\u00e7a aqui a <a href=\"https:\/\/docs.google.com\/document\/d\/1l3btQI-e1vaJlZNJuU4GoZDwZT51QKaq\/edit?rtpof=true&amp;sd=true\">programa\u00e7\u00e3o atualizada<\/a>.<\/p>\n<p>Hoje estamos felizes em lan\u00e7ar a <strong>Caminhada da Mem\u00f3ria 2023<\/strong>, que acontecer\u00e1 no domingo, 24 de setembro, uma realiza\u00e7\u00e3o do Coletivo Filhas da M\u00e3e com a UnB e v\u00e1rios apoiadores.<\/p>\n<p>Anote na agenda: a concentra\u00e7\u00e3o\u00a0 ser\u00e1 \u00e0s 8h na Quadra 504 da W3 Sul em Bras\u00edlia, com\u00a0 sa\u00edda prevista para \u00e0s 8h30. A condu\u00e7\u00e3o estar\u00e1 a cargo do grupo Caminhadas de Bras\u00edlia, (GCB), que apoia o projeto.<\/p>\n<p>Este \u00e9 o segundo ano consecutivo que realizaremos a Caminhada da Mem\u00f3ria, um evento gratuito, aberto para toda fam\u00edlia. Teremos atividades p\u00f3s-Caminhada at\u00e9 \u00e0s 12h da manh\u00e3 de domingo no Circuito Cultural da Asa Sul, localizado entre as Quadras 504 at\u00e9 a 510 da W3 Sul.<\/p>\n<p>Sabemos a import\u00e2ncia de estimular a sa\u00fade f\u00edsica e mental das pessoas que cuidam seus familiares.<\/p>\n<p>Sem cuidado coletivo e autocuidado,\u00a0 as cuidadoras familiares e suas fam\u00edlias correm um alto risco de adoecer no decorrer dos anos de cuidado. E isso pode gerar um ciclo sem fim de novas doen\u00e7as no meio familiar.\u00a0 Por isso, no evento de 2023 mesclamos atividades f\u00edsicas, terapias integrativas, atividades art\u00edsticas e culturais, assim como informa\u00e7\u00f5es sobre preven\u00e7\u00e3o da dem\u00eancias.<\/p>\n<p><img loading=\"lazy\" decoding=\"async\" class=\" wp-image-1854 aligncenter\" src=\"https:\/\/blogs.correiobraziliense.com.br\/coletivo-filhas-da-mae\/wp-content\/uploads\/sites\/60\/2023\/09\/caminhada-da-mem\u00f3ria2023-300x300.jpg\" alt=\"\" width=\"323\" height=\"323\" srcset=\"https:\/\/blogs.correiobraziliense.com.br\/coletivo-filhas-da-mae\/wp-content\/uploads\/sites\/60\/2023\/09\/caminhada-da-mem\u00f3ria2023-300x300.jpg 300w, https:\/\/blogs.correiobraziliense.com.br\/coletivo-filhas-da-mae\/wp-content\/uploads\/sites\/60\/2023\/09\/caminhada-da-mem\u00f3ria2023-150x150.jpg 150w, https:\/\/blogs.correiobraziliense.com.br\/coletivo-filhas-da-mae\/wp-content\/uploads\/sites\/60\/2023\/09\/caminhada-da-mem\u00f3ria2023-768x768.jpg 768w, https:\/\/blogs.correiobraziliense.com.br\/coletivo-filhas-da-mae\/wp-content\/uploads\/sites\/60\/2023\/09\/caminhada-da-mem\u00f3ria2023-800x800.jpg 800w, https:\/\/blogs.correiobraziliense.com.br\/coletivo-filhas-da-mae\/wp-content\/uploads\/sites\/60\/2023\/09\/caminhada-da-mem\u00f3ria2023-550x550.jpg 550w, https:\/\/blogs.correiobraziliense.com.br\/coletivo-filhas-da-mae\/wp-content\/uploads\/sites\/60\/2023\/09\/caminhada-da-mem\u00f3ria2023-230x230.jpg 230w, https:\/\/blogs.correiobraziliense.com.br\/coletivo-filhas-da-mae\/wp-content\/uploads\/sites\/60\/2023\/09\/caminhada-da-mem\u00f3ria2023.jpg 1024w\" sizes=\"auto, (max-width: 323px) 100vw, 323px\" \/><\/p>\n<p style=\"text-align: center\">A partir de hoje voc\u00ea j\u00e1 pode se inscrever <a href=\"https:\/\/www.sympla.com.br\/evento\/caminhada-da-memoria-2023\/2161094?share_id=copiarlink\">gratuitamente aqui<\/a><\/p>\n<p>No Projeto <strong>Filhas da M\u00e3e Contam Hist\u00f3rias<\/strong> desta sexta-feira a convidada \u00e9 Adriana Silva, professora aposentada da Secretaria de Educa\u00e7\u00e3o do Distrito Federal que, desde 2022, \u00e9\u00a0 co-cuidadora dos pais idosos. Em maio do ano passado, sua m\u00e3e, D. Renilde, de 82 anos, foi diagnosticada com dem\u00eancia.<\/p>\n<p><strong>Adriana Silva<\/strong> &#8211; &#8220;Gostaria muito de come\u00e7ar a escrever mencionando a esta\u00e7\u00e3o do ano, porque acho muito chique, mas na verdade, pouco importa qual era. O ano passado foi de muito aprendizado, para n\u00e3o dizer que foi de lascar, como costuma dizer uma amiga.<\/p>\n<p>Foram duas interna\u00e7\u00f5es, muito pr\u00f3ximas uma da outra, na Unidade de Tratamento Intensivo (UTI) do Hospital Santa L\u00facia Norte. Uma em maio, e a outra, a mais longa at\u00e9 hoje, de julho at\u00e9 agosto de 2022.<\/p>\n<p>At\u00e9 ent\u00e3o\u00a0 nosso pai assumia todos os cuidados com a &#8220;minha senhora&#8221;, nossa m\u00e3e, como ele costuma cham\u00e1-la. Isso era motivo de orgulho para ele, pois sempre foi um homem muito saud\u00e1vel. Mas como o tempo n\u00e3o perdoa, o cansa\u00e7o chegou. Mesmo a contragosto, ele teve que come\u00e7ar a dividir conosco a responsabilidade dos cuidados com a nossa m\u00e3e, com a casa e com as finan\u00e7as.<\/p>\n<p>Nem preciso comentar sobre como esses momentos s\u00e3o dif\u00edceis, nos deixando inseguras e apreensivas. Assim nos tornamos filhas cuidadoras. E, nesta trajet\u00f3ria\u00a0 fui apresentada, e passei a fazer parte do Coletivo Filhas da M\u00e3e, um grupo de apoio que me acolheu com muito carinho, e tem sido um suporte nesta caminhada.<\/p>\n<p>Nossa m\u00e3e est\u00e1 na fase considerada inicial da dem\u00eancia. \u00c9 diab\u00e9tica, hipertensa, portadora de hipotireodismo e Distrofia de Fuchs, um tipo de distrofia corneana que tem uma progress\u00e3o lenta e afeta os dois olhos. Associado ao glaucoma e \u00e0 diabetes, tirou dela a vis\u00e3o, mas n\u00e3o a criatividade, o bom humor e o gosto pelas can\u00e7\u00f5es do Rei, Roberto Carlos.<\/p>\n<p>E foi assim que, no hospital, \u00a0entre aparelhos, equipe m\u00e9dica e de enfermagem, e tudo mais que pertence \u00e0quele ambiente, que a m\u00e3e come\u00e7ou a parodiar can\u00e7\u00f5es de Roberto Carlos. E usou o card\u00e1pio que ela tanto aprecia transformando-o em um card\u00e1pio musical: arroz branquinho, mandioca que desmancha na boca e carne de porco, sem perder a afina\u00e7\u00e3o e a melodia.<\/p>\n<p>Ela cantava com tanto gosto que dava at\u00e9 \u00e1gua na boca. S\u00f3 esqueceu de incluir o pequi, fruto t\u00e3o apreciado por n\u00f3s, tirando o pai que morre de medo dos espinhos.&#8221;<\/p>\n<p>Aproveite e <a href=\"https:\/\/www.youtube.com\/watch?si=PEVxnlR-yNig-_6X&amp;v=sS7dMnE30OM&amp;feature=youtu.be\">escute aqui<\/a> a m\u00fasica de Roberto Carlos\u00a0 preferida de D. Renilde.<\/p>\n<p>PS: Quarta-feira, dia 20\/09, das 19 \u00e0s 20h, teremos\u00a0<span style=\"font-weight: 400\"><strong>Programa Terceiras Inten\u00e7\u00f5es Especial Setembro Roxo<\/strong> no canal do YouTube\u00a0 <em>Filhas da M\u00e3e Coletivo<\/em>. A entrevistada de setembro \u00e9 a geriatra Andrea Prates, de S\u00e3o Paulo.\u00a0<\/span><\/p>\n","protected":false},"excerpt":{"rendered":"<p>Ana Castro &amp; Cosette Castro Bras\u00edlia &#8211; Estamos em pleno Setembro Roxo, m\u00eas mundial de conscientiza\u00e7\u00e3o sobre Alzheimer e outras dem\u00eancias com uma agenda lotada de atividades\u00a0 presenciais e online abertas \u00e0 comunidade. A cada semana oferecemos atividades voltadas para preven\u00e7\u00e3o da sa\u00fade f\u00edsica e emocional e para o est\u00edmulo cognitivo atrav\u00e9s de eventos culturais e l\u00fadicos para quem cuida.\u00a0 [&hellip;]<\/p>\n","protected":false},"author":126,"featured_media":0,"comment_status":"open","ping_status":"open","sticky":false,"template":"","format":"standard","meta":{"footnotes":""},"categories":[18],"tags":[912,8,662,3,911,2,20,21,7,540,553,913,263,543],"class_list":["post-1853","post","type-post","status-publish","format-standard","hentry","category-alzheimer","tag-adriana-silva","tag-alzheimer","tag-andrea-prates","tag-autocuidado","tag-caminhada-da-memoria-2023","tag-cuidado","tag-cuidadoras-familiares","tag-cuidadores-familiares","tag-demencias","tag-grupo-caminhadas-de-brasilia","tag-programa-terceiras-intencoes","tag-roberto-carlos","tag-setembro-roxo","tag-unb"],"_links":{"self":[{"href":"https:\/\/blogs.correiobraziliense.com.br\/coletivo-filhas-da-mae\/wp-json\/wp\/v2\/posts\/1853","targetHints":{"allow":["GET"]}}],"collection":[{"href":"https:\/\/blogs.correiobraziliense.com.br\/coletivo-filhas-da-mae\/wp-json\/wp\/v2\/posts"}],"about":[{"href":"https:\/\/blogs.correiobraziliense.com.br\/coletivo-filhas-da-mae\/wp-json\/wp\/v2\/types\/post"}],"author":[{"embeddable":true,"href":"https:\/\/blogs.correiobraziliense.com.br\/coletivo-filhas-da-mae\/wp-json\/wp\/v2\/users\/126"}],"replies":[{"embeddable":true,"href":"https:\/\/blogs.correiobraziliense.com.br\/coletivo-filhas-da-mae\/wp-json\/wp\/v2\/comments?post=1853"}],"version-history":[{"count":5,"href":"https:\/\/blogs.correiobraziliense.com.br\/coletivo-filhas-da-mae\/wp-json\/wp\/v2\/posts\/1853\/revisions"}],"predecessor-version":[{"id":1859,"href":"https:\/\/blogs.correiobraziliense.com.br\/coletivo-filhas-da-mae\/wp-json\/wp\/v2\/posts\/1853\/revisions\/1859"}],"wp:attachment":[{"href":"https:\/\/blogs.correiobraziliense.com.br\/coletivo-filhas-da-mae\/wp-json\/wp\/v2\/media?parent=1853"}],"wp:term":[{"taxonomy":"category","embeddable":true,"href":"https:\/\/blogs.correiobraziliense.com.br\/coletivo-filhas-da-mae\/wp-json\/wp\/v2\/categories?post=1853"},{"taxonomy":"post_tag","embeddable":true,"href":"https:\/\/blogs.correiobraziliense.com.br\/coletivo-filhas-da-mae\/wp-json\/wp\/v2\/tags?post=1853"}],"curies":[{"name":"wp","href":"https:\/\/api.w.org\/{rel}","templated":true}]}}