{"id":1836,"date":"2023-09-04T08:40:04","date_gmt":"2023-09-04T11:40:04","guid":{"rendered":"https:\/\/blogs.correiobraziliense.com.br\/coletivo-filhas-da-mae\/?p=1836"},"modified":"2023-09-04T08:42:47","modified_gmt":"2023-09-04T11:42:47","slug":"a-sociedade-do-cuidado-comeca-por-voce","status":"publish","type":"post","link":"https:\/\/blogs.correiobraziliense.com.br\/coletivo-filhas-da-mae\/2023\/09\/04\/a-sociedade-do-cuidado-comeca-por-voce\/","title":{"rendered":"A Sociedade do Cuidado Come\u00e7a por Voc\u00ea"},"content":{"rendered":"<p>Ana Castro &amp; Cosette Castro<\/p>\n<p>Bras\u00edlia &#8211; H\u00e1 muitas formas de falar sobre dem\u00eancias, entre elas o Alzheimer.<\/p>\n<p>\u00c9 poss\u00edvel\u00a0 contar que s\u00e3o doen\u00e7as neurodegenerativas sem cura, progressivas, mas trat\u00e1veis. Informa\u00e7\u00e3o pode melhorar a qualidade de vida de quem j\u00e1 foi diagnosticado. E tamb\u00e9m a vida das cuidadoras familiares, sobrecarregadas f\u00edsica e emocionalmente, em geral carentes de informa\u00e7\u00e3o.<\/p>\n<p>Existem os eventos cient\u00edficos, os debates, as\u00a0 entrevistas com especialistas. As pesquisas acad\u00eamicas em diferentes \u00e1reas do saber apresentadas e multiplicadas em congressos, semin\u00e1rios, revistas e livros acad\u00eamicos.<\/p>\n<p>H\u00e1 o\u00a0 trabalho formiguinha das redes de apoio, muitas vezes invis\u00edvel, voltados para pequenos, m\u00e9dios e grandes grupos de pessoas que cuidam, muitos deles dispersos. Elas tem import\u00e2ncia vital para cuidadoras familiares que convivem diariamente com as dem\u00eancias. Ali\u00a0 elas compartilham informa\u00e7\u00f5es sobre a doen\u00e7a, d\u00favidas e experi\u00eancias.<\/p>\n<p>Existem tamb\u00e9m propostas de atividades na rua, que ajudam a circular informa\u00e7\u00f5es sobre dem\u00eancias, suas caracter\u00edsticas e formas de preven\u00e7\u00e3o junto \u00e0 popula\u00e7\u00e3o.<\/p>\n<p>H\u00e1 quem aproveite festas populares, como o Carnaval para falar de forma l\u00fadica sobre dem\u00eancias, quem cuida de quem cuida, solid\u00e3o, mem\u00f3ria e medo. Em tom de brincadeira, mas muito a s\u00e9rio. Este \u00e9 o caso do Coletivo Filhas da M\u00e3e.<\/p>\n<p>As atividades de rua podem ocorrer nos pontos de grande\u00a0 circula\u00e7\u00e3o de pessoas, como terminais de \u00f4nibus,\u00a0 rodovi\u00e1rias locais, estaduais\/nacionais, ferrovi\u00e1rias e metr\u00f4s. Ou em parques, onde muitas pessoas aproveitam o fim de semana.<\/p>\n<p>No <strong>Setembro Roxo de 2023<\/strong>, m\u00eas mundial de conscientiza\u00e7\u00e3o sobre Alzheimer e outras dem\u00eancias, abrimos a programa\u00e7\u00e3o do m\u00eas no domingo, 03, no Parque Olhos D&#8217;\u00c1gua, em Bras\u00edlia.<\/p>\n<p>Abrimos espa\u00e7o para a m\u00fasica, para a natureza e para o autocuidado coletivo em um Piquenique Musical. Uma parceria com o Coletivo Caf\u00e9 com Chorinho.<\/p>\n<p>No Parque Olhos D\u2019\u00c1gua tamb\u00e9m entregamos cerca de 250 folhetos sobre os 12 pontos de preven\u00e7\u00e3o das dem\u00eancias durante 02 horas, das 10 \u00e0s 12h. <a href=\"https:\/\/photos.app.goo.gl\/nQfqv96Tn8rJUcun7\">Veja as fotos aqui.<\/a><\/p>\n<p>As cuidadoras familiares conversaram com as pessoas sobre o que s\u00e3o as dem\u00eancias, como se caracterizam. E lembraram como \u00e9 importante buscar ajuda profissional quando seu familiar come\u00e7a apresentar mudan\u00e7as.<\/p>\n<p>Nesta segunda-feira, 04 de setembro, seguimos com a programa\u00e7\u00e3o do Setembro Roxo 2023.<\/p>\n<p>A parceria da UnB e SESC-DF, ocorre na unidade da 913 Sul, em Bras\u00edlia, das 9h \u00e0s 11h.\u00a0 Ser\u00e1 realizada oficina\u00a0 com\u00a0 pessoas 60+ e estudantes universit\u00e1rios sobre <strong>Amigabilidade Urbana.<\/strong> Eles tamb\u00e9m receber\u00e3o folhetos sobre os 12 pontos de preven\u00e7\u00e3o das dem\u00eancias.<\/p>\n<p>Na quarta-feira, 06\/09 teremos <strong>Roda de Conversa ONLINE Especial Setembro Roxo sobre Cuidados<\/strong> com a geriatra Marina Barichelo. A fonoaudi\u00f3loga Manoela Dias\u00a0 estar\u00e1 coordenando a Roda das 19 \u00e0s 20h.<br \/>\n( solicite o link no\u00a0 Instagram @blocofilhasdam\u00e3e).<\/p>\n<p>Conhe\u00e7a a <a href=\"https:\/\/docs.google.com\/document\/d\/1l3btQI-e1vaJlZNJuU4GoZDwZT51QKaq\/edit?usp=drivesdk&amp;ouid=116000504106464652242&amp;rtpof=true&amp;sd=true\">programa\u00e7\u00e3o do <strong>Setembro Roxo 2023<\/strong> aqui<\/a>. E siga em nossas redes sociais os projetos do Coletivo Filhas da M\u00e3e sobre informa\u00e7\u00e3o, cuidado, autocuidado e est\u00edmulo a pol\u00edticas p\u00fablicas que ocorrem durante todo o ano,<\/p>\n<p>A Sociedade do Cuidado come\u00e7a por voc\u00ea!<\/p>\n","protected":false},"excerpt":{"rendered":"<p>Ana Castro &amp; Cosette Castro Bras\u00edlia &#8211; H\u00e1 muitas formas de falar sobre dem\u00eancias, entre elas o Alzheimer. \u00c9 poss\u00edvel\u00a0 contar que s\u00e3o doen\u00e7as neurodegenerativas sem cura, progressivas, mas trat\u00e1veis. Informa\u00e7\u00e3o pode melhorar a qualidade de vida de quem j\u00e1 foi diagnosticado. E tamb\u00e9m a vida das cuidadoras familiares, sobrecarregadas f\u00edsica e emocionalmente, em geral carentes de informa\u00e7\u00e3o. Existem os [&hellip;]<\/p>\n","protected":false},"author":126,"featured_media":0,"comment_status":"open","ping_status":"open","sticky":false,"template":"","format":"standard","meta":{"footnotes":""},"categories":[18],"tags":[8,3,903,118,2,20,21,7,361,694,906,904,552,263,905,543],"class_list":["post-1836","post","type-post","status-publish","format-standard","hentry","category-alzheimer","tag-alzheimer","tag-autocuidado","tag-cafe-com-chorinho","tag-coletivo-filhas-da-mae","tag-cuidado","tag-cuidadoras-familiares","tag-cuidadores-familiares","tag-demencias","tag-manoela-dias","tag-marina-barichello","tag-oficina-amigabilidade-urbana","tag-parque-olhos-dagua","tag-sesc-df","tag-setembro-roxo","tag-sociedade-do-cuidado","tag-unb"],"_links":{"self":[{"href":"https:\/\/blogs.correiobraziliense.com.br\/coletivo-filhas-da-mae\/wp-json\/wp\/v2\/posts\/1836","targetHints":{"allow":["GET"]}}],"collection":[{"href":"https:\/\/blogs.correiobraziliense.com.br\/coletivo-filhas-da-mae\/wp-json\/wp\/v2\/posts"}],"about":[{"href":"https:\/\/blogs.correiobraziliense.com.br\/coletivo-filhas-da-mae\/wp-json\/wp\/v2\/types\/post"}],"author":[{"embeddable":true,"href":"https:\/\/blogs.correiobraziliense.com.br\/coletivo-filhas-da-mae\/wp-json\/wp\/v2\/users\/126"}],"replies":[{"embeddable":true,"href":"https:\/\/blogs.correiobraziliense.com.br\/coletivo-filhas-da-mae\/wp-json\/wp\/v2\/comments?post=1836"}],"version-history":[{"count":6,"href":"https:\/\/blogs.correiobraziliense.com.br\/coletivo-filhas-da-mae\/wp-json\/wp\/v2\/posts\/1836\/revisions"}],"predecessor-version":[{"id":1842,"href":"https:\/\/blogs.correiobraziliense.com.br\/coletivo-filhas-da-mae\/wp-json\/wp\/v2\/posts\/1836\/revisions\/1842"}],"wp:attachment":[{"href":"https:\/\/blogs.correiobraziliense.com.br\/coletivo-filhas-da-mae\/wp-json\/wp\/v2\/media?parent=1836"}],"wp:term":[{"taxonomy":"category","embeddable":true,"href":"https:\/\/blogs.correiobraziliense.com.br\/coletivo-filhas-da-mae\/wp-json\/wp\/v2\/categories?post=1836"},{"taxonomy":"post_tag","embeddable":true,"href":"https:\/\/blogs.correiobraziliense.com.br\/coletivo-filhas-da-mae\/wp-json\/wp\/v2\/tags?post=1836"}],"curies":[{"name":"wp","href":"https:\/\/api.w.org\/{rel}","templated":true}]}}