{"id":1810,"date":"2023-08-28T07:15:36","date_gmt":"2023-08-28T10:15:36","guid":{"rendered":"https:\/\/blogs.correiobraziliense.com.br\/coletivo-filhas-da-mae\/?p=1810"},"modified":"2023-08-28T15:02:46","modified_gmt":"2023-08-28T18:02:46","slug":"musica-piquenique-e-acolhimento-para-falar-sobre-demencias","status":"publish","type":"post","link":"https:\/\/blogs.correiobraziliense.com.br\/coletivo-filhas-da-mae\/2023\/08\/28\/musica-piquenique-e-acolhimento-para-falar-sobre-demencias\/","title":{"rendered":"M\u00fasica, Piquenique e Acolhimento para Falar Sobre Dem\u00eancias"},"content":{"rendered":"<p>Ana Castro &amp; Cosette Castro<\/p>\n<p>Bras\u00edlia &#8211; Setembro \u00e9 um m\u00eas especial. Enquanto ele n\u00e3o chega, estamos envolvidas na organiza\u00e7\u00e3o do <strong>Setembro Roxo<\/strong>, m\u00eas\u00a0 mundial de conscientiza\u00e7\u00e3o sobre Alzheimer e outras dem\u00eancias. \u00c9 mais um tijolinho no trabalho di\u00e1rio que o Coletivo Filhas da M\u00e3e desenvolve de oferta de informa\u00e7\u00f5es, incentivo \u00e0 pol\u00edticas p\u00fablicas,\u00a0 preven\u00e7\u00e3o da sa\u00fade, est\u00edmulo ao cuidado coletivo e ao autocuidado.<\/p>\n<p>Acreditamos que informa\u00e7\u00e3o e forma\u00e7\u00e3o sobre dem\u00eancias, entre elas o Alzheimer,\u00a0 s\u00e3o\u00a0 fundamentais para construir uma Sociedade do Cuidado. Temos\u00a0um longo caminho a percorrer em dire\u00e7\u00e3o a uma sociedade que promova o envelhecimento saud\u00e1vel e acolha as pessoas diagnosticadas ou em processo de diagn\u00f3stico e\u00a0 seus familiares. E que tire da invisibilidade as cuidadoras de todos os tipos, em especial as cuidadoras familiares.<\/p>\n<p>Tamb\u00e9m acreditamos que o direito ao cuidado, o direito a cuidar e\u00a0 o direito ao autocuidado s\u00e3o direitos humanos. Direitos que precisam sair dos discursos para serem incorporados em todo ciclo or\u00e7ament\u00e1rio da Uni\u00e3o. Estes direitos s\u00e3o uma responsabilidade do Estado.<\/p>\n<p>Um\u00a0 primeiro passo\u00a0 para a constru\u00e7\u00e3o de uma Sociedade do Cuidado foi dado na semana passada com a posse do novo Conselho Nacional dos Direitos da Pessoa Idosa (CNDPI) pelo Minist\u00e9rio dos Direitos Humanos e Cidadania (MDHC). O Conselho \u00e9 um \u00f3rg\u00e3o colegiado que dever\u00e1 deliberar sobre as diretrizes para a formula\u00e7\u00e3o e implementa\u00e7\u00e3o da Pol\u00edtica Nacional das Pessoas Idosas. E fortalecer as pol\u00edticas existentes, nem sempre todas implementadas.<\/p>\n<p>A constru\u00e7\u00e3o de uma Sociedade do Cuidado s\u00f3 se tornar\u00e1 uma realidade quando esses direitos humanos fizerem parte do nosso cotidiano. E, principalmente,\u00a0 quando as pessoas idosas deixarem de ser tratadas como cidad\u00e3s de segunda categoria no Brasil.<\/p>\n<p>Enquanto acompanhamos e contribu\u00edmos para a reconstru\u00e7\u00e3o do pa\u00eds, em especial\u00a0 para a constru\u00e7\u00e3o da Sociedade do Cuidado, vamos come\u00e7ar o <strong>Setembro Roxo.<\/strong>\u00a0 Queremos exercitar o cuidado coletivo e o autocuidado atrav\u00e9s da m\u00fasica e do contato com a natureza.<\/p>\n<p>No pr\u00f3ximo domingo, dia 03 de setembro, o Coletivo Filhas da M\u00e3e, far\u00e1 a abertura das atividades de conscientiza\u00e7\u00e3o sobre dem\u00eancias, entre elas o Alzheimer,\u00a0 no Distrito Federal com um <strong>Piquenique Musical.\u00a0<\/strong><\/p>\n<p>O piquenique musical ser\u00e1 realizado no Parque Olhos D&#8217;\u00c1gua (413 Norte), em Bras\u00edlia, em parceria com o Coletivo Caf\u00e9 com Chorinho, das 10 \u00e0s 12h.\u00a0 Leve a sua canga, cadeira e lanche para compartilhar. (Veja o <a href=\"https:\/\/drive.google.com\/file\/d\/1jPhONkE_I1CozXtfOMM3fG97mOPsrk6Z\/view?usp=sharing\">v\u00eddeo convite aqui<\/a>). No domingo haver\u00e1 materiais informativos sobre Alzheimer e outras dem\u00eancias.<\/p>\n<p><img loading=\"lazy\" decoding=\"async\" class=\"size-medium wp-image-1812 aligncenter\" style=\"text-align: center\" src=\"https:\/\/blogs.correiobraziliense.com.br\/coletivo-filhas-da-mae\/wp-content\/uploads\/sites\/60\/2023\/08\/cafecomchorinho2-287x300.jpg\" alt=\"\" width=\"287\" height=\"300\" srcset=\"https:\/\/blogs.correiobraziliense.com.br\/coletivo-filhas-da-mae\/wp-content\/uploads\/sites\/60\/2023\/08\/cafecomchorinho2-287x300.jpg 287w, https:\/\/blogs.correiobraziliense.com.br\/coletivo-filhas-da-mae\/wp-content\/uploads\/sites\/60\/2023\/08\/cafecomchorinho2-768x802.jpg 768w, https:\/\/blogs.correiobraziliense.com.br\/coletivo-filhas-da-mae\/wp-content\/uploads\/sites\/60\/2023\/08\/cafecomchorinho2-980x1024.jpg 980w, https:\/\/blogs.correiobraziliense.com.br\/coletivo-filhas-da-mae\/wp-content\/uploads\/sites\/60\/2023\/08\/cafecomchorinho2-800x836.jpg 800w, https:\/\/blogs.correiobraziliense.com.br\/coletivo-filhas-da-mae\/wp-content\/uploads\/sites\/60\/2023\/08\/cafecomchorinho2-550x575.jpg 550w, https:\/\/blogs.correiobraziliense.com.br\/coletivo-filhas-da-mae\/wp-content\/uploads\/sites\/60\/2023\/08\/cafecomchorinho2-230x240.jpg 230w, https:\/\/blogs.correiobraziliense.com.br\/coletivo-filhas-da-mae\/wp-content\/uploads\/sites\/60\/2023\/08\/cafecomchorinho2.jpg 1075w\" sizes=\"auto, (max-width: 287px) 100vw, 287px\" \/><\/p>\n<p>As atividades gratuitas do <strong>Setembro Roxo<\/strong> do Coletivo Filhas da M\u00e3e seguem durante todo o m\u00eas.<\/p>\n<p>Nos primeiros 15 dias, a programa\u00e7\u00e3o est\u00e1 dividida entre projetos de informa\u00e7\u00e3o cient\u00edfica e projetos de autocuidado para cuidadoras familiares:<\/p>\n<p><em>Atividade Cient\u00edfica\u00a0<\/em>&#8211; Presencial<\/p>\n<p>Dia, 04\/09, segunda-feira, das 9 \u00e0s 11h &#8211;\u00a0<strong>Oficina Interdisciplinar<\/strong> \u00a0Amigabilidade Urbana Estudantes da UnB e pessoas idosas do SESC em di\u00e1logo criativo. Coordena\u00e7\u00e3o: Leides Moura, no SESC da 913 Sul. Parceria: UnB e SESC-DF<\/p>\n<p><em>Informa\u00e7\u00e3o sobre Dia a Dia do Cuidado &#8211;\u00a0<\/em>Online<\/p>\n<p style=\"text-align: left\">Dia 06\/09, quarta-feira, das 19 \u00e0s 20h &#8211; <strong>Roda de Conversa<\/strong> Especial Setembro Roxo coordenada por Manoela Dias. Convidada especial: geriatra Marina Barichello.<\/p>\n<p><em>Preven\u00e7\u00e3o de Sa\u00fade &#8211; <\/em>Presencial<\/p>\n<p>Dia 10\/09, domingo, das 8h15 \u00e0s 10h30 &#8211; <strong>Caminhada no Parque<\/strong> &#8211; Especial Setembro Roxo (aberto \u00e0 comunidade)<\/p>\n<p><em>Espa\u00e7o de Autocuidado e Criatividade\u00a0 &#8211; <\/em>Presencial<\/p>\n<p>Dia 12\/09, ter\u00e7a-feira, das 15 \u00e0s 17h &#8211; Oficina de Leitura e Escrita Criativa &#8211;\u00a0 coordena\u00e7\u00e3o Valeria Nunes<\/p>\n<p>Local:\u00a0Biblioteca Demonstrativa do Brasil (BSB) &#8211; Quadra 507 da W3 Sul, em Bras\u00edlia.<\/p>\n<p>Dia 14\/09, quinta-feira, das 15 \u00e0s 17h &#8211;\u00a0Oficina de Leitura e Escrita Criativa &#8211; coordena\u00e7\u00e3o Val\u00e9ria Nunes<\/p>\n<p>Local:\u00a0Biblioteca Demonstrativa do Brasil (BSB) &#8211; Quadra 507 da W3 Sul, em Bras\u00edlia.<\/p>\n<p>Nos pr\u00f3ximos dias estaremos divulgando o restante da programa\u00e7\u00e3o. Aguarde!<\/p>\n<p>&nbsp;<\/p>\n<p>&nbsp;<\/p>\n<p>&nbsp;<\/p>\n<p>&nbsp;<\/p>\n","protected":false},"excerpt":{"rendered":"<p>Ana Castro &amp; Cosette Castro Bras\u00edlia &#8211; Setembro \u00e9 um m\u00eas especial. Enquanto ele n\u00e3o chega, estamos envolvidas na organiza\u00e7\u00e3o do Setembro Roxo, m\u00eas\u00a0 mundial de conscientiza\u00e7\u00e3o sobre Alzheimer e outras dem\u00eancias. \u00c9 mais um tijolinho no trabalho di\u00e1rio que o Coletivo Filhas da M\u00e3e desenvolve de oferta de informa\u00e7\u00f5es, incentivo \u00e0 pol\u00edticas p\u00fablicas,\u00a0 preven\u00e7\u00e3o da sa\u00fade, est\u00edmulo ao cuidado [&hellip;]<\/p>\n","protected":false},"author":126,"featured_media":0,"comment_status":"open","ping_status":"open","sticky":false,"template":"","format":"standard","meta":{"footnotes":""},"categories":[18],"tags":[8,3,903,2,20,21,7,361,694,256,300,263],"class_list":["post-1810","post","type-post","status-publish","format-standard","hentry","category-alzheimer","tag-alzheimer","tag-autocuidado","tag-cafe-com-chorinho","tag-cuidado","tag-cuidadoras-familiares","tag-cuidadores-familiares","tag-demencias","tag-manoela-dias","tag-marina-barichello","tag-mes-mundial-de-conscientizacao-do-alzheimer","tag-pessoas-idosas","tag-setembro-roxo"],"_links":{"self":[{"href":"https:\/\/blogs.correiobraziliense.com.br\/coletivo-filhas-da-mae\/wp-json\/wp\/v2\/posts\/1810","targetHints":{"allow":["GET"]}}],"collection":[{"href":"https:\/\/blogs.correiobraziliense.com.br\/coletivo-filhas-da-mae\/wp-json\/wp\/v2\/posts"}],"about":[{"href":"https:\/\/blogs.correiobraziliense.com.br\/coletivo-filhas-da-mae\/wp-json\/wp\/v2\/types\/post"}],"author":[{"embeddable":true,"href":"https:\/\/blogs.correiobraziliense.com.br\/coletivo-filhas-da-mae\/wp-json\/wp\/v2\/users\/126"}],"replies":[{"embeddable":true,"href":"https:\/\/blogs.correiobraziliense.com.br\/coletivo-filhas-da-mae\/wp-json\/wp\/v2\/comments?post=1810"}],"version-history":[{"count":5,"href":"https:\/\/blogs.correiobraziliense.com.br\/coletivo-filhas-da-mae\/wp-json\/wp\/v2\/posts\/1810\/revisions"}],"predecessor-version":[{"id":1817,"href":"https:\/\/blogs.correiobraziliense.com.br\/coletivo-filhas-da-mae\/wp-json\/wp\/v2\/posts\/1810\/revisions\/1817"}],"wp:attachment":[{"href":"https:\/\/blogs.correiobraziliense.com.br\/coletivo-filhas-da-mae\/wp-json\/wp\/v2\/media?parent=1810"}],"wp:term":[{"taxonomy":"category","embeddable":true,"href":"https:\/\/blogs.correiobraziliense.com.br\/coletivo-filhas-da-mae\/wp-json\/wp\/v2\/categories?post=1810"},{"taxonomy":"post_tag","embeddable":true,"href":"https:\/\/blogs.correiobraziliense.com.br\/coletivo-filhas-da-mae\/wp-json\/wp\/v2\/tags?post=1810"}],"curies":[{"name":"wp","href":"https:\/\/api.w.org\/{rel}","templated":true}]}}