{"id":1803,"date":"2023-08-25T07:54:49","date_gmt":"2023-08-25T10:54:49","guid":{"rendered":"https:\/\/blogs.correiobraziliense.com.br\/coletivo-filhas-da-mae\/?p=1803"},"modified":"2023-08-27T21:53:24","modified_gmt":"2023-08-28T00:53:24","slug":"o-setembro-roxo-esta-chegando","status":"publish","type":"post","link":"https:\/\/blogs.correiobraziliense.com.br\/coletivo-filhas-da-mae\/2023\/08\/25\/o-setembro-roxo-esta-chegando\/","title":{"rendered":"O Setembro Roxo Est\u00e1 Chegando"},"content":{"rendered":"<p>Ana Castro &amp; Cosette Castro<\/p>\n<p>Bras\u00edlia &#8211; Faltam poucos dias para come\u00e7ar o <strong>Setembro Roxo,\u00a0<\/strong>m\u00eas mundial de conscientiza\u00e7\u00e3o sobre as dem\u00eancias. Entre ela,\u00a0 a mais conhecida \u00e9 a Doen\u00e7a\u00a0 de Alzheimer (DA) que representa 60 a 70% dos casos.<\/p>\n<p>A cada tr\u00eas segundos uma pessoa \u00e9 diagnosticada com Alzheimer no mundo. Al\u00e9m do Alzheimer, existem outros tipos de dem\u00eancias, nome gen\u00e9rico das doen\u00e7as neurodegenerativas, como\u00a0 por exemplo, a Dem\u00eancia Vascular ou a\u00a0 Dem\u00eancia Fronto Temporal. E tamb\u00e9m existem os casos mistos, envolvendo mais de uma doen\u00e7a ao mesmo tempo.<\/p>\n<p>Os dados da Organiza\u00e7\u00e3o Mundial da Sa\u00fade (OMS, 2021) apontam a exist\u00eancia de 55 milh\u00f5es de pessoas enfermas no mundo. Estima-se que esse n\u00famero poder\u00e1 chegar a 78 milh\u00f5es em 2030 e\u00a0 a cerca de 139 milh\u00f5es at\u00e9 2050. Estamos frente a um grande desafio de sa\u00fade mental em n\u00edvel mundial.<\/p>\n<p>Em pa\u00edses com desigualdade social, como o Brasil, este problema de sa\u00fade p\u00fablica \u00e9 mais complexo. Aproximadamente 70% dos casos ainda n\u00e3o foram diagnosticados, de acordo com o Minist\u00e9rio da Sa\u00fade.<\/p>\n<p>A maior parte dos casos se manifesta entre mulheres que sofrem direta ou indiretamente com as dem\u00eancias. Indiretamente desde cedo elas s\u00e3o sobrecarregadas f\u00edsica e emocionalmente ao realizar atividades gratuitas de cuidado.<\/p>\n<p>As dem\u00eancias se manifestam com mais frequ\u00eancia entre pessoas acima de 65 anos. Mas podem ocorrer abaixo dessa idade.<\/p>\n<p>Diferente do que a maioria das pessoas acredita, os quadros demenciais podem acontecer tamb\u00e9m entre pessoas mais jovens, com idade a partir de 38, 40 anos.<\/p>\n<p>Os casos que acometem\u00a0 jovens adultos representam 7% dos diagn\u00f3sticos e s\u00e3o chamados de dem\u00eancias precoces. Em geral levam entre oito e dez anos para serem diagnosticados. At\u00e9 l\u00e1, esse grupo populacional e seus familiares sofrem pela desinforma\u00e7\u00e3o e por tratamentos inadequados.<\/p>\n<p>A falta de preparo sobre dem\u00eancias por uma\u00a0 parte significativa dos profissionais de sa\u00fade, a falta de informa\u00e7\u00f5es sobre dem\u00eancias entre a popula\u00e7\u00e3o e o preconceito sobre envelhecimento pioram a situa\u00e7\u00e3o existente no Brasil.<\/p>\n<p>Aguardamos com urg\u00eancia a aprova\u00e7\u00e3o de uma\u00a0 Pol\u00edtica Nacional sobre Dem\u00eancias que inclua quem cuida de quem cuida. Queremos a preven\u00e7\u00e3o da sa\u00fade f\u00edsica e emocional das cuidadoras familiares, inclusive durante o processo de envelhecimento. E a redu\u00e7\u00e3o ou compensa\u00e7\u00e3o das horas de cuidado n\u00e3o remunerado.<\/p>\n<p><strong>SETEMBRO ROXO<\/strong><br \/>\nPara contribuir com o aumento das informa\u00e7\u00f5es sobre dem\u00eancias e prevenir a sa\u00fade de quem cuida, organizamos\u00a0 no <strong>Setembro\u00a0<\/strong><strong>Roxo 2023\u00a0<\/strong>uma\u00a0 programa\u00e7\u00e3o diversificada com diferentes parceiros. Entre elas:<\/p>\n<p>1.\u00a0 Atividades cient\u00edficas com informa\u00e7\u00f5es sobre dem\u00eancias,\u00a0 envelhecimento\u00a0 saud\u00e1vel e sobre cuidado e autocuidado<br \/>\n2. Atividades f\u00edsicas de preven\u00e7\u00e3o e promo\u00e7\u00e3o da sa\u00fade<br \/>\n3. Atividades culturais para estimular a sa\u00fade mental na Asa Sul e Norte.<\/p>\n<p>Como a mem\u00f3ria musical \u00e9 a \u00faltima a se perder, vamos abrir o <strong>Setembro Roxo<\/strong>\u00a0 \u00a0com um\u00a0 <strong>Piquenique Musical<\/strong>. O evento vai acontecer\u00a0 no Parque Olhos D&#8217;\u00c1gua (413 Norte), no domingo, dia 03 de setembro,\u00a0 das 10h \u00e0s 12h, em Bras\u00edlia.<\/p>\n<p>O evento gratuito\u00a0 ser\u00e1 realizado em parceria com o\u00a0 <strong><a href=\"https:\/\/www.instagram.com\/reel\/CqDsu2dD1f4\/?igshid=MzRlODBiNWFlZA==\">Coletivo Caf\u00e9 com Chorinho<\/a>.<\/strong> Traga sua fam\u00edlia, canga ou cadeira e lanche e se delicie com\u00a0 o chorinho brasiliense.<\/p>\n","protected":false},"excerpt":{"rendered":"<p>Ana Castro &amp; Cosette Castro Bras\u00edlia &#8211; Faltam poucos dias para come\u00e7ar o Setembro Roxo,\u00a0m\u00eas mundial de conscientiza\u00e7\u00e3o sobre as dem\u00eancias. Entre ela,\u00a0 a mais conhecida \u00e9 a Doen\u00e7a\u00a0 de Alzheimer (DA) que representa 60 a 70% dos casos. A cada tr\u00eas segundos uma pessoa \u00e9 diagnosticada com Alzheimer no mundo. Al\u00e9m do Alzheimer, existem outros tipos de dem\u00eancias, nome [&hellip;]<\/p>\n","protected":false},"author":126,"featured_media":0,"comment_status":"open","ping_status":"open","sticky":false,"template":"","format":"standard","meta":{"footnotes":""},"categories":[18],"tags":[8,903,119,20,25,24,21,53,7,5,300,263],"class_list":["post-1803","post","type-post","status-publish","format-standard","hentry","category-alzheimer","tag-alzheimer","tag-cafe-com-chorinho","tag-cuidado-e-autocuidado","tag-cuidadoras-familiares","tag-cuidadoras-informais","tag-cuidadoras-profissionais","tag-cuidadores-familiares","tag-demencia-precoce","tag-demencias","tag-envelhecimento","tag-pessoas-idosas","tag-setembro-roxo"],"_links":{"self":[{"href":"https:\/\/blogs.correiobraziliense.com.br\/coletivo-filhas-da-mae\/wp-json\/wp\/v2\/posts\/1803","targetHints":{"allow":["GET"]}}],"collection":[{"href":"https:\/\/blogs.correiobraziliense.com.br\/coletivo-filhas-da-mae\/wp-json\/wp\/v2\/posts"}],"about":[{"href":"https:\/\/blogs.correiobraziliense.com.br\/coletivo-filhas-da-mae\/wp-json\/wp\/v2\/types\/post"}],"author":[{"embeddable":true,"href":"https:\/\/blogs.correiobraziliense.com.br\/coletivo-filhas-da-mae\/wp-json\/wp\/v2\/users\/126"}],"replies":[{"embeddable":true,"href":"https:\/\/blogs.correiobraziliense.com.br\/coletivo-filhas-da-mae\/wp-json\/wp\/v2\/comments?post=1803"}],"version-history":[{"count":5,"href":"https:\/\/blogs.correiobraziliense.com.br\/coletivo-filhas-da-mae\/wp-json\/wp\/v2\/posts\/1803\/revisions"}],"predecessor-version":[{"id":1809,"href":"https:\/\/blogs.correiobraziliense.com.br\/coletivo-filhas-da-mae\/wp-json\/wp\/v2\/posts\/1803\/revisions\/1809"}],"wp:attachment":[{"href":"https:\/\/blogs.correiobraziliense.com.br\/coletivo-filhas-da-mae\/wp-json\/wp\/v2\/media?parent=1803"}],"wp:term":[{"taxonomy":"category","embeddable":true,"href":"https:\/\/blogs.correiobraziliense.com.br\/coletivo-filhas-da-mae\/wp-json\/wp\/v2\/categories?post=1803"},{"taxonomy":"post_tag","embeddable":true,"href":"https:\/\/blogs.correiobraziliense.com.br\/coletivo-filhas-da-mae\/wp-json\/wp\/v2\/tags?post=1803"}],"curies":[{"name":"wp","href":"https:\/\/api.w.org\/{rel}","templated":true}]}}