{"id":1786,"date":"2023-08-18T09:10:48","date_gmt":"2023-08-18T12:10:48","guid":{"rendered":"https:\/\/blogs.correiobraziliense.com.br\/coletivo-filhas-da-mae\/?p=1786"},"modified":"2023-08-18T11:23:08","modified_gmt":"2023-08-18T14:23:08","slug":"uma-semana-cheia-de-emocoes-e-violencia","status":"publish","type":"post","link":"https:\/\/blogs.correiobraziliense.com.br\/coletivo-filhas-da-mae\/2023\/08\/18\/uma-semana-cheia-de-emocoes-e-violencia\/","title":{"rendered":"Uma Semana Cheia de Emo\u00e7\u00f5es e Viol\u00eancia"},"content":{"rendered":"<p>Ana Castro &amp; Cosette Castro<\/p>\n<p>Bras\u00edlia &#8211; Esta foi uma semana repleta de emo\u00e7\u00f5es. Uma delas foi ver o mar de Margaridas que tomou conta da Capital Federal.<\/p>\n<p>Elas vieram de todos os estados do pa\u00eds em caravanas de \u00f4nibus. Algumas, como as paraenses, levaram 1 dia e 10 horas para chegar a Bras\u00edlia. Outras, como as ga\u00fachas, levaram em torno de 1 dia e 16 horas. J\u00e1 as potiguaras, levaram 1 dia e 19 horas. Elas ainda caminharam outros 5,8 km at\u00e9 o Congresso.<\/p>\n<p>Essas s\u00e3o dist\u00e2ncias relativas \u00e0 capital de cada estado. Levando em conta que as Margaridas s\u00e3o trabalhadoras do campo, das florestas e dos rios, o esfor\u00e7o para chegar a Bras\u00edlia foi muito maior.<\/p>\n<p>Elas foram recebidas pelo Presidente Lula em pra\u00e7a p\u00fablica que anunciou um pacote de medidas para a reconstru\u00e7\u00e3o nacional e o bem viver das mulheres com qualidade de vida para todas as idades.<\/p>\n<p>Precisamos urgentemente de bem viver. A situa\u00e7\u00e3o da viol\u00eancia contra as mulheres, por exemplo, segue crescendo assustadoramente.<\/p>\n<p>Enquanto a Marcha das Margaridas seguia em dire\u00e7\u00e3o ao Congresso Nacional recebemos a not\u00edcia que mais uma mulher havia sido assassinada pelo ex-companheiro no Distrito Federal.<\/p>\n<p>Anariel Rosa Dias, de 39 anos, foi a 24a. v\u00edtima de feminic\u00eddo em 2023, viol\u00eancia que ultrapassou os 17 assassinatos no Distrito Federal do ano de 2022.<\/p>\n<p>Como se fosse pouco, na quinta-feira, 17, a noite, a l\u00edder quilombola baiana Bernardete Pac\u00edfico, de 72 anos,\u00a0 foi assassinada a tiros em Salvador. Bernardete, v\u00edtima de feminic\u00eddo pol\u00edtico de g\u00eanero, era coordenadora da Coordena\u00e7\u00e3o Nacional de Articula\u00e7\u00e3o de Quilombos (Conaq) e vinha denunciando a viol\u00eancia contra os quilombos.<\/p>\n<p>Precisamos urgente de uma Sociedade do Cuidado que se contraponha \u00e0 Sociedade da Viol\u00eancia e da impunidade. E de um Estado, em todos os n\u00edveis,\u00a0 que\u00a0 tome medidas urgent\u00edssimas para educar os homens para a vida e para o respeito \u00e0s mulheres.<\/p>\n<p><strong>Conven\u00e7\u00e3o e Pr\u00eamio Zilda Arns<\/strong><\/p>\n<p>Ainda na quarta-feira estivemos no gabinete do deputado Aliel Machado (PV-PR), presidente da Comiss\u00e3o em Defesa da Pessoa Idosa (Cidoso) da C\u00e2mara Federal.<\/p>\n<p>O encontro aconteceu junto com os parceiros do F\u00f3rum Distrital da Sociedade Civil em Defesa da Pessoa Idosa e do Grupo de Pesquisa sobre Envelhecimento Saud\u00e1vel da UnB.<\/p>\n<p>Levamos o nosso apoio \u00e0 ratifica\u00e7\u00e3o da Conven\u00e7\u00e3o Interamericana sobre Prote\u00e7\u00e3o dos Direitos das Pessoas Idosas no Congresso Nacional. O deputado Aliel Machado \u00e9 defensor das pessoas idosas, inclusive das pessoas com dem\u00eancias. Ele apoia a ratifica\u00e7\u00e3o, cuja vota\u00e7\u00e3o vai acontecer na pr\u00f3xima quarta-feira, dia 23.<\/p>\n<p>Tamb\u00e9m solicitamos apoio ao professor Vicente Faleiros, indicado ao Pr\u00eamio Zilda Arns de defesa dos direitos da pessoa idosa. Vicente Faleiros \u00e9 professor em\u00e9rito da UnB e tem uma longa lista de atividades em defesa das crian\u00e7as e adolescentes e tamb\u00e9m das pessoas idosas.<\/p>\n<p>Um dia depois, na quinta-feira, 17, o Conselho Nacional de Sa\u00fade aprovou resolu\u00e7\u00e3o sobre as diretrizes, propostas e mo\u00e7\u00f5es aprovadas na 17a Confer\u00eancia Nacional de Sa\u00fade.<\/p>\n<p>Entre elas est\u00e1 a Mo\u00e7\u00e3o 81 protocolada pelo professor Vicente Faleiros em nome dos delegados que defenderam o envelhecimento saud\u00e1vel na 17a. Confer\u00eancia Nacional de Sa\u00fade.<\/p>\n<p>Apoiada pelo Coletivo Filhas da M\u00e3e, a Mo\u00e7\u00e3o 81 combate a discrimina\u00e7\u00e3o por idade (idadismo) no setor da sa\u00fade e na sociedade em geral. Prop\u00f5e a cria\u00e7\u00e3o de um Grupo de Trabalho (GT) para monitorar e produzir evid\u00eancias sobre o etarismo no setor de sa\u00fade e para sugerir a\u00e7\u00f5es para o seu enfrentamento.<\/p>\n<p>A Mo\u00e7\u00e3o 81 tamb\u00e9m prop\u00f5e a ratifica\u00e7\u00e3o da Conven\u00e7\u00e3o Interamericana sobre Prote\u00e7\u00e3o dos Direitos das Pessoas Idosas no Congresso Nacional.<\/p>\n<p>A vota\u00e7\u00e3o do Pr\u00eamio Zilda Arns de Direitos Humanos vai acontecer dia 22, ter\u00e7a-feira. Ainda d\u00e1 tempo de enviar e-mail aos deputados que participam da Cidoso pedindo apoio a Vicente Faleiros que, no m\u00eas passado, completou 82 anos de envelhecimento saud\u00e1vel e ativo.<\/p>\n<p>PS: Em Bras\u00edlia, no final da quarta-feira come\u00e7aram as buscas pela psic\u00f3loga Ivana de Carvalho, vizinha da Cosette na Asa Sul. Estamos na torcida para que seja encontrada com vida.<\/p>\n<p>&nbsp;<\/p>\n","protected":false},"excerpt":{"rendered":"<p>Ana Castro &amp; Cosette Castro Bras\u00edlia &#8211; Esta foi uma semana repleta de emo\u00e7\u00f5es. Uma delas foi ver o mar de Margaridas que tomou conta da Capital Federal. Elas vieram de todos os estados do pa\u00eds em caravanas de \u00f4nibus. Algumas, como as paraenses, levaram 1 dia e 10 horas para chegar a Bras\u00edlia. Outras, como as ga\u00fachas, levaram em [&hellip;]<\/p>\n","protected":false},"author":126,"featured_media":0,"comment_status":"open","ping_status":"open","sticky":false,"template":"","format":"standard","meta":{"footnotes":""},"categories":[177],"tags":[811,895,900,897,896,901,582,5,898,891,899,894,345,630],"class_list":["post-1786","post","type-post","status-publish","format-standard","hentry","category-politicas-publicas","tag-17a-cconferencia-nacional-de-saude","tag-aliel-machado","tag-bernardete-pacifico","tag-camara-dos-deputados","tag-cidoso","tag-conaq","tag-conselho-nacional-de-saude","tag-envelhecimento","tag-ivana-carvalho","tag-marcha-das-margaridas","tag-premio-zilda-arns-de-direitos-humanos","tag-ratificacao-da-convencao-iberoamericana-sobre-protecao-dos-direitos-das-pessoas-idosas","tag-vicente-faleiros","tag-violencia-contra-a-mulher"],"_links":{"self":[{"href":"https:\/\/blogs.correiobraziliense.com.br\/coletivo-filhas-da-mae\/wp-json\/wp\/v2\/posts\/1786","targetHints":{"allow":["GET"]}}],"collection":[{"href":"https:\/\/blogs.correiobraziliense.com.br\/coletivo-filhas-da-mae\/wp-json\/wp\/v2\/posts"}],"about":[{"href":"https:\/\/blogs.correiobraziliense.com.br\/coletivo-filhas-da-mae\/wp-json\/wp\/v2\/types\/post"}],"author":[{"embeddable":true,"href":"https:\/\/blogs.correiobraziliense.com.br\/coletivo-filhas-da-mae\/wp-json\/wp\/v2\/users\/126"}],"replies":[{"embeddable":true,"href":"https:\/\/blogs.correiobraziliense.com.br\/coletivo-filhas-da-mae\/wp-json\/wp\/v2\/comments?post=1786"}],"version-history":[{"count":8,"href":"https:\/\/blogs.correiobraziliense.com.br\/coletivo-filhas-da-mae\/wp-json\/wp\/v2\/posts\/1786\/revisions"}],"predecessor-version":[{"id":1794,"href":"https:\/\/blogs.correiobraziliense.com.br\/coletivo-filhas-da-mae\/wp-json\/wp\/v2\/posts\/1786\/revisions\/1794"}],"wp:attachment":[{"href":"https:\/\/blogs.correiobraziliense.com.br\/coletivo-filhas-da-mae\/wp-json\/wp\/v2\/media?parent=1786"}],"wp:term":[{"taxonomy":"category","embeddable":true,"href":"https:\/\/blogs.correiobraziliense.com.br\/coletivo-filhas-da-mae\/wp-json\/wp\/v2\/categories?post=1786"},{"taxonomy":"post_tag","embeddable":true,"href":"https:\/\/blogs.correiobraziliense.com.br\/coletivo-filhas-da-mae\/wp-json\/wp\/v2\/tags?post=1786"}],"curies":[{"name":"wp","href":"https:\/\/api.w.org\/{rel}","templated":true}]}}