{"id":1724,"date":"2023-07-24T08:00:46","date_gmt":"2023-07-24T11:00:46","guid":{"rendered":"https:\/\/blogs.correiobraziliense.com.br\/coletivo-filhas-da-mae\/?p=1724"},"modified":"2023-07-24T13:03:07","modified_gmt":"2023-07-24T16:03:07","slug":"por-que-a-barbie-nao-envelheceu","status":"publish","type":"post","link":"https:\/\/blogs.correiobraziliense.com.br\/coletivo-filhas-da-mae\/2023\/07\/24\/por-que-a-barbie-nao-envelheceu\/","title":{"rendered":"Por Que a Barbie N\u00e3o Envelheceu?"},"content":{"rendered":"<p>Ana Castro, Cosette Castro &amp; Convidada<\/p>\n<p>Bras\u00edlia \u2013 Um dos temas mais comentados nas redes sociais desde a semana passada \u00e9 o filme da Barbie (<a href=\"https:\/\/www.google.com\/search?q=trailer+barbie+legendado&amp;rlz=1C1JZAP_pt-BRBR981BR981&amp;oq=treiler+barbie&amp;aqs=chrome.2.69i57j0i10i131i433i512l4j0i10i512l5.19097j0j7&amp;sourceid=chrome&amp;ie=UTF-8#fpstate=ive&amp;vld=cid:d31bb1f5,vid:lwZTCYst6yw\">trailer aqui)<\/a>. Portanto, n\u00e3o estranhe se encontrar na rua, no \u00f4nibus ou no metr\u00f4 grupos de mulheres usando rosa.<\/p>\n<p>O filme,\u00a0dirigido por Greta Gerwig,\u00a0 aproveitou a mem\u00f3ria afetiva que a boneca mais vendida do mundo provoca em diferentes gera\u00e7\u00f5es para se tornar um \u00eaxito mundial de marketing.<\/p>\n<p>A hist\u00f3ria mostra o posicionamento cada vez mais contempor\u00e2neo da\u00a0 Mattel, empresa que comercializa a boneca. No filme aparecem v\u00e1rias Barbies, dando espa\u00e7o para a\u00a0 diversidade de mulheres que existe no mundo.<\/p>\n<p>Mas o que Barbie nos diz sobre cultura popular e envelhecimento feminino? Para refletir sobre o tema convidamos a m\u00e9dica geront\u00f3loga Andrea Prates, \u00a0que h\u00e1 cerca de 40 anos estuda envelhecimento.<\/p>\n<p>Andrea Prates \u2013 \u201cBarbie, a personagem do momento, tem a minha idade &#8211; 64 anos.<\/p>\n<p>Lan\u00e7ada em mar\u00e7o de 1959, na feira anual de brinquedos de Nova Iorque, foi um sucesso imediato com seus cabelos loiros, olhos azuis e corpo esguio. O modelo branco de perfei\u00e7\u00e3o.<\/p>\n<p>De l\u00e1 para c\u00e1, tornou-se ainda mais alta, mais esbelta, mais loira. E faz ainda mais sucesso. Um verdadeiro \u00edcone da cultura pop, ela j\u00e1 apareceu em m\u00faltiplas vers\u00f5es que fazem a alegria de colecionadores.<\/p>\n<p>Hoje \u00e9 poss\u00edvel encontrar do modelo mais tradicional \u00e0 Barbie sem g\u00eanero definido, passando por homenagens como a feita \u00e0 cientista brasileira\u00a0Jaqueline Goes de Jesus (respons\u00e1vel pelo sequenciamento do genoma da Covid-19). H\u00e1 ainda a Barbie cadeirante, a transexual e as de diferentes tons de pele, inclusive com vitiligo.<\/p>\n<p>A boneca ampliou, e muito, a representatividade das mulheres. Ganhou vida profissional em diversas \u00e1reas, apoiou causas sociais e, ao mesmo tempo, segue exibindo sua vers\u00e3o mais glamourosa em vestidos de gala.\u00a0Em meio a esta diversidade, o que nunca vimos foi a Barbie envelhecer&#8230;<\/p>\n<p>Ela se mant\u00e9m jovem e esbelta, o ideal imagin\u00e1rio de perfei\u00e7\u00e3o, com o qual gera\u00e7\u00f5es e gera\u00e7\u00f5es de meninas cresceram. Elas se atormentaram para tentar atingir um padr\u00e3o irreal de <em>status<\/em> e apar\u00eancia \u2013 o supl\u00edcio de gera\u00e7\u00f5es de morenas, negras, baixas e gordinhas. E das menos afortunadas que n\u00e3o podiam ou ainda n\u00e3o podem adquirir um exemplar da boneca mais famosa do mundo.<\/p>\n<p>Vivemos boa parte da vida em meio a essa cultura\u00a0que refor\u00e7a a objetifica\u00e7\u00e3o feminina por parte de uma sociedade machista que cultua um padr\u00e3o desp\u00f3tico de beleza e juventude. Ainda bem que Barbie j\u00e1 est\u00e1 dispon\u00edvel com outros tipos de corpos, etnias e altura, indicando uma mudan\u00e7a importante para as novas gera\u00e7\u00f5es.<\/p>\n<p>No entanto, ap\u00f3s a vida reprodutiva, somos ainda fadadas ao (eterno) cuidado de tudo e todos. Sem tempo para cuidarmos de n\u00f3s mesmas e de nossa sa\u00fade f\u00edsica e mental. Al\u00e9m disso, sofremos press\u00e3o est\u00e9tica ao envelhecer, o que afeta nossa autoimagem e autoestima.<\/p>\n<p>Mas somos muitas.<\/p>\n<p>Equivalemos a 51,1 % da popula\u00e7\u00e3o brasileira de\u00a0212,6 milh\u00f5es de pessoas. E, com a tend\u00eancia irrevers\u00edvel de envelhecimento populacional, confirmada pelo Censo 2022, o n\u00famero de mulheres com 50 ou mais anos ir\u00e1 crescer ainda mais. H\u00e1 uma consolida\u00e7\u00e3o do super\u00e1vit do sexo feminino a partir da terceira d\u00e9cada, que aumenta progressivamente a cada faixa et\u00e1ria.<\/p>\n<p>Este contingente enorme de mulheres, cada vez mais longevas, precisa estar atento \u00e0s constru\u00e7\u00f5es sociais a que fomos (ou seguimos sendo) submetidas. Entre elas as que aparecem atrav\u00e9s de bonecas. E atentas sobre a necessidade de refletir e criticar essas constru\u00e7\u00f5es.<\/p>\n<p>Ningu\u00e9m fica congelado no tempo como a boneca. Mas podemos seguir com beleza, sa\u00fade e bem-estar. Com autocuidado, podemos ter uma vida plena. Principalmente se tivermos pol\u00edticas de apoio e tamb\u00e9m se enaltecermos a nossa idade e celebrarmos nossas conquistas.<\/p>\n<p>\u00c9 preciso normalizar o envelhecimento como processo natural da vida. E o cuidado como ess\u00eancia do ser humano, independente de g\u00eanero.<\/p>\n<p>Na vida real as Barbies tamb\u00e9m envelhecem. E precisam ser cuidadas como todas e todos\u201d.<\/p>\n<p>N\u00f3s, do Coletivo Filhas da M\u00e3e, \u00a0acreditamos que bonecas e bonecos devem apresentar diversidade de corpos, etnias e idades.\u00a0N\u00e3o somos perfeitas. Aceitar as diferen\u00e7as come\u00e7a na inf\u00e2ncia e na fam\u00edlia, o que ajuda na autoaceita\u00e7\u00e3o e no cultivo do autocuidado no decorrer da vida.<\/p>\n<p>PS: Hoje \u00e9 o dia internacional do autocuidado. Voc\u00ea tem encontrado espa\u00e7o na agenda para voc\u00ea?<\/p>\n<p>Envie para o grupo de WhatsApp\u00a0 do Coletivo ou para o Instagram @blocofilhasdam\u00e3e um v\u00eddeo (at\u00e9 1 minuto) ou fotos com pequeno texto (at\u00e9 1 par\u00e1grafo) contando o que \u00e9 autocuidado para voc\u00ea e como encontra espa\u00e7o para se cuidar.<\/p>\n<p>PS 2: Hoje come\u00e7ou a participa\u00e7\u00e3o do Brasil no Campeonato Mundial de\u00a0 Futebol Feminino 2023. Vamos prestigiar!\u00a0 Ser\u00e1 a despedida da Marta que recebeu seis pr\u00eamios de melhor jogadora do mundo da Fifa.<\/p>\n","protected":false},"excerpt":{"rendered":"<p>Ana Castro, Cosette Castro &amp; Convidada Bras\u00edlia \u2013 Um dos temas mais comentados nas redes sociais desde a semana passada \u00e9 o filme da Barbie (trailer aqui). Portanto, n\u00e3o estranhe se encontrar na rua, no \u00f4nibus ou no metr\u00f4 grupos de mulheres usando rosa. O filme,\u00a0dirigido por Greta Gerwig,\u00a0 aproveitou a mem\u00f3ria afetiva que a boneca mais vendida do mundo [&hellip;]<\/p>\n","protected":false},"author":126,"featured_media":0,"comment_status":"open","ping_status":"open","sticky":false,"template":"","format":"standard","meta":{"footnotes":""},"categories":[117],"tags":[662,3,877,5,878],"class_list":["post-1724","post","type-post","status-publish","format-standard","hentry","category-autocuidado","tag-andrea-prates","tag-autocuidado","tag-barbie","tag-envelhecimento","tag-martel"],"_links":{"self":[{"href":"https:\/\/blogs.correiobraziliense.com.br\/coletivo-filhas-da-mae\/wp-json\/wp\/v2\/posts\/1724","targetHints":{"allow":["GET"]}}],"collection":[{"href":"https:\/\/blogs.correiobraziliense.com.br\/coletivo-filhas-da-mae\/wp-json\/wp\/v2\/posts"}],"about":[{"href":"https:\/\/blogs.correiobraziliense.com.br\/coletivo-filhas-da-mae\/wp-json\/wp\/v2\/types\/post"}],"author":[{"embeddable":true,"href":"https:\/\/blogs.correiobraziliense.com.br\/coletivo-filhas-da-mae\/wp-json\/wp\/v2\/users\/126"}],"replies":[{"embeddable":true,"href":"https:\/\/blogs.correiobraziliense.com.br\/coletivo-filhas-da-mae\/wp-json\/wp\/v2\/comments?post=1724"}],"version-history":[{"count":10,"href":"https:\/\/blogs.correiobraziliense.com.br\/coletivo-filhas-da-mae\/wp-json\/wp\/v2\/posts\/1724\/revisions"}],"predecessor-version":[{"id":1736,"href":"https:\/\/blogs.correiobraziliense.com.br\/coletivo-filhas-da-mae\/wp-json\/wp\/v2\/posts\/1724\/revisions\/1736"}],"wp:attachment":[{"href":"https:\/\/blogs.correiobraziliense.com.br\/coletivo-filhas-da-mae\/wp-json\/wp\/v2\/media?parent=1724"}],"wp:term":[{"taxonomy":"category","embeddable":true,"href":"https:\/\/blogs.correiobraziliense.com.br\/coletivo-filhas-da-mae\/wp-json\/wp\/v2\/categories?post=1724"},{"taxonomy":"post_tag","embeddable":true,"href":"https:\/\/blogs.correiobraziliense.com.br\/coletivo-filhas-da-mae\/wp-json\/wp\/v2\/tags?post=1724"}],"curies":[{"name":"wp","href":"https:\/\/api.w.org\/{rel}","templated":true}]}}