{"id":1694,"date":"2023-07-03T08:02:41","date_gmt":"2023-07-03T11:02:41","guid":{"rendered":"https:\/\/blogs.correiobraziliense.com.br\/coletivo-filhas-da-mae\/?p=1694"},"modified":"2023-07-03T09:41:21","modified_gmt":"2023-07-03T12:41:21","slug":"o-amanha-e-hoje","status":"publish","type":"post","link":"https:\/\/blogs.correiobraziliense.com.br\/coletivo-filhas-da-mae\/2023\/07\/03\/o-amanha-e-hoje\/","title":{"rendered":"O Amanh\u00e3 \u00c9 Hoje"},"content":{"rendered":"<p>Ana Castro &amp; Cosette Castro<\/p>\n<p>Bras\u00edlia &#8211; Mais de 6 mil pessoas de diferentes locais do pa\u00eds participaram no domingo, 02 de julho, da abertura da 17a. Confer\u00eancia Nacional de Sa\u00fade.<\/p>\n<p>Foi neste domingo que o amanh\u00e3 chegou e se tornou hoje. Um novo dia para a sa\u00fade p\u00fablica brasileira com intensa participa\u00e7\u00e3o social. (<a href=\"https:\/\/www.youtube.com\/live\/SDSvV68hmDE?feature=share\">v\u00eddeo de abertura aqui<\/a>)<\/p>\n<p>A 17a Confer\u00eancia ocorre no ano que se celebra os 35 anos da Constitui\u00e7\u00e3o de 1988.\u00a0Naquele ano a Sa\u00fade foi reconhecida como Direito Humano fundamental. Al\u00e9m disso, foi criado o Sistema \u00danico de Sa\u00fade (SUS), considerado hoje o maior sistema de sa\u00fade p\u00fablica gratuita do mundo.<\/p>\n<p>Com o tema &#8220;Garantir Direitos e Defender o SUS, a Vida e a Democracia &#8211; Amanh\u00e3 Ser\u00e1 um Novo Dia&#8221;, o Conselho Nacional de Sa\u00fade (CNS), com o apoio do Minist\u00e9rio da Sa\u00fade (MS) conseguiu mobilizar 2 milh\u00f5es de pessoas de Norte a Sul do pa\u00eds. Elas organizaram e participaram de Confer\u00eancias municipais, estaduais\/distrital e Confer\u00eancias Livres Nacionais com temas relacionados \u00e0 sa\u00fade.<\/p>\n<p>Entre as pessoas eleitas delegadas h\u00e1 4.086 representantes das Confer\u00eancias preparat\u00f3rias. Elas e eles v\u00e3o debater e escolher as pol\u00edticas que v\u00e3o nortear a \u00e1rea da sa\u00fade nos pr\u00f3ximos quatro anos a partir das 249 diretrizes e 1.214 propostas enviadas pelas Confer\u00eancias realizadas preliminarmente. (<a href=\"https:\/\/conselho.saude.gov.br\/images\/17cns\/Relatorio_Consolidado_da_17_CNSvpreliminar.pdf\">Leia o relat\u00f3rio preliminar aqui<\/a>)<\/p>\n<p>At\u00e9 o dia 05 de julho, os representantes eleitos de cada Estado e do Distrito Federal estar\u00e3o trabalhando em quatro eixos:<\/p>\n<p>Eixo 1 &#8211; O Brasil que Temos, o Brasil que Queremos<\/p>\n<p>Eixo 2 &#8211; O Papel do Controle Social e dos Movimentos Sociais para Salvar Vidas<\/p>\n<p>Eixo 3 &#8211; Garantir os Direitos e Defender o SUS, a Vida e a Democracia<\/p>\n<p>Eixo 4 &#8211; Amanh\u00e3 Ser\u00e1 Outro Dia para Todos, Todas e Todes<\/p>\n<p>As propostas e diretrizes aprovadas v\u00e3o servir de subs\u00eddio para o Plano Nacional de Sa\u00fade e para o Plano Plurianual de 2024-2027.<\/p>\n<p><strong>Participa\u00e7\u00e3o Social<\/strong><\/p>\n<p>No Distrito Federal, o Coletivo Filhas da M\u00e3e, em parceria com o F\u00f3rum Distrital da Sociedade Civil em Defesa da Pessoa Idosa, coordenou a Pr\u00e9-Confer\u00eancia sobre Sa\u00fade Mental e Envelhecimento.<\/p>\n<p>No final de fevereiro, 320 participantes votaram em propostas e diretrizes sobre envelhecimento saud\u00e1vel,\u00a0 direitos das cuidadoras familiares e pol\u00edticas de cuidado integral, sobre diagn\u00f3stico precoce de dem\u00eancias e preven\u00e7\u00e3o de sa\u00fade, entre outras quest\u00f5es. As propostas e mo\u00e7\u00f5es foram encaminhadas ao Conselho de Sa\u00fade\/DF.<\/p>\n<p>Al\u00e9m de participar nas Confer\u00eancias Regionais e da etapa Distrital, o Coletivo Filhas da M\u00e3e esteve presente e levou propostas para as seguintes Confer\u00eancias Livres Nacionais:\u00a01. Sobre Dem\u00eancias, 2. Sobre Sa\u00fade da Mulher e 3. Sobre Envelhecimento.<\/p>\n<p>Foi um longo trabalho de formiguinha nestes primeiros seis meses de 2023.<\/p>\n<p>Nesta edi\u00e7\u00e3o, contamos com a contribui\u00e7\u00e3o de Eliana Bohland, profissional da sa\u00fade no Distrito Federal. Ela fez buscas no Relat\u00f3rio Consolidado do CSN (<a href=\"https:\/\/drive.google.com\/file\/d\/1O7gumElG1_jjWz03SjCNX5VtYycjC8i7\/view?usp=sharing\">leia o informe das buscas aqui<\/a>) sobre os seguintes temas:<\/p>\n<p>1.Envelhecimento\/pessoa idosa<\/p>\n<p>2. Pol\u00edtica de cuidados\/cuidadoras familiares<\/p>\n<p>3. Dem\u00eancias<\/p>\n<p>4. Institui\u00e7\u00f5es de Longa Perman\u00eancia para Pessoas Idosas ( ILPIs)<\/p>\n<p>5. idadismo\/preconceito contra pessoas idosas<\/p>\n<p>Foram encontradas 79 propostas e diretrizes sobre esses temas. Elas foram condensadas a partir de 125 propostas e diretrizes enviadas pelas 27 Confer\u00eancias estaduais e do Distrito Federal e pelas 99 Confer\u00eancias Livres Nacionais.<\/p>\n<p>Em um pa\u00eds que costuma negar o pr\u00f3prio en envelhecimento, este \u00e9 mais um passo para se olhar no espelho.<\/p>\n<p>Desejamos aos participantes da 17a Confer\u00eancia Nacional de Sa\u00fade bom trabalho!<\/p>\n<p>PS: Nesta primeira quinta-feira de julho, dia 06, teremos <strong>Roda de Conversa<\/strong> <strong>Online,<\/strong> das 19 \u00e0s 20h30 coordenada pela fonoaudi\u00f3loga Manoela Dias. Se voc\u00ea quer participar deste momento de troca de informa\u00e7\u00f5es sobre cuidados, envie uma mensagem em nossas redes sociais digitais e receba o link.<\/p>\n","protected":false},"excerpt":{"rendered":"<p>Ana Castro &amp; Cosette Castro Bras\u00edlia &#8211; Mais de 6 mil pessoas de diferentes locais do pa\u00eds participaram no domingo, 02 de julho, da abertura da 17a. Confer\u00eancia Nacional de Sa\u00fade. Foi neste domingo que o amanh\u00e3 chegou e se tornou hoje. Um novo dia para a sa\u00fade p\u00fablica brasileira com intensa participa\u00e7\u00e3o social. (v\u00eddeo de abertura aqui) A 17a [&hellip;]<\/p>\n","protected":false},"author":126,"featured_media":0,"comment_status":"open","ping_status":"open","sticky":false,"template":"","format":"standard","meta":{"footnotes":""},"categories":[177],"tags":[867,868,737,582,357,866],"class_list":["post-1694","post","type-post","status-publish","format-standard","hentry","category-politicas-publicas","tag-17a-conferencia-nacional-de-saude","tag-amanha-sera-outro-dia","tag-conferencia-livre-de-saude-mental-e-envelhecimento","tag-conselho-nacional-de-saude","tag-ministerio-da-saude","tag-rodas-de-conversas-online"],"_links":{"self":[{"href":"https:\/\/blogs.correiobraziliense.com.br\/coletivo-filhas-da-mae\/wp-json\/wp\/v2\/posts\/1694","targetHints":{"allow":["GET"]}}],"collection":[{"href":"https:\/\/blogs.correiobraziliense.com.br\/coletivo-filhas-da-mae\/wp-json\/wp\/v2\/posts"}],"about":[{"href":"https:\/\/blogs.correiobraziliense.com.br\/coletivo-filhas-da-mae\/wp-json\/wp\/v2\/types\/post"}],"author":[{"embeddable":true,"href":"https:\/\/blogs.correiobraziliense.com.br\/coletivo-filhas-da-mae\/wp-json\/wp\/v2\/users\/126"}],"replies":[{"embeddable":true,"href":"https:\/\/blogs.correiobraziliense.com.br\/coletivo-filhas-da-mae\/wp-json\/wp\/v2\/comments?post=1694"}],"version-history":[{"count":4,"href":"https:\/\/blogs.correiobraziliense.com.br\/coletivo-filhas-da-mae\/wp-json\/wp\/v2\/posts\/1694\/revisions"}],"predecessor-version":[{"id":1698,"href":"https:\/\/blogs.correiobraziliense.com.br\/coletivo-filhas-da-mae\/wp-json\/wp\/v2\/posts\/1694\/revisions\/1698"}],"wp:attachment":[{"href":"https:\/\/blogs.correiobraziliense.com.br\/coletivo-filhas-da-mae\/wp-json\/wp\/v2\/media?parent=1694"}],"wp:term":[{"taxonomy":"category","embeddable":true,"href":"https:\/\/blogs.correiobraziliense.com.br\/coletivo-filhas-da-mae\/wp-json\/wp\/v2\/categories?post=1694"},{"taxonomy":"post_tag","embeddable":true,"href":"https:\/\/blogs.correiobraziliense.com.br\/coletivo-filhas-da-mae\/wp-json\/wp\/v2\/tags?post=1694"}],"curies":[{"name":"wp","href":"https:\/\/api.w.org\/{rel}","templated":true}]}}