{"id":1618,"date":"2023-05-26T10:29:58","date_gmt":"2023-05-26T13:29:58","guid":{"rendered":"https:\/\/blogs.correiobraziliense.com.br\/coletivo-filhas-da-mae\/?p=1618"},"modified":"2023-05-26T15:29:40","modified_gmt":"2023-05-26T18:29:40","slug":"fim-de-semana-com-pre-conferencias-do-envelhecimento-e-da-saude-da-mulher","status":"publish","type":"post","link":"https:\/\/blogs.correiobraziliense.com.br\/coletivo-filhas-da-mae\/2023\/05\/26\/fim-de-semana-com-pre-conferencias-do-envelhecimento-e-da-saude-da-mulher\/","title":{"rendered":"Fim de Semana com Pr\u00e9-Confer\u00eancias do Envelhecimento e da Sa\u00fade da Mulher"},"content":{"rendered":"<p>Ana Castro &amp; Cosette Castro<\/p>\n<p>Bras\u00edlia &#8211; Este \u00e9 um fim de semana importante para pessoas, institui\u00e7\u00f5es e movimentos sociais que atuam na \u00e1rea da sa\u00fade no Brasil.<\/p>\n<p>No s\u00e1bado, dia 27, acontece a Pr\u00e9-Confer\u00eancia Livre Nacional sobre\u00a0Envelhecimento e Sa\u00fade: em Defesa do SUS e da Democracia, organizada pela Fiocruz em parceria com outras institui\u00e7\u00f5es e movimentos sociais de todo o pa\u00eds. A Pr\u00e9-Confer\u00eancia ocorrer\u00e1 das 9 \u00e0s 16h.<\/p>\n<p>Hoje \u00e9 o <strong>\u00faltimo dia<\/strong> para se inscrever e contribuir para melhorar e ampliar o SUS, o maior sistema de sa\u00fade p\u00fablico e gratuito do mundo. No Brasil, 70% da popula\u00e7\u00e3o dependem exclusivamente do SUS. (<a href=\"https:\/\/docs.google.com\/forms\/d\/e\/1FAIpQLSfYaVjHhjqLTfd1Ig6io5SaehfdQk2Hz7DUM-9YkyTEYgBcgg\/viewform\">inscreva-se aqui<\/a>).<\/p>\n<p>Relizada em formato h\u00edbrido, ser\u00e1 poss\u00edvel participar da Pr\u00e9-Confer\u00eancia Livre\u00a0 online e tamb\u00e9m presencialmente. <a href=\"https:\/\/conferenciaenvelhecimentoesaude.blogspot.com\">Veja aqui<\/a> os locais para participar presencialmente em todo o pa\u00eds.<\/p>\n<p>Em Bras\u00edlia, o F\u00f3rum Distrital da Sociedade Civil pelos Direitos da Pessoa Idosa \u00e9 o polo da Pr\u00e9-Confer\u00eancia e receber\u00e1 os participantes a partir das 8h45 na CSN 208 Bloco A, sala\u00a069, na Asa Norte, em Bras\u00edlia.<\/p>\n<p>Durante os preparativos para a Pr\u00e9-Confer\u00eancia sobre Envelhecimento e Sa\u00fade, foram realizadas em maio reuni\u00f5es para definir as propostas de cada polo para os quatro Eixos definidos pelo Conselho Nacional de Sa\u00fade.<\/p>\n<p><a href=\"https:\/\/drive.google.com\/file\/d\/1fBIVzpfNr09q_gL4lxrZiyvU3Mbje_0M\/view?usp=sharing\">Leia aqui as propostas<\/a> encaminhadas pelo F\u00f3rum, em parceria com a UnB e o Coletivo Filhas da M\u00e3e.<\/p>\n<p><strong>Programa\u00e7\u00e3o da Confer\u00eancia Nacional Livre Envelhecimento e Sa\u00fade<\/strong><\/p>\n<p>9h \u2013 Boas vindas e palavras de abertura<br \/>\n9h30 \u2013 Leitura das orienta\u00e7\u00f5es do Conselho Nacional de Sa\u00fade para as Confer\u00eancias Livres<br \/>\n10h \u2013 Aprecia\u00e7\u00e3o das propostas para os eixos 1 e 2<br \/>\n12h \u2013 Atividade cultural<br \/>\n12h30 \u2013 Intervalo para o almo\u00e7o<br \/>\n13h30 \u2013 Aprecia\u00e7\u00e3o das propostas para os eixos 3 e 4<br \/>\n15h30 \u2013 Elei\u00e7\u00e3o de delegados<br \/>\n16h \u2013\u00a0Encerramento<\/p>\n<p>\u00c9 poss\u00edvel participar online e presencialmente. As pessoas que s\u00f3 puderem participar online poder\u00e3o assistir e enviar propostas pelo chat do <a href=\"https:\/\/www.youtube.com\/watch?v=Q6_AGbuYNRo\">YouTube<\/a>. Voc\u00ea tamb\u00e9m poder\u00e1 solicitar o link da reuni\u00e3o, se j\u00e1 estiver inscrita e, al\u00e9m de apresentar as propostas, poder\u00e1 votar online e ser eleita delegada.<\/p>\n<p><strong>Confer\u00eancia Nacional Livre Sa\u00fade da Mulher\u00a0<\/strong><\/p>\n<p>No domingo, dia 28\/05, acontecer\u00e1 a Pr\u00e9-Confer\u00eancia Nacional Livre sobre Sa\u00fade da Mulher Jaqueline Goes, que\u00a0 ocorrer\u00e1 em formato h\u00edbrido. I<a href=\"https:\/\/forms.gle\/jwnfvyRr5DzfkBj97\">nscri\u00e7\u00f5es aqui<\/a>.<\/p>\n<p>Jaqueline Goes \u00e9 a biom\u00e9dica brasileira que coordenou a equipe respons\u00e1vel pelo sequenciamento do genoma do v\u00edrus SARS &#8211; CoV-2\u00a0apenas 48 horas ap\u00f3s a confirma\u00e7\u00e3o do primeiro caso de Covid-19 no Brasil.<\/p>\n<p>Lembramos que as mulheres representam, segundo o IBGE (2020), 96% das pessoas que atuam no cuidado no Brasil. 82% daquele percentual s\u00e3o cuidadoras familiares que (ainda) trabalham diariamente sem remunera\u00e7\u00e3o. No caso das dem\u00eancias, esse cuidado pode chegar a quase 20 anos, (ainda) sem direito a aposentadoria.<\/p>\n<p>PS: Hoje est\u00e1 acontecendo em S\u00e3o Paulo o III Mutir\u00e3o Cuida de Mim, sob a coordena\u00e7\u00e3o de Miriam Morata, com palestras sobre Alzheimer.\u00a0 Assista <a href=\"https:\/\/bit.ly\/LiveCuidaDeMim\">online aqui.<\/a><\/p>\n<p>&nbsp;<\/p>\n","protected":false},"excerpt":{"rendered":"<p>Ana Castro &amp; Cosette Castro Bras\u00edlia &#8211; Este \u00e9 um fim de semana importante para pessoas, institui\u00e7\u00f5es e movimentos sociais que atuam na \u00e1rea da sa\u00fade no Brasil. No s\u00e1bado, dia 27, acontece a Pr\u00e9-Confer\u00eancia Livre Nacional sobre\u00a0Envelhecimento e Sa\u00fade: em Defesa do SUS e da Democracia, organizada pela Fiocruz em parceria com outras institui\u00e7\u00f5es e movimentos sociais de todo [&hellip;]<\/p>\n","protected":false},"author":126,"featured_media":0,"comment_status":"open","ping_status":"open","sticky":false,"template":"","format":"standard","meta":{"footnotes":""},"categories":[177],"tags":[8,499,430,840,837,838,190,839,836,841],"class_list":["post-1618","post","type-post","status-publish","format-standard","hentry","category-politicas-publicas","tag-alzheimer","tag-demencia","tag-fiocruz","tag-forum-distrital-da-sociedade-civil-pelos-direitos-da-pessoa-idosa","tag-ii-mutirao-cuida-de-mim","tag-jaqueline-goes","tag-miriam-morata","tag-pre-conferencia-nacional-livre-sobre-envelhecimento-e-saude","tag-pre-conferencia-nacional-livre-sobre-saude-da-mulher","tag-unifesp"],"_links":{"self":[{"href":"https:\/\/blogs.correiobraziliense.com.br\/coletivo-filhas-da-mae\/wp-json\/wp\/v2\/posts\/1618","targetHints":{"allow":["GET"]}}],"collection":[{"href":"https:\/\/blogs.correiobraziliense.com.br\/coletivo-filhas-da-mae\/wp-json\/wp\/v2\/posts"}],"about":[{"href":"https:\/\/blogs.correiobraziliense.com.br\/coletivo-filhas-da-mae\/wp-json\/wp\/v2\/types\/post"}],"author":[{"embeddable":true,"href":"https:\/\/blogs.correiobraziliense.com.br\/coletivo-filhas-da-mae\/wp-json\/wp\/v2\/users\/126"}],"replies":[{"embeddable":true,"href":"https:\/\/blogs.correiobraziliense.com.br\/coletivo-filhas-da-mae\/wp-json\/wp\/v2\/comments?post=1618"}],"version-history":[{"count":4,"href":"https:\/\/blogs.correiobraziliense.com.br\/coletivo-filhas-da-mae\/wp-json\/wp\/v2\/posts\/1618\/revisions"}],"predecessor-version":[{"id":1622,"href":"https:\/\/blogs.correiobraziliense.com.br\/coletivo-filhas-da-mae\/wp-json\/wp\/v2\/posts\/1618\/revisions\/1622"}],"wp:attachment":[{"href":"https:\/\/blogs.correiobraziliense.com.br\/coletivo-filhas-da-mae\/wp-json\/wp\/v2\/media?parent=1618"}],"wp:term":[{"taxonomy":"category","embeddable":true,"href":"https:\/\/blogs.correiobraziliense.com.br\/coletivo-filhas-da-mae\/wp-json\/wp\/v2\/categories?post=1618"},{"taxonomy":"post_tag","embeddable":true,"href":"https:\/\/blogs.correiobraziliense.com.br\/coletivo-filhas-da-mae\/wp-json\/wp\/v2\/tags?post=1618"}],"curies":[{"name":"wp","href":"https:\/\/api.w.org\/{rel}","templated":true}]}}