{"id":1605,"date":"2023-05-19T09:03:15","date_gmt":"2023-05-19T12:03:15","guid":{"rendered":"https:\/\/blogs.correiobraziliense.com.br\/coletivo-filhas-da-mae\/?p=1605"},"modified":"2023-05-19T20:46:00","modified_gmt":"2023-05-19T23:46:00","slug":"voce-sabe-o-que-e-psicofobia","status":"publish","type":"post","link":"https:\/\/blogs.correiobraziliense.com.br\/coletivo-filhas-da-mae\/2023\/05\/19\/voce-sabe-o-que-e-psicofobia\/","title":{"rendered":"Voc\u00ea Sabe o que \u00e9 Psicofobia?"},"content":{"rendered":"<p>Ana Castro, Cosette Castro &amp; Convidada<\/p>\n<p>Brasilia &#8211; Esta foi uma semana importante para os direitos humanos e o fim do preconceito no Brasil.<\/p>\n<p>No dia 17 foi o dia internacional contra a LGTBfobia no pa\u00eds que mais mata pessoas LGBTQIA+ no mundo. Temos um longo caminho pela frente em dire\u00e7\u00e3o \u00e0 amorosidade e \u00e0 aceita\u00e7\u00e3o das diferen\u00e7as.<\/p>\n<p>No dia 18 foi o dia nacional da luta antimanicomial. Para falar sobre este tema, convidamos Luciana Musse, advogada, professora de Direito e do Projeto Interdisciplinar em Sa\u00fade Mental (PRISME) do CEUB.<\/p>\n<p>LUCIANA MUSSE &#8211; &#8220;O dia 18 de maio \u00e9 dedicado, no Brasil, \u00e0 luta antimanicomial, movimento social composto por pessoas com transtorno e sofrimento mental, familiares e profissionais da sa\u00fade.<br \/>\nTudo come\u00e7ou no final dos anos 70, quando os tr\u00eas grupos se mobilizaram e organizaram em coletivos. O objetivo era denunciar as condi\u00e7\u00f5es desumanas em que os pacientes psiqui\u00e1tricos se encontravam.<br \/>\nEles tamb\u00e9m queriam buscar outras alternativas de tratamento efetivo e digno para essas pessoas. Naquela \u00e9poca, a interna\u00e7\u00e3o \u2013 muitas vezes de car\u00e1ter perp\u00e9tuo &#8211; era realizada em institui\u00e7\u00f5es que, n\u00e3o raro, se apresentavam como asilares. Elas eram, at\u00e9 ent\u00e3o, a \u00fanica alternativa.<br \/>\nDurante uma semana, culminando no dia 18 de maio, s\u00e3o promovidas em todo o pa\u00eds v\u00e1rias atividades para dar visibilidade \u00e0s conquistas. Uma delas \u00e9 a Rede de Aten\u00e7\u00e3o Psicossocial (RAPS).<br \/>\nA RAPS conta com diferentes servi\u00e7os e profissionais que se juntaram aos m\u00e9dicos na oferta de cuidados em sa\u00fade mental. Preferencialmente em meio comunit\u00e1rio.<br \/>\nOutra conquista foi o reconhecimento jur\u00eddico das pessoas com sofrimento mental enquanto sujeitos de direito, quer individualmente, quer como grupo.<br \/>\nIsso ocorreu com a promulga\u00e7\u00e3o da Lei 10.216\/2001, conhecida como a Lei da Reforma Psiqui\u00e1trica. Trata-se de uma legisla\u00e7\u00e3o federal que protege as pessoas com sofrimento mental e seus direitos.<br \/>\nMais recentemente o novo, abrangente e interdisciplinar conceito de defici\u00eancia trazido pela Conven\u00e7\u00e3o sobre os Direitos das Pessoas com Defici\u00eancia (CDPD) e pela Lei Brasileira de Inclus\u00e3o (LBI) contribuiu para o reconhecimento e a amplia\u00e7\u00e3o dos direitos das pessoas com sofrimento mental.<br \/>\nEsse novo conceito tamb\u00e9m introduziu no direito brasileiro a Tomada de Decis\u00e3o Apoiada (TDA), um instrumento importante e ainda desconhecido, que garante ou preserva a autonomia e os direitos de pessoas com sofrimento ps\u00edquico.<br \/>\nNa \u00e1rea da sa\u00fade, em interlocu\u00e7\u00e3o com o direito, outra medida que merece destaque s\u00e3o as Diretivas Antecipadas em Sa\u00fade Mental.<br \/>\nO plano e o cart\u00e3o de crise permitem \u00e0 pessoa com sofrimento mental informar aos profissionais que a atendem e a sua rede de apoio as orienta\u00e7\u00f5es a serem adotadas durante os cuidados em sa\u00fade. Tudo isso em conformidade com suas prefer\u00eancias e valores.<br \/>\nO movimento antimanicomial n\u00e3o p\u00e1ra a\u00ed. \u00c9 o momento de seguir com as reivindica\u00e7\u00f5es e as den\u00fancias sobre maus-tratos e desrespeito.<br \/>\nAinda temos muitos desafios em rela\u00e7\u00e3o aos direitos e aos cuidados em sa\u00fade de pessoas com transtorno e sofrimento mental, um ponto importante \u00e9 a busca por direitos, inclus\u00e3o e reconhecimento dessas pessoas. A condi\u00e7\u00e3o das pessoas com sofrimento mental ainda \u00e9 bastante incompreendida, o que as torna v\u00edtimas de discrimina\u00e7\u00e3o e preconceito.<br \/>\nUm dos preconceitos mais comuns e infundados \u2013 mas presente no imagin\u00e1rio social &#8211; \u00e9 de que as pessoas com transtorno ou sofrimento mental s\u00e3o perigosas.<br \/>\nEsse receio infundado gera, de um lado, receio de conviver com elas. Esse medo vem sendo chamado de psicofobia.<br \/>\nDe outro lado, impulsiona demandas pela retirada dessas pessoas de locais e espa\u00e7os p\u00fablicos ou comuns, como pilotis de pr\u00e9dios.<br \/>\nH\u00e1 ainda casos de interna\u00e7\u00f5es involunt\u00e1rias e compuls\u00f3rias, que, se n\u00e3o estiverem amparadas em laudos e evid\u00eancias cient\u00edficas acerca da sua necessidade e forem realizadas por longos per\u00edodos, podem caracterizar graves viola\u00e7\u00f5es de direitos.<br \/>\nHistoricamente e na realidade atual, contudo, as pessoas com transtornos e sofrimento mentais sofrem mais com as diferentes formas de viol\u00eancia do que as praticam.\u00a0 Entre essas viol\u00eancias est\u00e3o a patrimonial, a f\u00edsica, a psicol\u00f3gica, a moral e a sexual.<br \/>\nE entre avan\u00e7os e recuos, des\u00e2nimo e esperan\u00e7a, ganhos e perdas&#8230; com maior ou menor apoio social a luta antimanicomial segue, cont\u00ednua e incessantemente, nos pr\u00f3ximos 365 dias do ano&#8221;.<\/p>\n<p>N\u00f3s, do Coletivo Filhas da M\u00e3e, apoiamos a luta antimanicomial, o tratamento humanizado e o fim da psicofobia. Uma de nossas parceiras \u00e9 a ONG Inverso, que coordena o Bloco do Rivotrio. Acompanhe a agenda de atividades antimanicomiais e em defesa da sa\u00fade mental atrav\u00e9s do Instagram @inverso.df<\/p>\n<p>PS: Esta semana entrou em tramita\u00e7\u00e3o na C\u00e2mara Legislativa do Distrito Federal (CLDF) o Projeto de Lei que prop\u00f5e a Caminhada da Mem\u00f3ria no calend\u00e1rio oficial de eventos do DF, de autoria do deputado Gabriel Magno (PT). Estamos na torcida por sua aprova\u00e7\u00e3o<\/p>\n","protected":false},"excerpt":{"rendered":"<p>Ana Castro, Cosette Castro &amp; Convidada Brasilia &#8211; Esta foi uma semana importante para os direitos humanos e o fim do preconceito no Brasil. No dia 17 foi o dia internacional contra a LGTBfobia no pa\u00eds que mais mata pessoas LGBTQIA+ no mundo. Temos um longo caminho pela frente em dire\u00e7\u00e3o \u00e0 amorosidade e \u00e0 aceita\u00e7\u00e3o das diferen\u00e7as. No dia [&hellip;]<\/p>\n","protected":false},"author":126,"featured_media":0,"comment_status":"open","ping_status":"open","sticky":false,"template":"","format":"standard","meta":{"footnotes":""},"categories":[137,1],"tags":[828,832,831,830,829,827],"class_list":["post-1605","post","type-post","status-publish","format-standard","hentry","category-saude-mental","category-sem-categoria","tag-bloco-rivotrio","tag-deputado-gabriel-magno","tag-lei-da-reforma-psiquiatrica","tag-luciana-musse","tag-movimento-antimanicomial","tag-ong-inverso"],"_links":{"self":[{"href":"https:\/\/blogs.correiobraziliense.com.br\/coletivo-filhas-da-mae\/wp-json\/wp\/v2\/posts\/1605","targetHints":{"allow":["GET"]}}],"collection":[{"href":"https:\/\/blogs.correiobraziliense.com.br\/coletivo-filhas-da-mae\/wp-json\/wp\/v2\/posts"}],"about":[{"href":"https:\/\/blogs.correiobraziliense.com.br\/coletivo-filhas-da-mae\/wp-json\/wp\/v2\/types\/post"}],"author":[{"embeddable":true,"href":"https:\/\/blogs.correiobraziliense.com.br\/coletivo-filhas-da-mae\/wp-json\/wp\/v2\/users\/126"}],"replies":[{"embeddable":true,"href":"https:\/\/blogs.correiobraziliense.com.br\/coletivo-filhas-da-mae\/wp-json\/wp\/v2\/comments?post=1605"}],"version-history":[{"count":3,"href":"https:\/\/blogs.correiobraziliense.com.br\/coletivo-filhas-da-mae\/wp-json\/wp\/v2\/posts\/1605\/revisions"}],"predecessor-version":[{"id":1608,"href":"https:\/\/blogs.correiobraziliense.com.br\/coletivo-filhas-da-mae\/wp-json\/wp\/v2\/posts\/1605\/revisions\/1608"}],"wp:attachment":[{"href":"https:\/\/blogs.correiobraziliense.com.br\/coletivo-filhas-da-mae\/wp-json\/wp\/v2\/media?parent=1605"}],"wp:term":[{"taxonomy":"category","embeddable":true,"href":"https:\/\/blogs.correiobraziliense.com.br\/coletivo-filhas-da-mae\/wp-json\/wp\/v2\/categories?post=1605"},{"taxonomy":"post_tag","embeddable":true,"href":"https:\/\/blogs.correiobraziliense.com.br\/coletivo-filhas-da-mae\/wp-json\/wp\/v2\/tags?post=1605"}],"curies":[{"name":"wp","href":"https:\/\/api.w.org\/{rel}","templated":true}]}}