{"id":160,"date":"2021-04-19T07:00:26","date_gmt":"2021-04-19T10:00:26","guid":{"rendered":"https:\/\/blogs.correiobraziliense.com.br\/coletivo-filhas-da-mae\/?p=160"},"modified":"2022-08-06T16:37:06","modified_gmt":"2022-08-06T19:37:06","slug":"sorriavoce-esta-sendo-filmado","status":"publish","type":"post","link":"https:\/\/blogs.correiobraziliense.com.br\/coletivo-filhas-da-mae\/2021\/04\/19\/sorriavoce-esta-sendo-filmado\/","title":{"rendered":"Sorria: Voc\u00ea est\u00e1 sendo filmado"},"content":{"rendered":"<p><strong>Ana Castro &amp; Cosette Castro<\/strong><\/p>\n<p>Bras\u00edlia \u2013 C\u00e2meras de seguran\u00e7a e bab\u00e1s eletr\u00f4nicas fazem parte da vida moderna \u00a0e podem \u00a0facilitar a vida das cuidadoras. Tamb\u00e9m \u00a0podem ajudar na melhora do atendimento prestado a pessoas com dem\u00eancia.<\/p>\n<p>Elas permitem acompanhar o trabalho de cuidadoras profissionais, de\u00a0 empresas que terceirizam o cuidado ou mesmo as rotinas de quem ainda n\u00e3o precisa de aten\u00e7\u00e3o 24 horas por dia e pode\u00a0 ficar alguns per\u00edodos s\u00f3 ou com outros familiares.<\/p>\n<p>Decidir monitorar o trabalho de terceiros e a rotina dos pacientes n\u00e3o \u00e9 uma decis\u00e3o f\u00e1cil. Envolve a culpa por invadir a privacidade de outras pessoas. E tamb\u00e9m\u00a0a sensa\u00e7\u00e3o de poder decorrente da fiscaliza\u00e7\u00e3o das a\u00e7\u00f5es alheias, mesmo de longe.<\/p>\n<p>Esses sentimentos contradit\u00f3rios podem ocorrer \u00a0mesmo \u00a0que o ato de vigiar \u00a0seja feito em nome do cuidado com o familiar com dem\u00eancia que j\u00e1 n\u00e3o pode se auto-proteger.\u00a0Mesmo que ocorra \u00a0\u00a0por limita\u00e7\u00f5es da vida profissional, familiar ou por morar longe.<\/p>\n<p>E nem sempre h\u00e1 consenso entre a fam\u00edlia. Por pudor, \u00a0por nega\u00e7\u00e3o da doen\u00e7a ou por outros motivos que est\u00e3o mais ligados a interesses pessoais do que ao cuidado amoroso.<\/p>\n<p>Vale \u00a0lembrar o pioneirismo de Yara Portugal, cuidadora do marido com Alzheimer em Porto Alegre. Al\u00e9m de criar a regional da <a href=\"https:\/\/abraz.org.br\/\">ABRAz<\/a> no Rio Grande do Sul, \u00a0foi uma das primeiras pessoas a escrever sob a \u00f3tica das cuidadoras. Em 2007, ela publicou o livro \u201cDoen\u00e7a do Alzheimer e seu Cuidador\u201d, que ajudou muitas cuidadoras familiares.<\/p>\n<p>Uma das dicas da Dona Yara foi exatamente a ado\u00e7\u00e3o da bab\u00e1 eletr\u00f4nica que, na \u00e9poca, sequer tinha imagem. Por intui\u00e7\u00e3o, ao notar a express\u00e3o de medo do marido, decidiu recorrer \u00e0 tecnologia usada por pais preocupados em ouvir o choro do beb\u00ea. Foi assim que descobriu a rotina de amea\u00e7as a que o marido era submetido.<\/p>\n<p>A viol\u00eancia contra pessoas idosas infelizmente \u00a0\u00e9 comum at\u00e9 hoje. \u00c9 uma triste realidade nacional ao lado da viol\u00eancia contra as <a href=\"https:\/\/www.gov.br\/pt-br\/servicos\/denunciar-violacao-de-direitos-humanos\">crian\u00e7as e adolescentes\u00a0<\/a> e a viol\u00eancia contra as <a href=\"https:\/\/www.gov.br\/pt-br\/servicos\/denunciar-e-buscar-ajuda-a-vitimas-de-violencia-contra-mulheres\">\u00a0mulheres<\/a>. Particularmente em tempos de isolamento social, quando as v\u00edtimas s\u00e3o obrigadas a conviver com os agressores.<\/p>\n<p>Levantamento do Disque 100, n\u00famero destinado a denunciar a viol\u00eancia contra pessoas idosas, revelou que, com a chegada da pandemia, o n\u00famero de casos cresceu de 3 mil em mar\u00e7o para 17 mil em junho de 2020. Quintuplicaram! E esses n\u00fameros mostram apenas os casos que foram denunciados oficialmente. Ou seja, esse n\u00famero pode ser muito maior.<\/p>\n<p>Com rela\u00e7\u00e3o a instalar c\u00e2maras de seguran\u00e7a, n\u00e3o\u00a0importa muito o modelo. Desde que caiba no or\u00e7amento e estejam claros os motivos da decis\u00e3o de monitorar a pessoa enferma.\u00a0 Um sistema de c\u00e2meras em toda a casa, com som, \u00a0vis\u00e3o noturna e grava\u00e7\u00e3o permite acompanhar \u00a0pelo celular \u00a0a rotina das pessoas idosas, inclusive de outras cidades e estados, j\u00e1 que o sistema \u00e9 <em>online<\/em>.<\/p>\n<p>Filhos que moram em outros estados ou pa\u00edses podem ter acesso a todas ou a algumas c\u00e2meras. Mas vale lembrar: a fam\u00edlia, a equipe de cuidadoras profissionais ou a empresa contratada e que terceiriza o servi\u00e7o de cuidado precisam estar cientes, pois \u00e9 ilegal o uso de c\u00e2meras escondidas.<\/p>\n<p>Em termos de cuidado familiar, \u00e9 um divisor de \u00e1guas. A monitora\u00e7\u00e3o permite acompanhar as\u00a0conversas, reduzindo brigas e fofocas entre as cuidadoras profissionais de diferentes turnos, por exemplo.<\/p>\n<p>Tamb\u00e9m \u00e9 poss\u00edvel checar se a rotina estabelecida para os pacientes est\u00e1 sendo cumprida, \u00a0acompanhar a frequ\u00eancia das trocas de fraldas geri\u00e1tricas ou checar o uso de luvas e as medica\u00e7\u00f5es. E no caso de empresas que terceirizam o servi\u00e7o de cuidado, conferir se houve mudan\u00e7a na equipe, sem aviso pr\u00e9vio \u00e0 fam\u00edlia.<\/p>\n<p>A grava\u00e7\u00e3o de imagens pode auxiliar os profissionais da sa\u00fade a avaliar casos de doen\u00e7as em pacientes com dem\u00eancia, como infec\u00e7\u00f5es, convuls\u00f5es, marcha lateral ou dificuldades na alimenta\u00e7\u00e3o. Isso ajuda ainda mais em tempos de pandemia e isolamento social.<\/p>\n<p>\u00c9 importante levar em considera\u00e7\u00e3o a privacidade dos enfermos. Ao instalar c\u00e2meras no banheiro para \u00a0pacientes com certa independ\u00eancia, por exemplo, sugerimos buscar um \u00e2ngulo nas c\u00e2meras que mostre o rosto da pessoa ou o ch\u00e3o. Assim\u00a0 evitamos \u00a0estar no banheiro junto em um momento \u00edntimo, \u00a0como fazer xixi ou coc\u00f4.<\/p>\n<p>Atualmente, as bab\u00e1s eletr\u00f4nicas, pensadas para crian\u00e7as, apresentam diferentes modelos e s\u00e3o de f\u00e1cil uso. \u00a0Muitas t\u00eam alertas para mudan\u00e7a no padr\u00e3o de som, movimentos bruscos do corpo ou urina no colch\u00e3o.<\/p>\n<p>Se olharmos desde o ponto de vista do mercado, h\u00e1 espa\u00e7o para criar equipamentos mais\u00a0 adequados \u00e0s necessidades dos idosos. \u00c9 um mercado a ser explorado diante do acelerado\u00a0 envelhecimento no pa\u00eds\u00a0 e do \u00a0aumento das dem\u00eancias, onde a cada 03 segundos um novo caso \u00e9 diagnosticado no mundo.<\/p>\n<p>Apesar de toda tecnologia dispon\u00edvel, \u00e9 preciso \u00a0que esse acompanhamento seja feito estabelecendo limites, com respeito \u00e0 privacidade. E aceitando que n\u00e3o \u00e9 poss\u00edvel controlar tudo. At\u00e9 porque quando controlamos tanto a vida dos outros (familiares queridos ou outras pessoas na vida p\u00fablica), em geral sobra pouco tempo para olhar para\u00a0nossa pr\u00f3pria vida.<\/p>\n<p>&nbsp;<\/p>\n","protected":false},"excerpt":{"rendered":"<p>Ana Castro &amp; Cosette Castro Bras\u00edlia \u2013 C\u00e2meras de seguran\u00e7a e bab\u00e1s eletr\u00f4nicas fazem parte da vida moderna \u00a0e podem \u00a0facilitar a vida das cuidadoras. Tamb\u00e9m \u00a0podem ajudar na melhora do atendimento prestado a pessoas com dem\u00eancia. Elas permitem acompanhar o trabalho de cuidadoras profissionais, de\u00a0 empresas que terceirizam o cuidado ou mesmo as rotinas de quem ainda n\u00e3o precisa [&hellip;]<\/p>\n","protected":false},"author":126,"featured_media":0,"comment_status":"open","ping_status":"open","sticky":false,"template":"","format":"standard","meta":{"footnotes":""},"categories":[88],"tags":[57,8,90,89,2,20,24,21,7,14,91],"class_list":["post-160","post","type-post","status-publish","format-standard","hentry","category-cameras-de-vigilancia","tag-abraz","tag-alzheimer","tag-babas-eletronicas","tag-cameras-de-vigilancia","tag-cuidado","tag-cuidadoras-familiares","tag-cuidadoras-profissionais","tag-cuidadores-familiares","tag-demencias","tag-direitos-humanos","tag-violencia-contra-pessoa-idosa"],"_links":{"self":[{"href":"https:\/\/blogs.correiobraziliense.com.br\/coletivo-filhas-da-mae\/wp-json\/wp\/v2\/posts\/160","targetHints":{"allow":["GET"]}}],"collection":[{"href":"https:\/\/blogs.correiobraziliense.com.br\/coletivo-filhas-da-mae\/wp-json\/wp\/v2\/posts"}],"about":[{"href":"https:\/\/blogs.correiobraziliense.com.br\/coletivo-filhas-da-mae\/wp-json\/wp\/v2\/types\/post"}],"author":[{"embeddable":true,"href":"https:\/\/blogs.correiobraziliense.com.br\/coletivo-filhas-da-mae\/wp-json\/wp\/v2\/users\/126"}],"replies":[{"embeddable":true,"href":"https:\/\/blogs.correiobraziliense.com.br\/coletivo-filhas-da-mae\/wp-json\/wp\/v2\/comments?post=160"}],"version-history":[{"count":4,"href":"https:\/\/blogs.correiobraziliense.com.br\/coletivo-filhas-da-mae\/wp-json\/wp\/v2\/posts\/160\/revisions"}],"predecessor-version":[{"id":165,"href":"https:\/\/blogs.correiobraziliense.com.br\/coletivo-filhas-da-mae\/wp-json\/wp\/v2\/posts\/160\/revisions\/165"}],"wp:attachment":[{"href":"https:\/\/blogs.correiobraziliense.com.br\/coletivo-filhas-da-mae\/wp-json\/wp\/v2\/media?parent=160"}],"wp:term":[{"taxonomy":"category","embeddable":true,"href":"https:\/\/blogs.correiobraziliense.com.br\/coletivo-filhas-da-mae\/wp-json\/wp\/v2\/categories?post=160"},{"taxonomy":"post_tag","embeddable":true,"href":"https:\/\/blogs.correiobraziliense.com.br\/coletivo-filhas-da-mae\/wp-json\/wp\/v2\/tags?post=160"}],"curies":[{"name":"wp","href":"https:\/\/api.w.org\/{rel}","templated":true}]}}